{"id":6442,"date":"2015-11-03T06:31:43","date_gmt":"2015-11-03T04:31:43","guid":{"rendered":"http:\/\/www.sabine-seyffert.de\/blog\/?p=6442"},"modified":"2017-03-02T11:04:31","modified_gmt":"2017-03-02T09:04:31","slug":"verpackungsidee-herbstlich-verpackt-mit-blaettern-fuchs-und-charme","status":"publish","type":"post","link":"https:\/\/www.sabine-seyffert.de\/blog\/verpackungsidee-herbstlich-verpackt-mit-blaettern-fuchs-und-charme\/","title":{"rendered":"Verpackungsidee: Herbstlich verpackt mit Bl\u00e4ttern, Fuchs und Charme"},"content":{"rendered":"<p style=\"text-align: justify;\"><img loading=\"lazy\" decoding=\"async\" src=\"https:\/\/ssl-vg03.met.vgwort.de\/na\/992ebf18ce93477784c574027db9ae39\" alt=\"\" width=\"1\" height=\"1\" \/>Ein Geburtstagsgeschenk musste verpackt werden. Da es sich hierbei um eine Freundin handelte, sollte die Verpackung nat\u00fcrlich entsprechend aussehen. Warum hierf\u00fcr nicht die wunderbare Jahreszeit, den Herbst, nutzen? Denn mit den herbstlichen Sch\u00e4tzen basteln wir hier immer sehr gerne. Und so hatten wir vor kurzem einen ganzen Schwung an Herbstbl\u00e4ttern gepresst um damit zu Basteln. Eins davon kam f\u00fcr dieses Geschenk wie gerufen!<\/p>\n<p style=\"text-align: center;\"><a href=\"http:\/\/www.sabine-seyffert.de\/blog\/wp-content\/uploads\/2015\/11\/A-4.jpg\"><img loading=\"lazy\" decoding=\"async\" class=\"alignnone size-full wp-image-6443\" src=\"http:\/\/www.sabine-seyffert.de\/blog\/wp-content\/uploads\/2015\/11\/A-4.jpg\" alt=\"A 4\" width=\"800\" height=\"600\" srcset=\"https:\/\/www.sabine-seyffert.de\/blog\/wp-content\/uploads\/2015\/11\/A-4.jpg 800w, https:\/\/www.sabine-seyffert.de\/blog\/wp-content\/uploads\/2015\/11\/A-4-300x225.jpg 300w\" sizes=\"auto, (max-width: 800px) 100vw, 800px\" \/><\/a><\/p>\n<p style=\"text-align: justify;\"><strong>Das wird gebraucht:<\/strong><br \/>\nNaturbraunes Packpapier, ein kleines St\u00fcck cremefarbenes Papier, Klebstoff, Hei\u00dfklebepistole samt Klebepatrone, drei d\u00fcnne Astscheiben, zwei kleine Holzkn\u00f6pfe, etwas Kordel, Buchstabenstempel, ein kleines Stempelkissen, eine Schere, ein gepresstes Herbstblatt<\/p>\n<p style=\"text-align: center;\"><a href=\"http:\/\/www.sabine-seyffert.de\/blog\/wp-content\/uploads\/2015\/11\/A-1.jpg\"><img loading=\"lazy\" decoding=\"async\" class=\"alignnone size-full wp-image-6444\" src=\"http:\/\/www.sabine-seyffert.de\/blog\/wp-content\/uploads\/2015\/11\/A-1.jpg\" alt=\"A 1\" width=\"800\" height=\"600\" srcset=\"https:\/\/www.sabine-seyffert.de\/blog\/wp-content\/uploads\/2015\/11\/A-1.jpg 800w, https:\/\/www.sabine-seyffert.de\/blog\/wp-content\/uploads\/2015\/11\/A-1-300x225.jpg 300w\" sizes=\"auto, (max-width: 800px) 100vw, 800px\" \/><\/a><\/p>\n<p style=\"text-align: justify;\"><strong>So wird\u2019s gemacht:<\/strong><br \/>\nZuerst haben wir das Geschenk in naturfarbenes Packpapier geschlagen. Dann ist ein gro\u00dfes Herbstblatt auf das verpackte Geschenk gewandert. Das l\u00e4sst sich einfach mit etwas Klebstoff darauf befestigen. Aus dem Blatt haben wir einen kleinen \u201eGeburtstagsfuchs\u201c gemacht, in dem wir zwei d\u00fcnne Astscheiben als Augen aufgeklebt haben.<\/p>\n<p style=\"text-align: center;\"><a href=\"http:\/\/www.sabine-seyffert.de\/blog\/wp-content\/uploads\/2015\/11\/A-6.jpg\"><img loading=\"lazy\" decoding=\"async\" class=\"alignnone size-full wp-image-6445\" src=\"http:\/\/www.sabine-seyffert.de\/blog\/wp-content\/uploads\/2015\/11\/A-6.jpg\" alt=\"A 6\" width=\"800\" height=\"602\" srcset=\"https:\/\/www.sabine-seyffert.de\/blog\/wp-content\/uploads\/2015\/11\/A-6.jpg 800w, https:\/\/www.sabine-seyffert.de\/blog\/wp-content\/uploads\/2015\/11\/A-6-300x226.jpg 300w\" sizes=\"auto, (max-width: 800px) 100vw, 800px\" \/><\/a><\/p>\n<p style=\"text-align: justify;\">Damit es noch plastischer wird, hat jedes Auge noch einen kleinen Holzknopf aufgeklebt bekommen. Ganz nach dem Motto \u201eHolzauge sei wachsam\u201c \ud83d\ude42<\/p>\n<p style=\"text-align: center;\"><a href=\"http:\/\/www.sabine-seyffert.de\/blog\/wp-content\/uploads\/2015\/11\/A-5.jpg\"><img loading=\"lazy\" decoding=\"async\" class=\"alignnone size-full wp-image-6446\" src=\"http:\/\/www.sabine-seyffert.de\/blog\/wp-content\/uploads\/2015\/11\/A-5.jpg\" alt=\"A 5\" width=\"800\" height=\"600\" srcset=\"https:\/\/www.sabine-seyffert.de\/blog\/wp-content\/uploads\/2015\/11\/A-5.jpg 800w, https:\/\/www.sabine-seyffert.de\/blog\/wp-content\/uploads\/2015\/11\/A-5-300x225.jpg 300w\" sizes=\"auto, (max-width: 800px) 100vw, 800px\" \/><\/a><\/p>\n<p style=\"text-align: justify;\">F\u00fcr die Fuchsnase haben wir Kordel in kleinere St\u00fccke geschnitten und mittig die dritte Astscheibe dr\u00fcber geklebt. Am schnellsten geht dies mit Hei\u00dfkleber, dann h\u00e4lt es auch wirklich fest.<\/p>\n<p style=\"text-align: center;\"><a href=\"http:\/\/www.sabine-seyffert.de\/blog\/wp-content\/uploads\/2015\/11\/A-10.jpg\"><img loading=\"lazy\" decoding=\"async\" class=\"alignnone size-full wp-image-6447\" src=\"http:\/\/www.sabine-seyffert.de\/blog\/wp-content\/uploads\/2015\/11\/A-10.jpg\" alt=\"A 10\" width=\"800\" height=\"600\" srcset=\"https:\/\/www.sabine-seyffert.de\/blog\/wp-content\/uploads\/2015\/11\/A-10.jpg 800w, https:\/\/www.sabine-seyffert.de\/blog\/wp-content\/uploads\/2015\/11\/A-10-300x225.jpg 300w\" sizes=\"auto, (max-width: 800px) 100vw, 800px\" \/><\/a><\/p>\n<p style=\"text-align: justify;\">Erst wollte ich den langen Stiel vom Blatt abschneiden. Aber da kam mir spontan die Idee, diesen als Aufh\u00e4ngung f\u00fcr kleine Wimpel zu nutzen. Die haben wir n\u00e4mlich noch aus naturfarbenem Papier geschnitten und diese mit Buchstaben versehen.<\/p>\n<p style=\"text-align: center;\"><a href=\"http:\/\/www.sabine-seyffert.de\/blog\/wp-content\/uploads\/2015\/11\/A-7.jpg\"><img loading=\"lazy\" decoding=\"async\" class=\"alignnone size-full wp-image-6448\" src=\"http:\/\/www.sabine-seyffert.de\/blog\/wp-content\/uploads\/2015\/11\/A-7.jpg\" alt=\"A 7\" width=\"800\" height=\"600\" srcset=\"https:\/\/www.sabine-seyffert.de\/blog\/wp-content\/uploads\/2015\/11\/A-7.jpg 800w, https:\/\/www.sabine-seyffert.de\/blog\/wp-content\/uploads\/2015\/11\/A-7-300x225.jpg 300w\" sizes=\"auto, (max-width: 800px) 100vw, 800px\" \/><\/a><\/p>\n<p style=\"text-align: justify;\">Zusammengesetzt ergeben die Wimpel den Namen des Geburtstagskindes. Die fertigen Wimpel kann man dann ganz leicht mit etwas Klebstift um den Blattstiel kleben. Und fertig ist das rundum nat\u00fcrlich verpackte Geschenk!<\/p>\n<p style=\"text-align: center;\"><a href=\"http:\/\/www.sabine-seyffert.de\/blog\/wp-content\/uploads\/2015\/11\/A-9.jpg\"><img loading=\"lazy\" decoding=\"async\" class=\"alignnone size-full wp-image-6450\" src=\"http:\/\/www.sabine-seyffert.de\/blog\/wp-content\/uploads\/2015\/11\/A-9.jpg\" alt=\"A 9\" width=\"800\" height=\"600\" srcset=\"https:\/\/www.sabine-seyffert.de\/blog\/wp-content\/uploads\/2015\/11\/A-9.jpg 800w, https:\/\/www.sabine-seyffert.de\/blog\/wp-content\/uploads\/2015\/11\/A-9-300x225.jpg 300w\" sizes=\"auto, (max-width: 800px) 100vw, 800px\" \/><\/a><\/p>\n<p style=\"text-align: justify;\">Wenn Ihr weitere Anregungen f\u00fcr pfiffige Verpackungen sucht, schaut doch einfach mal die <a href=\"http:\/\/www.sabine-seyffert.de\/blog\/?s=verpackt\" target=\"_blank\">folgenden Ideen<\/a> durch. Da werdet Ihr mit Sicherheit f\u00fcndig. Und andere kreative Sachen tummeln sich wie jeden Dienstag <a href=\"http:\/\/www.creadienstag.de\/2015\/10\/200.html\" target=\"_blank\">dort<\/a> und auch an <a href=\"http:\/\/www.kiddikram.blogspot.de\" target=\"_blank\">dieser<\/a> Stelle!<\/p>\n<p style=\"text-align: justify;\"><a href=\"http:\/\/www.sabine-seyffert.de\/blog\/wp-content\/uploads\/2015\/11\/A-11.jpg\"><img loading=\"lazy\" decoding=\"async\" class=\"alignnone size-full wp-image-6449\" src=\"http:\/\/www.sabine-seyffert.de\/blog\/wp-content\/uploads\/2015\/11\/A-11.jpg\" alt=\"A 11\" width=\"800\" height=\"600\" srcset=\"https:\/\/www.sabine-seyffert.de\/blog\/wp-content\/uploads\/2015\/11\/A-11.jpg 800w, https:\/\/www.sabine-seyffert.de\/blog\/wp-content\/uploads\/2015\/11\/A-11-300x225.jpg 300w\" sizes=\"auto, (max-width: 800px) 100vw, 800px\" \/><\/a><\/p>\n<p style=\"text-align: justify;\"><a href=\"http:\/\/www.sabine-seyffert.de\/blog\/?page_id=32#urheberrecht\">urheberrechtlich gesch\u00fctzt<\/a>, \u00a9 Sabine Seyffert<\/p>\n","protected":false},"excerpt":{"rendered":"<p>Ein Geburtstagsgeschenk musste verpackt werden. Da es sich hierbei um eine Freundin handelte, sollte die Verpackung nat\u00fcrlich entsprechend aussehen. Warum hierf\u00fcr nicht die wunderbare Jahreszeit, den Herbst, nutzen? Denn mit den herbstlichen Sch\u00e4tzen basteln wir hier immer sehr gerne. Und so hatten wir vor kurzem einen ganzen Schwung an Herbstbl\u00e4ttern gepresst um damit zu Basteln&#8230;. <a href=\"https:\/\/www.sabine-seyffert.de\/blog\/verpackungsidee-herbstlich-verpackt-mit-blaettern-fuchs-und-charme\/\" class=\"more-link\">Read more: Verpackungsidee: Herbstlich verpackt mit Bl\u00e4ttern, Fuchs und Charme<\/a><\/p>\n","protected":false},"author":2,"featured_media":6448,"comment_status":"open","ping_status":"open","sticky":false,"template":"","format":"standard","meta":{"_metis_text_type":"","_metis_text_length":2133,"_post_count":0,"footnotes":""},"categories":[32,45,49,25],"tags":[],"class_list":["post-6442","post","type-post","status-publish","format-standard","has-post-thumbnail","hentry","category-kreatives-fur-kleine-kinderhande","category-fuchsgeburtstag","category-verpackungsideen","category-herbst"],"_links":{"self":[{"href":"https:\/\/www.sabine-seyffert.de\/blog\/wp-json\/wp\/v2\/posts\/6442","targetHints":{"allow":["GET"]}}],"collection":[{"href":"https:\/\/www.sabine-seyffert.de\/blog\/wp-json\/wp\/v2\/posts"}],"about":[{"href":"https:\/\/www.sabine-seyffert.de\/blog\/wp-json\/wp\/v2\/types\/post"}],"author":[{"embeddable":true,"href":"https:\/\/www.sabine-seyffert.de\/blog\/wp-json\/wp\/v2\/users\/2"}],"replies":[{"embeddable":true,"href":"https:\/\/www.sabine-seyffert.de\/blog\/wp-json\/wp\/v2\/comments?post=6442"}],"version-history":[{"count":4,"href":"https:\/\/www.sabine-seyffert.de\/blog\/wp-json\/wp\/v2\/posts\/6442\/revisions"}],"predecessor-version":[{"id":6454,"href":"https:\/\/www.sabine-seyffert.de\/blog\/wp-json\/wp\/v2\/posts\/6442\/revisions\/6454"}],"wp:featuredmedia":[{"embeddable":true,"href":"https:\/\/www.sabine-seyffert.de\/blog\/wp-json\/wp\/v2\/media\/6448"}],"wp:attachment":[{"href":"https:\/\/www.sabine-seyffert.de\/blog\/wp-json\/wp\/v2\/media?parent=6442"}],"wp:term":[{"taxonomy":"category","embeddable":true,"href":"https:\/\/www.sabine-seyffert.de\/blog\/wp-json\/wp\/v2\/categories?post=6442"},{"taxonomy":"post_tag","embeddable":true,"href":"https:\/\/www.sabine-seyffert.de\/blog\/wp-json\/wp\/v2\/tags?post=6442"}],"curies":[{"name":"wp","href":"https:\/\/api.w.org\/{rel}","templated":true}]}}