{"id":6414,"date":"2015-10-27T06:51:30","date_gmt":"2015-10-27T04:51:30","guid":{"rendered":"http:\/\/www.sabine-seyffert.de\/blog\/?p=6414"},"modified":"2018-10-26T10:03:08","modified_gmt":"2018-10-26T08:03:08","slug":"diy-einmal-im-leben-durch-wuppertal-schweben-wir-basteln-eine-laterne","status":"publish","type":"post","link":"https:\/\/www.sabine-seyffert.de\/blog\/diy-einmal-im-leben-durch-wuppertal-schweben-wir-basteln-eine-laterne\/","title":{"rendered":"DIY: Einmal im Leben durch Wuppertal schweben \u2013 wir basteln eine Laterne"},"content":{"rendered":"<p style=\"text-align: justify;\"><img loading=\"lazy\" decoding=\"async\" src=\"https:\/\/ssl-vg03.met.vgwort.de\/na\/d902d0807a814503b03e7daf7564dcff\" alt=\"\" width=\"1\" height=\"1\" \/>Die Laternenzeit ist f\u00fcr mich eine der sch\u00f6nsten Zeiten im ganzen Jahr. Zum einen weil so viele tolle Kinderheitserinnerungen damit verbunden sind, aber auch weil ich die Stimmung sehr mag, wenn die bunten Laternen in der Dunkelheit strahlen und nicht nur die kleinen Kinderaugen zum Leuchten bringen.<\/p>\n<p style=\"text-align: center;\"><a href=\"http:\/\/www.sabine-seyffert.de\/blog\/wp-content\/uploads\/2015\/10\/Laterne-Schwebebahn.jpg\"><img loading=\"lazy\" decoding=\"async\" class=\"alignnone size-full wp-image-8710\" src=\"http:\/\/www.sabine-seyffert.de\/blog\/wp-content\/uploads\/2015\/10\/Laterne-Schwebebahn.jpg\" alt=\"laterne-schwebebahn\" width=\"800\" height=\"600\" srcset=\"https:\/\/www.sabine-seyffert.de\/blog\/wp-content\/uploads\/2015\/10\/Laterne-Schwebebahn.jpg 800w, https:\/\/www.sabine-seyffert.de\/blog\/wp-content\/uploads\/2015\/10\/Laterne-Schwebebahn-300x225.jpg 300w, https:\/\/www.sabine-seyffert.de\/blog\/wp-content\/uploads\/2015\/10\/Laterne-Schwebebahn-768x576.jpg 768w\" sizes=\"auto, (max-width: 800px) 100vw, 800px\" \/><\/a><\/p>\n<p style=\"text-align: justify;\">Daher werden bei uns Jahr um Jahr flei\u00dfig Laternen gebastelt. Und da es in unserer <a href=\"https:\/\/www.wuppertal.de\/tourismus-freizeit\/stadtportrait\/index.php?popup=imgZoom&amp;imgID=102370100000150909\" target=\"_blank\" rel=\"noopener\">Stadt<\/a> ein ganz besonderes Verkehrsmittel gibt, habe ich mir spontan gedacht, einfach mal eine Schwebebahnlaterne zu gestalten.<\/p>\n<p style=\"text-align: center;\"><a href=\"http:\/\/www.sabine-seyffert.de\/blog\/wp-content\/uploads\/2015\/10\/Laterne-Schwebebahn-0.jpg\"><img loading=\"lazy\" decoding=\"async\" class=\"alignnone size-full wp-image-8712\" src=\"http:\/\/www.sabine-seyffert.de\/blog\/wp-content\/uploads\/2015\/10\/Laterne-Schwebebahn-0.jpg\" alt=\"laterne-schwebebahn-0\" width=\"800\" height=\"600\" srcset=\"https:\/\/www.sabine-seyffert.de\/blog\/wp-content\/uploads\/2015\/10\/Laterne-Schwebebahn-0.jpg 800w, https:\/\/www.sabine-seyffert.de\/blog\/wp-content\/uploads\/2015\/10\/Laterne-Schwebebahn-0-300x225.jpg 300w, https:\/\/www.sabine-seyffert.de\/blog\/wp-content\/uploads\/2015\/10\/Laterne-Schwebebahn-0-768x576.jpg 768w\" sizes=\"auto, (max-width: 800px) 100vw, 800px\" \/><\/a><\/p>\n<p style=\"text-align: justify;\"><strong>Das wird gebraucht:<\/strong><br \/>\n1 Liter Milchkartonage, eine Schere, doppelseitiges Klebeband, orangefarbenes und blaues Tonpapier, ein Bastelmesser bzw. Cutter, wei\u00dfes Transparentpapier, eine Lochzange und d\u00fcnnen Draht oder Kordel<\/p>\n<p style=\"text-align: center;\"><a href=\"http:\/\/www.sabine-seyffert.de\/blog\/wp-content\/uploads\/2015\/10\/Laterne-Schwebebahn-6.jpg\"><img loading=\"lazy\" decoding=\"async\" class=\"alignnone size-full wp-image-8713\" src=\"http:\/\/www.sabine-seyffert.de\/blog\/wp-content\/uploads\/2015\/10\/Laterne-Schwebebahn-6.jpg\" alt=\"laterne-schwebebahn-6\" width=\"800\" height=\"600\" srcset=\"https:\/\/www.sabine-seyffert.de\/blog\/wp-content\/uploads\/2015\/10\/Laterne-Schwebebahn-6.jpg 800w, https:\/\/www.sabine-seyffert.de\/blog\/wp-content\/uploads\/2015\/10\/Laterne-Schwebebahn-6-300x225.jpg 300w, https:\/\/www.sabine-seyffert.de\/blog\/wp-content\/uploads\/2015\/10\/Laterne-Schwebebahn-6-768x576.jpg 768w\" sizes=\"auto, (max-width: 800px) 100vw, 800px\" \/><\/a><\/p>\n<p style=\"text-align: justify;\"><strong>So wird\u2019s gemacht:<\/strong><br \/>\nF\u00fcr diese Laterne habe ich ausnahmsweise die Milch, statt in einer Pfandflasche, mal in einem Karton gekauft. Diesen sp\u00fclt man gr\u00fcndlich aus und l\u00e4sst ihn gut trocknen. Die Kanten werden allesamt mit doppelseitigem Klebeband versehen.<\/p>\n<p style=\"text-align: center;\"><a href=\"http:\/\/www.sabine-seyffert.de\/blog\/wp-content\/uploads\/2015\/10\/Laterne-Schwebebahn-4.jpg\"><img loading=\"lazy\" decoding=\"async\" class=\"alignnone size-full wp-image-8715\" src=\"http:\/\/www.sabine-seyffert.de\/blog\/wp-content\/uploads\/2015\/10\/Laterne-Schwebebahn-4.jpg\" alt=\"laterne-schwebebahn-4\" width=\"800\" height=\"600\" srcset=\"https:\/\/www.sabine-seyffert.de\/blog\/wp-content\/uploads\/2015\/10\/Laterne-Schwebebahn-4.jpg 800w, https:\/\/www.sabine-seyffert.de\/blog\/wp-content\/uploads\/2015\/10\/Laterne-Schwebebahn-4-300x225.jpg 300w, https:\/\/www.sabine-seyffert.de\/blog\/wp-content\/uploads\/2015\/10\/Laterne-Schwebebahn-4-768x576.jpg 768w\" sizes=\"auto, (max-width: 800px) 100vw, 800px\" \/><\/a><\/p>\n<p style=\"text-align: justify;\">Anschlie\u00dfend schneidet man aus dem orangefarbenen Tonpapier eine Banderole, die man \u00fcber den gesamten Milchkarton klebt. F\u00fcr den oberen Teil trennt man ein St\u00fcck Karton heraus, so dass sich ein Teelicht hineinstellen kann oder eine gro\u00dfe \u00d6ffnung f\u00fcr die Gl\u00fchbirne entsteht.<\/p>\n<p style=\"text-align: center;\"><a href=\"http:\/\/www.sabine-seyffert.de\/blog\/wp-content\/uploads\/2015\/10\/Laterne-Schwebebahn-5.jpg\"><img loading=\"lazy\" decoding=\"async\" class=\"alignnone size-full wp-image-8716\" src=\"http:\/\/www.sabine-seyffert.de\/blog\/wp-content\/uploads\/2015\/10\/Laterne-Schwebebahn-5.jpg\" alt=\"laterne-schwebebahn-5\" width=\"800\" height=\"600\" srcset=\"https:\/\/www.sabine-seyffert.de\/blog\/wp-content\/uploads\/2015\/10\/Laterne-Schwebebahn-5.jpg 800w, https:\/\/www.sabine-seyffert.de\/blog\/wp-content\/uploads\/2015\/10\/Laterne-Schwebebahn-5-300x225.jpg 300w, https:\/\/www.sabine-seyffert.de\/blog\/wp-content\/uploads\/2015\/10\/Laterne-Schwebebahn-5-768x576.jpg 768w\" sizes=\"auto, (max-width: 800px) 100vw, 800px\" \/><\/a><\/p>\n<p style=\"text-align: justify;\">F\u00fcr die Fensterfront haben wir 2 blaue Rechtrecke geschnitten und Fenster hineingeritzt. Diese wurden mit wei\u00dfem Transparentpapier hinterklebt. Daf\u00fcr muss die Laterne auch an zwei Seiten so eingeschnitten werden, dass man die Fenster darauf kleben kann und das Kerzenlicht durchschimmert.<\/p>\n<p style=\"text-align: center;\"><a href=\"http:\/\/www.sabine-seyffert.de\/blog\/wp-content\/uploads\/2015\/10\/Laterne-Schwebebahn-3.jpg\"><img loading=\"lazy\" decoding=\"async\" class=\"alignnone size-full wp-image-8717\" src=\"http:\/\/www.sabine-seyffert.de\/blog\/wp-content\/uploads\/2015\/10\/Laterne-Schwebebahn-3.jpg\" alt=\"laterne-schwebebahn-3\" width=\"800\" height=\"600\" srcset=\"https:\/\/www.sabine-seyffert.de\/blog\/wp-content\/uploads\/2015\/10\/Laterne-Schwebebahn-3.jpg 800w, https:\/\/www.sabine-seyffert.de\/blog\/wp-content\/uploads\/2015\/10\/Laterne-Schwebebahn-3-300x225.jpg 300w, https:\/\/www.sabine-seyffert.de\/blog\/wp-content\/uploads\/2015\/10\/Laterne-Schwebebahn-3-768x576.jpg 768w\" sizes=\"auto, (max-width: 800px) 100vw, 800px\" \/><\/a><\/p>\n<p style=\"text-align: justify;\">Mittig haben wir aus naturfarbener Wellpappe den \u201ebeweglichen Teil\u201c der Schwebebahn gestaltet. Schlie\u00dflich sollte die Laterne der Schwebebahn m\u00f6glichst \u00e4hnlich sehen.<\/p>\n<p style=\"text-align: center;\"><a href=\"http:\/\/www.sabine-seyffert.de\/blog\/wp-content\/uploads\/2015\/10\/Laterne-Schwebebahn-9.jpg\"><img loading=\"lazy\" decoding=\"async\" class=\"alignnone size-full wp-image-8718\" src=\"http:\/\/www.sabine-seyffert.de\/blog\/wp-content\/uploads\/2015\/10\/Laterne-Schwebebahn-9.jpg\" alt=\"laterne-schwebebahn-9\" width=\"600\" height=\"800\" srcset=\"https:\/\/www.sabine-seyffert.de\/blog\/wp-content\/uploads\/2015\/10\/Laterne-Schwebebahn-9.jpg 600w, https:\/\/www.sabine-seyffert.de\/blog\/wp-content\/uploads\/2015\/10\/Laterne-Schwebebahn-9-225x300.jpg 225w\" sizes=\"auto, (max-width: 600px) 100vw, 600px\" \/><\/a><\/p>\n<p style=\"text-align: justify;\">Auch an die Fahrerkabine haben wir gedacht und f\u00fcr diese am vorderen Teil ebenfalls ein Fenster aus Transparentpapier eingesetzt.<\/p>\n<p style=\"text-align: center;\"><a href=\"http:\/\/www.sabine-seyffert.de\/blog\/wp-content\/uploads\/2015\/10\/Laterne-Schwebebahn-1.jpg\"><img loading=\"lazy\" decoding=\"async\" class=\"alignnone size-full wp-image-8719\" src=\"http:\/\/www.sabine-seyffert.de\/blog\/wp-content\/uploads\/2015\/10\/Laterne-Schwebebahn-1.jpg\" alt=\"laterne-schwebebahn-1\" width=\"800\" height=\"600\" srcset=\"https:\/\/www.sabine-seyffert.de\/blog\/wp-content\/uploads\/2015\/10\/Laterne-Schwebebahn-1.jpg 800w, https:\/\/www.sabine-seyffert.de\/blog\/wp-content\/uploads\/2015\/10\/Laterne-Schwebebahn-1-300x225.jpg 300w, https:\/\/www.sabine-seyffert.de\/blog\/wp-content\/uploads\/2015\/10\/Laterne-Schwebebahn-1-768x576.jpg 768w\" sizes=\"auto, (max-width: 800px) 100vw, 800px\" \/><\/a><\/p>\n<p style=\"text-align: justify;\">Ganz zum Schluss locht man an den oberen Kanten beidseitig zwei kleine L\u00f6cher hinein und zieht den Draht hindurch, um eine Aufh\u00e4ngung zu bekommen.<\/p>\n<p style=\"text-align: center;\"><a href=\"http:\/\/www.sabine-seyffert.de\/blog\/wp-content\/uploads\/2015\/10\/Laterne-Schwebebahn-2.jpg\"><img loading=\"lazy\" decoding=\"async\" class=\"alignnone size-full wp-image-8720\" src=\"http:\/\/www.sabine-seyffert.de\/blog\/wp-content\/uploads\/2015\/10\/Laterne-Schwebebahn-2.jpg\" alt=\"laterne-schwebebahn-2\" width=\"800\" height=\"600\" srcset=\"https:\/\/www.sabine-seyffert.de\/blog\/wp-content\/uploads\/2015\/10\/Laterne-Schwebebahn-2.jpg 800w, https:\/\/www.sabine-seyffert.de\/blog\/wp-content\/uploads\/2015\/10\/Laterne-Schwebebahn-2-300x225.jpg 300w, https:\/\/www.sabine-seyffert.de\/blog\/wp-content\/uploads\/2015\/10\/Laterne-Schwebebahn-2-768x576.jpg 768w\" sizes=\"auto, (max-width: 800px) 100vw, 800px\" \/><\/a><\/p>\n<p style=\"text-align: justify;\">Jetzt schwebt die einzigartige Laterne durch den abendlichen Himmel und begleitet uns durch die Laternenzeit\u2026<\/p>\n<p style=\"text-align: center;\"><a href=\"http:\/\/www.sabine-seyffert.de\/blog\/wp-content\/uploads\/2015\/10\/Laterne-Schwebebahn-10.jpg\"><img loading=\"lazy\" decoding=\"async\" class=\"alignnone size-full wp-image-8721\" src=\"http:\/\/www.sabine-seyffert.de\/blog\/wp-content\/uploads\/2015\/10\/Laterne-Schwebebahn-10.jpg\" alt=\"laterne-schwebebahn-10\" width=\"600\" height=\"800\" srcset=\"https:\/\/www.sabine-seyffert.de\/blog\/wp-content\/uploads\/2015\/10\/Laterne-Schwebebahn-10.jpg 600w, https:\/\/www.sabine-seyffert.de\/blog\/wp-content\/uploads\/2015\/10\/Laterne-Schwebebahn-10-225x300.jpg 225w\" sizes=\"auto, (max-width: 600px) 100vw, 600px\" \/><\/a><\/p>\n<p style=\"text-align: justify;\">Wer auf der Suche nach weiteren pfiffigen Laternen ist, findet hier den <a href=\"http:\/\/www.sabine-seyffert.de\/blog\/?p=4809\" target=\"_blank\" rel=\"noopener\">leuchtenden Fuchs<\/a>, da die <a href=\"http:\/\/www.sabine-seyffert.de\/blog\/?p=3017\" target=\"_blank\" rel=\"noopener\">Pinguin Laterne<\/a>, den <a href=\"http:\/\/www.sabine-seyffert.de\/blog\/?p=4778\" target=\"_blank\" rel=\"noopener\">Froschk\u00f6nig<\/a> oder auch dem <a href=\"http:\/\/www.sabine-seyffert.de\/blog\/?p=3082\" target=\"_blank\" rel=\"noopener\">Gl\u00fccksk\u00e4fer<\/a>. Im letzten Jahr haben wir auch <a href=\"http:\/\/www.sabine-seyffert.de\/blog\/?p=4912\" target=\"_blank\" rel=\"noopener\">Weckm\u00e4nner<\/a> selbst gebacken. Und wer noch andere kreative Ideen sucht wird <a href=\"http:\/\/www.creadienstag.de\/2015\/10\/199.html\" target=\"_blank\" rel=\"noopener\">hier<\/a> oder <a href=\"http:\/\/kiddikram.blogspot.de\/2015\/10\/kiddikram-oktober-2015.html\" target=\"_blank\" rel=\"noopener\">dort <\/a>f\u00fcndig.<\/p>\n<p style=\"text-align: justify;\"><a href=\"http:\/\/www.sabine-seyffert.de\/blog\/?page_id=32#urheberrecht\">urheberrechtlich gesch\u00fctzt<\/a>, \u00a9 Sabine Seyffert<\/p>\n","protected":false},"excerpt":{"rendered":"<p>Die Laternenzeit ist f\u00fcr mich eine der sch\u00f6nsten Zeiten im ganzen Jahr. Zum einen weil so viele tolle Kinderheitserinnerungen damit verbunden sind, aber auch weil ich die Stimmung sehr mag, wenn die bunten Laternen in der Dunkelheit strahlen und nicht nur die kleinen Kinderaugen zum Leuchten bringen. Daher werden bei uns Jahr um Jahr flei\u00dfig&#8230; <a href=\"https:\/\/www.sabine-seyffert.de\/blog\/diy-einmal-im-leben-durch-wuppertal-schweben-wir-basteln-eine-laterne\/\" class=\"more-link\">Read more: DIY: Einmal im Leben durch Wuppertal schweben \u2013 wir basteln eine Laterne<\/a><\/p>\n","protected":false},"author":2,"featured_media":6422,"comment_status":"open","ping_status":"open","sticky":false,"template":"","format":"standard","meta":{"_metis_text_type":"","_metis_text_length":2434,"_post_count":0,"footnotes":""},"categories":[32,25,54,47],"tags":[],"class_list":["post-6414","post","type-post","status-publish","format-standard","has-post-thumbnail","hentry","category-kreatives-fur-kleine-kinderhande","category-herbst","category-laterne-co","category-upcyceltes"],"_links":{"self":[{"href":"https:\/\/www.sabine-seyffert.de\/blog\/wp-json\/wp\/v2\/posts\/6414","targetHints":{"allow":["GET"]}}],"collection":[{"href":"https:\/\/www.sabine-seyffert.de\/blog\/wp-json\/wp\/v2\/posts"}],"about":[{"href":"https:\/\/www.sabine-seyffert.de\/blog\/wp-json\/wp\/v2\/types\/post"}],"author":[{"embeddable":true,"href":"https:\/\/www.sabine-seyffert.de\/blog\/wp-json\/wp\/v2\/users\/2"}],"replies":[{"embeddable":true,"href":"https:\/\/www.sabine-seyffert.de\/blog\/wp-json\/wp\/v2\/comments?post=6414"}],"version-history":[{"count":6,"href":"https:\/\/www.sabine-seyffert.de\/blog\/wp-json\/wp\/v2\/posts\/6414\/revisions"}],"predecessor-version":[{"id":13506,"href":"https:\/\/www.sabine-seyffert.de\/blog\/wp-json\/wp\/v2\/posts\/6414\/revisions\/13506"}],"wp:featuredmedia":[{"embeddable":true,"href":"https:\/\/www.sabine-seyffert.de\/blog\/wp-json\/wp\/v2\/media\/6422"}],"wp:attachment":[{"href":"https:\/\/www.sabine-seyffert.de\/blog\/wp-json\/wp\/v2\/media?parent=6414"}],"wp:term":[{"taxonomy":"category","embeddable":true,"href":"https:\/\/www.sabine-seyffert.de\/blog\/wp-json\/wp\/v2\/categories?post=6414"},{"taxonomy":"post_tag","embeddable":true,"href":"https:\/\/www.sabine-seyffert.de\/blog\/wp-json\/wp\/v2\/tags?post=6414"}],"curies":[{"name":"wp","href":"https:\/\/api.w.org\/{rel}","templated":true}]}}