{"id":6397,"date":"2015-10-23T17:10:27","date_gmt":"2015-10-23T15:10:27","guid":{"rendered":"http:\/\/www.sabine-seyffert.de\/blog\/?p=6397"},"modified":"2018-06-26T17:13:49","modified_gmt":"2018-06-26T15:13:49","slug":"ein-bauernhof-mit-tieren-ein-kraeutergarten-ein-hofladen-ein-cafe-und-viel-gruen","status":"publish","type":"post","link":"https:\/\/www.sabine-seyffert.de\/blog\/ein-bauernhof-mit-tieren-ein-kraeutergarten-ein-hofladen-ein-cafe-und-viel-gruen\/","title":{"rendered":"Ein Bauernhof mit Tieren, ein Kr\u00e4utergarten, ein Hofladen, ein Caf\u00e9 und viel Gr\u00fcn"},"content":{"rendered":"<p style=\"text-align: justify;\"><img loading=\"lazy\" decoding=\"async\" src=\"https:\/\/ssl-vg03.met.vgwort.de\/na\/8375f460c9fb479d8b62d5a7d742c594\" alt=\"\" width=\"1\" height=\"1\" \/>Im Herbst nutzen wir jeden regenfreien Tag f\u00fcr kleine Auszeiten an der frischen Luft. So haben wir uns auf den Weg nach D\u00fcsseldorf gemacht. Dort ging es in den <a href=\"https:\/\/www.duesseldorf.de\/stadtgruen\/park\/suedpark\/index.shtml\" target=\"_blank\" rel=\"noopener\">S\u00fcdpark<\/a>, den wir des \u00d6fteren f\u00fcr spontane <a href=\"http:\/\/www.sabine-seyffert.de\/blog\/?cat=39\" target=\"_blank\" rel=\"noopener\">Ausfl\u00fcge<\/a> in der n\u00e4heren Umgebung nutzen.<\/p>\n<p style=\"text-align: center;\"><a href=\"http:\/\/www.sabine-seyffert.de\/blog\/wp-content\/uploads\/2015\/10\/Rad.jpg\"><img loading=\"lazy\" decoding=\"async\" class=\"alignnone size-full wp-image-6398\" src=\"http:\/\/www.sabine-seyffert.de\/blog\/wp-content\/uploads\/2015\/10\/Rad.jpg\" alt=\"Rad\" width=\"600\" height=\"800\" srcset=\"https:\/\/www.sabine-seyffert.de\/blog\/wp-content\/uploads\/2015\/10\/Rad.jpg 600w, https:\/\/www.sabine-seyffert.de\/blog\/wp-content\/uploads\/2015\/10\/Rad-225x300.jpg 225w\" sizes=\"auto, (max-width: 600px) 100vw, 600px\" \/><\/a><\/p>\n<p style=\"text-align: justify;\">Die Kinder marschierten schnurstracks zum Bauernhof um sich dort erst einmal mit Tierfutter einzudecken, das man dort an einem Automaten ziehen kann. Mit dem Futter ging es dann zur\u00fcck zur gro\u00dfen Weide auf der allerhand hungrige Schafe zu finden waren.<\/p>\n<p style=\"text-align: center;\"><a href=\"http:\/\/www.sabine-seyffert.de\/blog\/wp-content\/uploads\/2015\/10\/F\u00fcttern.jpg\"><img loading=\"lazy\" decoding=\"async\" class=\"alignnone size-full wp-image-6399\" src=\"http:\/\/www.sabine-seyffert.de\/blog\/wp-content\/uploads\/2015\/10\/F\u00fcttern.jpg\" alt=\"F\u00fcttern\" width=\"800\" height=\"600\" srcset=\"https:\/\/www.sabine-seyffert.de\/blog\/wp-content\/uploads\/2015\/10\/F\u00fcttern.jpg 800w, https:\/\/www.sabine-seyffert.de\/blog\/wp-content\/uploads\/2015\/10\/F\u00fcttern-300x225.jpg 300w\" sizes=\"auto, (max-width: 800px) 100vw, 800px\" \/><\/a><\/p>\n<p style=\"text-align: justify;\">Au\u00dfer den Schafen findet man auf dem kleinen Bauernhof noch Schweine, Ziegen, Esel, H\u00fchner, Kaninchen und sogar einen Bienenhaus.<\/p>\n<p style=\"text-align: center;\"><a href=\"http:\/\/www.sabine-seyffert.de\/blog\/wp-content\/uploads\/2015\/10\/Bauernhof.jpg\"><img loading=\"lazy\" decoding=\"async\" class=\"alignnone size-full wp-image-6400\" src=\"http:\/\/www.sabine-seyffert.de\/blog\/wp-content\/uploads\/2015\/10\/Bauernhof.jpg\" alt=\"Bauernhof\" width=\"800\" height=\"601\" srcset=\"https:\/\/www.sabine-seyffert.de\/blog\/wp-content\/uploads\/2015\/10\/Bauernhof.jpg 800w, https:\/\/www.sabine-seyffert.de\/blog\/wp-content\/uploads\/2015\/10\/Bauernhof-300x225.jpg 300w\" sizes=\"auto, (max-width: 800px) 100vw, 800px\" \/><\/a><\/p>\n<p style=\"text-align: justify;\">Genau mittendurch f\u00fchrt ein kleiner Rundweg, so dass man an allen Tieren vorbei kommt und zu guter Letzt durch den Kr\u00e4utergarten gelangt.<\/p>\n<p style=\"text-align: center;\"><a href=\"http:\/\/www.sabine-seyffert.de\/blog\/wp-content\/uploads\/2015\/10\/Huhn.jpg\"><img loading=\"lazy\" decoding=\"async\" class=\"alignnone size-full wp-image-6401\" src=\"http:\/\/www.sabine-seyffert.de\/blog\/wp-content\/uploads\/2015\/10\/Huhn.jpg\" alt=\"Huhn\" width=\"800\" height=\"600\" srcset=\"https:\/\/www.sabine-seyffert.de\/blog\/wp-content\/uploads\/2015\/10\/Huhn.jpg 800w, https:\/\/www.sabine-seyffert.de\/blog\/wp-content\/uploads\/2015\/10\/Huhn-300x225.jpg 300w\" sizes=\"auto, (max-width: 800px) 100vw, 800px\" \/><\/a><\/p>\n<p style=\"text-align: justify;\">Jetzt im Oktober sind die Beete nat\u00fcrlich \u00fcberschaubar. Unter anderem haben wir noch Mangold, Sellerie und Knoblauch-Schnittlauch entdecken k\u00f6nnen.<\/p>\n<p style=\"text-align: center;\"><a href=\"http:\/\/www.sabine-seyffert.de\/blog\/wp-content\/uploads\/2015\/10\/Haus-mit-Garten.jpg\"><img loading=\"lazy\" decoding=\"async\" class=\"alignnone size-full wp-image-6402\" src=\"http:\/\/www.sabine-seyffert.de\/blog\/wp-content\/uploads\/2015\/10\/Haus-mit-Garten.jpg\" alt=\"Haus mit Garten\" width=\"600\" height=\"800\" srcset=\"https:\/\/www.sabine-seyffert.de\/blog\/wp-content\/uploads\/2015\/10\/Haus-mit-Garten.jpg 600w, https:\/\/www.sabine-seyffert.de\/blog\/wp-content\/uploads\/2015\/10\/Haus-mit-Garten-225x300.jpg 225w\" sizes=\"auto, (max-width: 600px) 100vw, 600px\" \/><\/a><\/p>\n<p style=\"text-align: justify;\">In dem Hofladen, der gleich um die Ecke liegt, kann man das erntefrische Bioland Gem\u00fcse, Obst und Kr\u00e4uter kaufen. Selbst die Kartoffen stammen aus eigenem Anbau, direkt aus dem S\u00fcdpark. Toll, oder?<\/p>\n<p style=\"text-align: center;\"><a href=\"http:\/\/www.sabine-seyffert.de\/blog\/wp-content\/uploads\/2015\/10\/Hof.jpg\"><img loading=\"lazy\" decoding=\"async\" class=\"alignnone size-full wp-image-6403\" src=\"http:\/\/www.sabine-seyffert.de\/blog\/wp-content\/uploads\/2015\/10\/Hof.jpg\" alt=\"Hof\" width=\"800\" height=\"600\" srcset=\"https:\/\/www.sabine-seyffert.de\/blog\/wp-content\/uploads\/2015\/10\/Hof.jpg 800w, https:\/\/www.sabine-seyffert.de\/blog\/wp-content\/uploads\/2015\/10\/Hof-300x225.jpg 300w\" sizes=\"auto, (max-width: 800px) 100vw, 800px\" \/><\/a><\/p>\n<p style=\"text-align: justify;\">Nachdem der erste Schwung an Futter erfolgreich unter die Tiere gebracht wurde, sind wir durch den weitl\u00e4ufigen S\u00fcdpark spaziert.<\/p>\n<p style=\"text-align: center;\"><a href=\"http:\/\/www.sabine-seyffert.de\/blog\/wp-content\/uploads\/2015\/10\/Kartoffel.jpg\"><img loading=\"lazy\" decoding=\"async\" class=\"alignnone size-full wp-image-6404\" src=\"http:\/\/www.sabine-seyffert.de\/blog\/wp-content\/uploads\/2015\/10\/Kartoffel.jpg\" alt=\"Kartoffel\" width=\"600\" height=\"800\" srcset=\"https:\/\/www.sabine-seyffert.de\/blog\/wp-content\/uploads\/2015\/10\/Kartoffel.jpg 600w, https:\/\/www.sabine-seyffert.de\/blog\/wp-content\/uploads\/2015\/10\/Kartoffel-225x300.jpg 225w\" sizes=\"auto, (max-width: 600px) 100vw, 600px\" \/><\/a><\/p>\n<p style=\"text-align: justify;\">Hier findet man nicht nur gro\u00dfe Gr\u00fcnfl\u00e4chen, sondern auch allerhand B\u00e4ume, deren heruntergefallene Bl\u00e4tter jetzt im Herbst nat\u00fcrlich zum Bl\u00e4ttersammeln einladen\u2026<\/p>\n<p style=\"text-align: center;\"><a href=\"http:\/\/www.sabine-seyffert.de\/blog\/wp-content\/uploads\/2015\/10\/Kr\u00e4uter.jpg\"><img loading=\"lazy\" decoding=\"async\" class=\"alignnone size-full wp-image-6409\" src=\"http:\/\/www.sabine-seyffert.de\/blog\/wp-content\/uploads\/2015\/10\/Kr\u00e4uter.jpg\" alt=\"Kr\u00e4uter\" width=\"800\" height=\"600\" srcset=\"https:\/\/www.sabine-seyffert.de\/blog\/wp-content\/uploads\/2015\/10\/Kr\u00e4uter.jpg 800w, https:\/\/www.sabine-seyffert.de\/blog\/wp-content\/uploads\/2015\/10\/Kr\u00e4uter-300x225.jpg 300w\" sizes=\"auto, (max-width: 800px) 100vw, 800px\" \/><\/a><\/p>\n<p style=\"text-align: justify;\">Unterwegs begegnen uns andere Spazierg\u00e4nger, Familien mit Kindern, aber auch etliche Radfahrer und L\u00e4ufer, die die Wege hier zu sportlichen Zwecken nutzen.<\/p>\n<p style=\"text-align: center;\"><a href=\"http:\/\/www.sabine-seyffert.de\/blog\/wp-content\/uploads\/2015\/10\/Gans.jpg\"><img loading=\"lazy\" decoding=\"async\" class=\"alignnone size-full wp-image-6405\" src=\"http:\/\/www.sabine-seyffert.de\/blog\/wp-content\/uploads\/2015\/10\/Gans.jpg\" alt=\"Gans\" width=\"800\" height=\"600\" srcset=\"https:\/\/www.sabine-seyffert.de\/blog\/wp-content\/uploads\/2015\/10\/Gans.jpg 800w, https:\/\/www.sabine-seyffert.de\/blog\/wp-content\/uploads\/2015\/10\/Gans-300x225.jpg 300w\" sizes=\"auto, (max-width: 800px) 100vw, 800px\" \/><\/a><\/p>\n<p style=\"text-align: justify;\">Mal kommt man an einem Fu\u00dfballplatz vorbei, dann an kleinen Sitzecken, an frei lebenden Wildg\u00e4nsen und an einem gr\u00fcnen Labyrinth, das die Kinder sofort f\u00fcr ein fr\u00f6hliches Versteckspiel genutzt haben.<\/p>\n<p style=\"text-align: center;\"><a href=\"http:\/\/www.sabine-seyffert.de\/blog\/wp-content\/uploads\/2015\/10\/Libelle.jpg\"><img loading=\"lazy\" decoding=\"async\" class=\"alignnone size-full wp-image-6407\" src=\"http:\/\/www.sabine-seyffert.de\/blog\/wp-content\/uploads\/2015\/10\/Libelle.jpg\" alt=\"Libelle\" width=\"600\" height=\"800\" srcset=\"https:\/\/www.sabine-seyffert.de\/blog\/wp-content\/uploads\/2015\/10\/Libelle.jpg 600w, https:\/\/www.sabine-seyffert.de\/blog\/wp-content\/uploads\/2015\/10\/Libelle-225x300.jpg 225w\" sizes=\"auto, (max-width: 600px) 100vw, 600px\" \/><\/a><\/p>\n<p style=\"text-align: justify;\">Ein St\u00fcck weiter kommt man auch ans Wasser, \u00fcber das einige Br\u00fccken f\u00fchren. Hier findet man zum Teil bunte Kunstwerke, die im Rahmen eines <a href=\"http:\/\/www.akki-ev.de\/kunstcamp-im-skulpturengarten-2015\/\" target=\"_blank\" rel=\"noopener\">Kulturprojekts vom Akki Haus<\/a> von Kindern gebaut wurden.<\/p>\n<p style=\"text-align: center;\"><a href=\"http:\/\/www.sabine-seyffert.de\/blog\/wp-content\/uploads\/2015\/10\/W\u00e4sche.jpg\"><img loading=\"lazy\" decoding=\"async\" class=\"alignnone size-full wp-image-6408\" src=\"http:\/\/www.sabine-seyffert.de\/blog\/wp-content\/uploads\/2015\/10\/W\u00e4sche.jpg\" alt=\"W\u00e4sche\" width=\"800\" height=\"600\" srcset=\"https:\/\/www.sabine-seyffert.de\/blog\/wp-content\/uploads\/2015\/10\/W\u00e4sche.jpg 800w, https:\/\/www.sabine-seyffert.de\/blog\/wp-content\/uploads\/2015\/10\/W\u00e4sche-300x225.jpg 300w\" sizes=\"auto, (max-width: 800px) 100vw, 800px\" \/><\/a><\/p>\n<p style=\"text-align: justify;\">Zum Schluss unseres Ausfluges gab es dann im Caf\u00e9, das am Eingang des S\u00fcdparks gegen\u00fcber dem Hofladen liegt, noch ein Eis. Wem das zu kalt ist, der bekommt hier auch Kaffee und Kuchen \ud83d\ude42<\/p>\n<p style=\"text-align: center;\"><a href=\"http:\/\/www.sabine-seyffert.de\/blog\/wp-content\/uploads\/2015\/10\/Steine.jpg\"><img loading=\"lazy\" decoding=\"async\" class=\"alignnone size-full wp-image-6406\" src=\"http:\/\/www.sabine-seyffert.de\/blog\/wp-content\/uploads\/2015\/10\/Steine.jpg\" alt=\"Steine\" width=\"800\" height=\"600\" srcset=\"https:\/\/www.sabine-seyffert.de\/blog\/wp-content\/uploads\/2015\/10\/Steine.jpg 800w, https:\/\/www.sabine-seyffert.de\/blog\/wp-content\/uploads\/2015\/10\/Steine-300x225.jpg 300w\" sizes=\"auto, (max-width: 800px) 100vw, 800px\" \/><\/a><\/p>\n<p style=\"text-align: justify;\">Ein herzliches Dankesch\u00f6n an Andrea Schmidt von der Wfaa und Christoph Honig vom Akki Haus daf\u00fcr, dass ich meine Fotos hier zeigen darf.<\/p>\n<p style=\"text-align: justify;\"><a href=\"http:\/\/www.sabine-seyffert.de\/blog\/?page_id=32#urheberrecht\">urheberrechtlich gesch\u00fctzt<\/a>, \u00a9 Sabine Seyffert<\/p>\n","protected":false},"excerpt":{"rendered":"<p>Im Herbst nutzen wir jeden regenfreien Tag f\u00fcr kleine Auszeiten an der frischen Luft. So haben wir uns auf den Weg nach D\u00fcsseldorf gemacht. Dort ging es in den S\u00fcdpark, den wir des \u00d6fteren f\u00fcr spontane Ausfl\u00fcge in der n\u00e4heren Umgebung nutzen. Die Kinder marschierten schnurstracks zum Bauernhof um sich dort erst einmal mit Tierfutter&#8230; <a href=\"https:\/\/www.sabine-seyffert.de\/blog\/ein-bauernhof-mit-tieren-ein-kraeutergarten-ein-hofladen-ein-cafe-und-viel-gruen\/\" class=\"more-link\">Read more: Ein Bauernhof mit Tieren, ein Kr\u00e4utergarten, ein Hofladen, ein Caf\u00e9 und viel Gr\u00fcn<\/a><\/p>\n","protected":false},"author":2,"featured_media":6398,"comment_status":"open","ping_status":"open","sticky":false,"template":"","format":"standard","meta":{"_metis_text_type":"","_metis_text_length":2321,"_post_count":0,"footnotes":""},"categories":[39,38,25],"tags":[],"class_list":["post-6397","post","type-post","status-publish","format-standard","has-post-thumbnail","hentry","category-ausfluge-co","category-ferien","category-herbst"],"_links":{"self":[{"href":"https:\/\/www.sabine-seyffert.de\/blog\/wp-json\/wp\/v2\/posts\/6397","targetHints":{"allow":["GET"]}}],"collection":[{"href":"https:\/\/www.sabine-seyffert.de\/blog\/wp-json\/wp\/v2\/posts"}],"about":[{"href":"https:\/\/www.sabine-seyffert.de\/blog\/wp-json\/wp\/v2\/types\/post"}],"author":[{"embeddable":true,"href":"https:\/\/www.sabine-seyffert.de\/blog\/wp-json\/wp\/v2\/users\/2"}],"replies":[{"embeddable":true,"href":"https:\/\/www.sabine-seyffert.de\/blog\/wp-json\/wp\/v2\/comments?post=6397"}],"version-history":[{"count":3,"href":"https:\/\/www.sabine-seyffert.de\/blog\/wp-json\/wp\/v2\/posts\/6397\/revisions"}],"predecessor-version":[{"id":12865,"href":"https:\/\/www.sabine-seyffert.de\/blog\/wp-json\/wp\/v2\/posts\/6397\/revisions\/12865"}],"wp:featuredmedia":[{"embeddable":true,"href":"https:\/\/www.sabine-seyffert.de\/blog\/wp-json\/wp\/v2\/media\/6398"}],"wp:attachment":[{"href":"https:\/\/www.sabine-seyffert.de\/blog\/wp-json\/wp\/v2\/media?parent=6397"}],"wp:term":[{"taxonomy":"category","embeddable":true,"href":"https:\/\/www.sabine-seyffert.de\/blog\/wp-json\/wp\/v2\/categories?post=6397"},{"taxonomy":"post_tag","embeddable":true,"href":"https:\/\/www.sabine-seyffert.de\/blog\/wp-json\/wp\/v2\/tags?post=6397"}],"curies":[{"name":"wp","href":"https:\/\/api.w.org\/{rel}","templated":true}]}}