{"id":6364,"date":"2015-10-17T20:12:28","date_gmt":"2015-10-17T18:12:28","guid":{"rendered":"http:\/\/www.sabine-seyffert.de\/blog\/?p=6364"},"modified":"2018-06-26T17:12:40","modified_gmt":"2018-06-26T15:12:40","slug":"ein-schloss-eine-echte-schriftstellerin-spannende-geschichten-und-viele-zuhoerer","status":"publish","type":"post","link":"https:\/\/www.sabine-seyffert.de\/blog\/ein-schloss-eine-echte-schriftstellerin-spannende-geschichten-und-viele-zuhoerer\/","title":{"rendered":"Ein Schloss, eine echte Schriftstellerin, spannende Geschichten und viele Zuh\u00f6rer"},"content":{"rendered":"<p style=\"text-align: justify;\"><img loading=\"lazy\" decoding=\"async\" src=\"https:\/\/ssl-vg03.met.vgwort.de\/na\/54858439d51441938bffd959246dbea9\" alt=\"\" width=\"1\" height=\"1\" \/>Zu Beginn der Herbstferien haben uns auf den Weg nach D\u00fcsseldorf gemacht. Mit der Eisenbahn ging es zum Schloss Benrath. (Ein ganz lohnenswertes Ausflugsziel, von dem ich <a href=\"http:\/\/www.sabine-seyffert.de\/blog\/?p=5624\" target=\"_blank\" rel=\"noopener\">hier<\/a> schon einmal berichtet habe).<\/p>\n<p style=\"text-align: center;\"><a href=\"http:\/\/www.sabine-seyffert.de\/blog\/wp-content\/uploads\/2015\/10\/Lesung-0.jpg\"><img loading=\"lazy\" decoding=\"async\" class=\"alignnone size-full wp-image-6365\" src=\"http:\/\/www.sabine-seyffert.de\/blog\/wp-content\/uploads\/2015\/10\/Lesung-0.jpg\" alt=\"Lesung 0\" width=\"800\" height=\"600\" srcset=\"https:\/\/www.sabine-seyffert.de\/blog\/wp-content\/uploads\/2015\/10\/Lesung-0.jpg 800w, https:\/\/www.sabine-seyffert.de\/blog\/wp-content\/uploads\/2015\/10\/Lesung-0-300x225.jpg 300w\" sizes=\"auto, (max-width: 800px) 100vw, 800px\" \/><\/a><\/p>\n<p style=\"text-align: justify;\">Dort ging es direkt zum Ostfl\u00fcgel. Denn hier im Festsaal erwartete uns nicht nur eine ganz bekannte Schriftstellerin, sondern mit ihr auch allerhand spannende Geschichten und jede Menge Fantasie!<\/p>\n<p style=\"text-align: center;\"><a href=\"http:\/\/www.sabine-seyffert.de\/blog\/wp-content\/uploads\/2015\/10\/Lesung-1.jpg\"><img loading=\"lazy\" decoding=\"async\" class=\"alignnone size-full wp-image-6366\" src=\"http:\/\/www.sabine-seyffert.de\/blog\/wp-content\/uploads\/2015\/10\/Lesung-1.jpg\" alt=\"Lesung 1\" width=\"600\" height=\"800\" srcset=\"https:\/\/www.sabine-seyffert.de\/blog\/wp-content\/uploads\/2015\/10\/Lesung-1.jpg 600w, https:\/\/www.sabine-seyffert.de\/blog\/wp-content\/uploads\/2015\/10\/Lesung-1-225x300.jpg 225w\" sizes=\"auto, (max-width: 600px) 100vw, 600px\" \/><\/a><\/p>\n<p style=\"text-align: justify;\">Mit Sicherheit kennt Ihr sie alle: <a href=\"https:\/\/de.wikipedia.org\/wiki\/Isabel_Abedi\" target=\"_blank\" rel=\"noopener\">Isabel Abedi<\/a>. Ihre B\u00fccher verkaufen sich wie warme Semmel und auch bei uns findet man zahlreiche ihrer Werke.<\/p>\n<p style=\"text-align: center;\"><a href=\"http:\/\/www.sabine-seyffert.de\/blog\/wp-content\/uploads\/2015\/10\/Lesung-2.jpg\"><img loading=\"lazy\" decoding=\"async\" class=\"alignnone size-full wp-image-6367\" src=\"http:\/\/www.sabine-seyffert.de\/blog\/wp-content\/uploads\/2015\/10\/Lesung-2.jpg\" alt=\"Lesung 2\" width=\"600\" height=\"800\" srcset=\"https:\/\/www.sabine-seyffert.de\/blog\/wp-content\/uploads\/2015\/10\/Lesung-2.jpg 600w, https:\/\/www.sabine-seyffert.de\/blog\/wp-content\/uploads\/2015\/10\/Lesung-2-225x300.jpg 225w\" sizes=\"auto, (max-width: 600px) 100vw, 600px\" \/><\/a><\/p>\n<p style=\"text-align: justify;\">Nicht nur die spannenden Romane f\u00fcr Jugendliche wie beispielsweise: Isola, Whisper oder Imago wurden von meinen Kindern regelrecht verschlungen. Die Tante Lisbeth B\u00fccher sind bei unserer J\u00fcngsten sehr beliebt und meine absoluten Lieblingswerke sind die Bilderb\u00fccher \u201eBl\u00f6de Ziege \/ Dumme Gans\u201c von denen wir den Sammelband mit allen Geschichten besitzen.<\/p>\n<p style=\"text-align: center;\"><a href=\"http:\/\/www.sabine-seyffert.de\/blog\/wp-content\/uploads\/2015\/10\/Lesung-4.jpg\"><img loading=\"lazy\" decoding=\"async\" class=\"alignnone size-full wp-image-6368\" src=\"http:\/\/www.sabine-seyffert.de\/blog\/wp-content\/uploads\/2015\/10\/Lesung-4.jpg\" alt=\"Lesung 4\" width=\"800\" height=\"600\" srcset=\"https:\/\/www.sabine-seyffert.de\/blog\/wp-content\/uploads\/2015\/10\/Lesung-4.jpg 800w, https:\/\/www.sabine-seyffert.de\/blog\/wp-content\/uploads\/2015\/10\/Lesung-4-300x225.jpg 300w\" sizes=\"auto, (max-width: 800px) 100vw, 800px\" \/><\/a><\/p>\n<p style=\"text-align: justify;\">Ganz besonders hoch im Kurs stehen bei all meinen vier Kindern die Lola B\u00fccher. Und um den neuesten Band der tollen Lola Buchreihe, die gerade \u00fcbrigens ihr 10 j\u00e4hriges Jubil\u00e4um feiert, ging es auch in dieser Lesung.<\/p>\n<p style=\"text-align: center;\"><a href=\"http:\/\/www.sabine-seyffert.de\/blog\/wp-content\/uploads\/2015\/10\/Lesung-6.jpg\"><img loading=\"lazy\" decoding=\"async\" class=\"alignnone size-full wp-image-6369\" src=\"http:\/\/www.sabine-seyffert.de\/blog\/wp-content\/uploads\/2015\/10\/Lesung-6.jpg\" alt=\"Lesung 6\" width=\"800\" height=\"600\" srcset=\"https:\/\/www.sabine-seyffert.de\/blog\/wp-content\/uploads\/2015\/10\/Lesung-6.jpg 800w, https:\/\/www.sabine-seyffert.de\/blog\/wp-content\/uploads\/2015\/10\/Lesung-6-300x225.jpg 300w\" sizes=\"auto, (max-width: 800px) 100vw, 800px\" \/><\/a><\/p>\n<p style=\"text-align: justify;\">Das Buch \u201eLola und die einzige Zeugin\u201c dreht sich um die Ferien, doch diese fallen f\u00fcr Lola dieses Jahr leider flach. Denn sie ist dummerweise auf der vollen Windel ihres Bruders ausgerutscht und hat sich dabei zu allem \u00dcberfluss ein Bein gebrochen. Also verbringt sie die Ferien im Rollstuhl. Das ist sicher auch ihr Gl\u00fcck, denn so hat sie reichlich Zeit und beobachtet eines Tages im Hinterhaus einen neuen Nachbarn. Doch der ist nicht ganz geheuer\u2026 Schlie\u00dflich kriecht aus dem Klo auch noch eine echte Ratte, brrr!<\/p>\n<p style=\"text-align: center;\"><a href=\"http:\/\/www.sabine-seyffert.de\/blog\/wp-content\/uploads\/2015\/10\/Lesung-\u00dcbersicht-korrekt.jpg\"><img loading=\"lazy\" decoding=\"async\" class=\"alignnone size-full wp-image-6370\" src=\"http:\/\/www.sabine-seyffert.de\/blog\/wp-content\/uploads\/2015\/10\/Lesung-\u00dcbersicht-korrekt.jpg\" alt=\"Lesung \u00dcbersicht korrekt\" width=\"800\" height=\"600\" srcset=\"https:\/\/www.sabine-seyffert.de\/blog\/wp-content\/uploads\/2015\/10\/Lesung-\u00dcbersicht-korrekt.jpg 800w, https:\/\/www.sabine-seyffert.de\/blog\/wp-content\/uploads\/2015\/10\/Lesung-\u00dcbersicht-korrekt-300x225.jpg 300w\" sizes=\"auto, (max-width: 800px) 100vw, 800px\" \/><\/a><\/p>\n<p style=\"text-align: justify;\">Was es mit dem unheimlichen Nachbarn auf sich hat und wie der neunte Lola Band endet, das wurde nicht verraten. Auch ich werde es an dieser Stelle nicht tun \ud83d\ude42 Wer neugierig ist, sollte sich das neue Lola Buch schnappen und selber lesen!<\/p>\n<p style=\"text-align: center;\"><a href=\"http:\/\/www.sabine-seyffert.de\/blog\/wp-content\/uploads\/2015\/10\/Lesung-sw9.jpg\"><img loading=\"lazy\" decoding=\"async\" class=\"alignnone size-full wp-image-6371\" src=\"http:\/\/www.sabine-seyffert.de\/blog\/wp-content\/uploads\/2015\/10\/Lesung-sw9.jpg\" alt=\"Lesung sw9\" width=\"600\" height=\"800\" srcset=\"https:\/\/www.sabine-seyffert.de\/blog\/wp-content\/uploads\/2015\/10\/Lesung-sw9.jpg 600w, https:\/\/www.sabine-seyffert.de\/blog\/wp-content\/uploads\/2015\/10\/Lesung-sw9-225x300.jpg 225w\" sizes=\"auto, (max-width: 600px) 100vw, 600px\" \/><\/a><\/p>\n<p style=\"text-align: justify;\">Au\u00dfer ein paar besonders spannenden Stellen aus dem Buch wurde aber an diesem Nachmittag nicht nur vorgelesen, sondern auch allerhand erz\u00e4hlt. Isabel Abedi, die wirklich herzerfrischend nat\u00fcrlich ist, verriet den kleinen und gro\u00dfen Zuh\u00f6rern einiges \u00fcber ihr Leben und dar\u00fcber, wie sie zum Schreiben kam.<\/p>\n<p style=\"text-align: center;\"><a href=\"http:\/\/www.sabine-seyffert.de\/blog\/wp-content\/uploads\/2015\/10\/Lesung-sw5.jpg\"><img loading=\"lazy\" decoding=\"async\" class=\"alignnone size-full wp-image-6372\" src=\"http:\/\/www.sabine-seyffert.de\/blog\/wp-content\/uploads\/2015\/10\/Lesung-sw5.jpg\" alt=\"Lesung sw5\" width=\"800\" height=\"600\" srcset=\"https:\/\/www.sabine-seyffert.de\/blog\/wp-content\/uploads\/2015\/10\/Lesung-sw5.jpg 800w, https:\/\/www.sabine-seyffert.de\/blog\/wp-content\/uploads\/2015\/10\/Lesung-sw5-300x225.jpg 300w\" sizes=\"auto, (max-width: 800px) 100vw, 800px\" \/><\/a><\/p>\n<p style=\"text-align: justify;\">Am Schluss dieser Lesung gab es nicht nur allerhand Fotos von, zu und aus den Lola B\u00fcchern sondern auch ganz viel Zeit zum Schreiben von Autogrammen und Widmungen. Die gab es ganz individuell in mitgebrachte B\u00fccher. Auch wir haben uns unsere Lieblingsb\u00fccher von ihr signieren lassen.<\/p>\n<p style=\"text-align: center;\"><a href=\"http:\/\/www.sabine-seyffert.de\/blog\/wp-content\/uploads\/2015\/10\/Lesung-sw8.jpg\"><img loading=\"lazy\" decoding=\"async\" class=\"alignnone size-full wp-image-6373\" src=\"http:\/\/www.sabine-seyffert.de\/blog\/wp-content\/uploads\/2015\/10\/Lesung-sw8.jpg\" alt=\"Lesung sw8\" width=\"800\" height=\"600\" srcset=\"https:\/\/www.sabine-seyffert.de\/blog\/wp-content\/uploads\/2015\/10\/Lesung-sw8.jpg 800w, https:\/\/www.sabine-seyffert.de\/blog\/wp-content\/uploads\/2015\/10\/Lesung-sw8-300x225.jpg 300w\" sizes=\"auto, (max-width: 800px) 100vw, 800px\" \/><\/a><\/p>\n<p style=\"text-align: justify;\">Ein rundum gelungener Ausflug in tollem, sehr stimmungsvollen Ambiente und einer ausgesprochen netten Kollegin.<\/p>\n<p style=\"text-align: center;\"><a href=\"http:\/\/www.sabine-seyffert.de\/blog\/wp-content\/uploads\/2015\/10\/Lesung-7.jpg\"><img loading=\"lazy\" decoding=\"async\" class=\"alignnone size-full wp-image-6374\" src=\"http:\/\/www.sabine-seyffert.de\/blog\/wp-content\/uploads\/2015\/10\/Lesung-7.jpg\" alt=\"Lesung 7\" width=\"600\" height=\"800\" srcset=\"https:\/\/www.sabine-seyffert.de\/blog\/wp-content\/uploads\/2015\/10\/Lesung-7.jpg 600w, https:\/\/www.sabine-seyffert.de\/blog\/wp-content\/uploads\/2015\/10\/Lesung-7-225x300.jpg 225w\" sizes=\"auto, (max-width: 600px) 100vw, 600px\" \/><\/a><\/p>\n<p style=\"text-align: justify;\">Ich freu mich sehr, Isabel Abedi kennen gelernt zu haben und bedanke mich an dieser Stelle f\u00fcr den spannenden Nachmittag und die Erlaubnis, dass ich Euch hier einige Fotos von ihr zeigen darf! Ebenso ein Dank an Johanna Masurek von der Stiftung Schloss &amp; Park Benrath f\u00fcr die Genehmigung die Fotos aus dem Schloss zu zeigen.<\/p>\n<p style=\"text-align: center;\"><a href=\"http:\/\/www.sabine-seyffert.de\/blog\/wp-content\/uploads\/2015\/10\/Lesung-3.jpg\"><img loading=\"lazy\" decoding=\"async\" class=\"alignnone size-full wp-image-6375\" src=\"http:\/\/www.sabine-seyffert.de\/blog\/wp-content\/uploads\/2015\/10\/Lesung-3.jpg\" alt=\"Lesung 3\" width=\"600\" height=\"800\" srcset=\"https:\/\/www.sabine-seyffert.de\/blog\/wp-content\/uploads\/2015\/10\/Lesung-3.jpg 600w, https:\/\/www.sabine-seyffert.de\/blog\/wp-content\/uploads\/2015\/10\/Lesung-3-225x300.jpg 225w\" sizes=\"auto, (max-width: 600px) 100vw, 600px\" \/><\/a><\/p>\n<p><a href=\"http:\/\/www.sabine-seyffert.de\/blog\/?page_id=32#urheberrecht\">urheberrechtlich gesch\u00fctzt<\/a>, \u00a9 Sabine Seyffert<\/p>\n","protected":false},"excerpt":{"rendered":"<p>Zu Beginn der Herbstferien haben uns auf den Weg nach D\u00fcsseldorf gemacht. Mit der Eisenbahn ging es zum Schloss Benrath. (Ein ganz lohnenswertes Ausflugsziel, von dem ich hier schon einmal berichtet habe). Dort ging es direkt zum Ostfl\u00fcgel. Denn hier im Festsaal erwartete uns nicht nur eine ganz bekannte Schriftstellerin, sondern mit ihr auch allerhand&#8230; <a href=\"https:\/\/www.sabine-seyffert.de\/blog\/ein-schloss-eine-echte-schriftstellerin-spannende-geschichten-und-viele-zuhoerer\/\" class=\"more-link\">Read more: Ein Schloss, eine echte Schriftstellerin, spannende Geschichten und viele Zuh\u00f6rer<\/a><\/p>\n","protected":false},"author":2,"featured_media":6365,"comment_status":"open","ping_status":"open","sticky":false,"template":"","format":"standard","meta":{"_metis_text_type":"","_metis_text_length":2946,"_post_count":0,"footnotes":""},"categories":[39,20,38],"tags":[],"class_list":["post-6364","post","type-post","status-publish","format-standard","has-post-thumbnail","hentry","category-ausfluge-co","category-bucher","category-ferien"],"_links":{"self":[{"href":"https:\/\/www.sabine-seyffert.de\/blog\/wp-json\/wp\/v2\/posts\/6364","targetHints":{"allow":["GET"]}}],"collection":[{"href":"https:\/\/www.sabine-seyffert.de\/blog\/wp-json\/wp\/v2\/posts"}],"about":[{"href":"https:\/\/www.sabine-seyffert.de\/blog\/wp-json\/wp\/v2\/types\/post"}],"author":[{"embeddable":true,"href":"https:\/\/www.sabine-seyffert.de\/blog\/wp-json\/wp\/v2\/users\/2"}],"replies":[{"embeddable":true,"href":"https:\/\/www.sabine-seyffert.de\/blog\/wp-json\/wp\/v2\/comments?post=6364"}],"version-history":[{"count":5,"href":"https:\/\/www.sabine-seyffert.de\/blog\/wp-json\/wp\/v2\/posts\/6364\/revisions"}],"predecessor-version":[{"id":12864,"href":"https:\/\/www.sabine-seyffert.de\/blog\/wp-json\/wp\/v2\/posts\/6364\/revisions\/12864"}],"wp:featuredmedia":[{"embeddable":true,"href":"https:\/\/www.sabine-seyffert.de\/blog\/wp-json\/wp\/v2\/media\/6365"}],"wp:attachment":[{"href":"https:\/\/www.sabine-seyffert.de\/blog\/wp-json\/wp\/v2\/media?parent=6364"}],"wp:term":[{"taxonomy":"category","embeddable":true,"href":"https:\/\/www.sabine-seyffert.de\/blog\/wp-json\/wp\/v2\/categories?post=6364"},{"taxonomy":"post_tag","embeddable":true,"href":"https:\/\/www.sabine-seyffert.de\/blog\/wp-json\/wp\/v2\/tags?post=6364"}],"curies":[{"name":"wp","href":"https:\/\/api.w.org\/{rel}","templated":true}]}}