{"id":6218,"date":"2015-09-29T05:48:46","date_gmt":"2015-09-29T03:48:46","guid":{"rendered":"http:\/\/www.sabine-seyffert.de\/blog\/?p=6218"},"modified":"2017-03-02T12:09:14","modified_gmt":"2017-03-02T10:09:14","slug":"diy-idee-geschenke-schoen-verpackt-ein-praesent-fuer-kleine-rennfahrer","status":"publish","type":"post","link":"https:\/\/www.sabine-seyffert.de\/blog\/diy-idee-geschenke-schoen-verpackt-ein-praesent-fuer-kleine-rennfahrer\/","title":{"rendered":"DIY Idee: Geschenke sch\u00f6n verpackt \u2013 ein Pr\u00e4sent f\u00fcr kleine Rennfahrer"},"content":{"rendered":"<p style=\"text-align: justify;\"><img loading=\"lazy\" decoding=\"async\" src=\"https:\/\/ssl-vg03.met.vgwort.de\/na\/2d25cfea16b34e64b97dd20a8e45e0c2\" alt=\"\" width=\"1\" height=\"1\" \/>Dass ich gerne selbst gemachte Dinge verschenke ist f\u00fcr Euch nichts Neues. Genau so gerne wie ich mir kleine Geschenke ausdenke und anfertige, genau so viel Spa\u00df macht es ein Geschenk zu verpacken. Vor allen Dingen l\u00e4sst das Geschenkeverpacken soviel Raum f\u00fcr eigene Ideen und jede Menge Fantasie\u2026<\/p>\n<p style=\"text-align: center;\"><a href=\"http:\/\/www.sabine-seyffert.de\/blog\/wp-content\/uploads\/2015\/09\/13.jpg\"><img loading=\"lazy\" decoding=\"async\" class=\"alignnone size-full wp-image-6219\" src=\"http:\/\/www.sabine-seyffert.de\/blog\/wp-content\/uploads\/2015\/09\/13.jpg\" alt=\"1\" width=\"800\" height=\"600\" srcset=\"https:\/\/www.sabine-seyffert.de\/blog\/wp-content\/uploads\/2015\/09\/13.jpg 800w, https:\/\/www.sabine-seyffert.de\/blog\/wp-content\/uploads\/2015\/09\/13-300x225.jpg 300w\" sizes=\"auto, (max-width: 800px) 100vw, 800px\" \/><\/a><\/p>\n<p style=\"text-align: justify;\"><strong>Das wird gebraucht:<\/strong><br \/>\nNaturbraunes Packpapier, eine Schere, 2 Kn\u00f6pfe, gemustertes Bastelpapier, Masking Tapes, Klebstoff, Stempel und Stempelkissen<\/p>\n<p style=\"text-align: center;\"><a href=\"http:\/\/www.sabine-seyffert.de\/blog\/wp-content\/uploads\/2015\/09\/41.jpg\"><img loading=\"lazy\" decoding=\"async\" class=\"alignnone size-full wp-image-6220\" src=\"http:\/\/www.sabine-seyffert.de\/blog\/wp-content\/uploads\/2015\/09\/41.jpg\" alt=\"4\" width=\"800\" height=\"600\" srcset=\"https:\/\/www.sabine-seyffert.de\/blog\/wp-content\/uploads\/2015\/09\/41.jpg 800w, https:\/\/www.sabine-seyffert.de\/blog\/wp-content\/uploads\/2015\/09\/41-300x225.jpg 300w\" sizes=\"auto, (max-width: 800px) 100vw, 800px\" \/><\/a><\/p>\n<p style=\"text-align: justify;\"><strong>So wird\u2019s gemacht:<\/strong><br \/>\nDas Geburtstagskind liebt Autos \u00fcber alles. Vor allen Dingen die, die schnell sind und beim Autorennen mitfahren. Also habe ich mir spontan einen passenden Schmuck f\u00fcr das Geschenk ausgedacht: Ein flottes Rennauto f\u00fcr den kleinen Rennfahrer.<\/p>\n<p style=\"text-align: center;\"><a href=\"http:\/\/www.sabine-seyffert.de\/blog\/wp-content\/uploads\/2015\/09\/32.jpg\"><img loading=\"lazy\" decoding=\"async\" class=\"alignnone size-full wp-image-6221\" src=\"http:\/\/www.sabine-seyffert.de\/blog\/wp-content\/uploads\/2015\/09\/32.jpg\" alt=\"3\" width=\"800\" height=\"600\" srcset=\"https:\/\/www.sabine-seyffert.de\/blog\/wp-content\/uploads\/2015\/09\/32.jpg 800w, https:\/\/www.sabine-seyffert.de\/blog\/wp-content\/uploads\/2015\/09\/32-300x225.jpg 300w\" sizes=\"auto, (max-width: 800px) 100vw, 800px\" \/><\/a><\/p>\n<p style=\"text-align: justify;\">Zuerst habe ich das Geschenk in naturbraunes Packpapier eingeschlagen, weil ich damit einfach am allerliebsten verpacke. Und weil das Papier so wunderbar neutral ist, kann man sich daraus farblich so richtig \u201eaustoben\u201c.<\/p>\n<p style=\"text-align: center;\"><a href=\"http:\/\/www.sabine-seyffert.de\/blog\/wp-content\/uploads\/2015\/09\/8.jpg\"><img loading=\"lazy\" decoding=\"async\" class=\"alignnone size-full wp-image-6222\" src=\"http:\/\/www.sabine-seyffert.de\/blog\/wp-content\/uploads\/2015\/09\/8.jpg\" alt=\"8\" width=\"800\" height=\"600\" srcset=\"https:\/\/www.sabine-seyffert.de\/blog\/wp-content\/uploads\/2015\/09\/8.jpg 800w, https:\/\/www.sabine-seyffert.de\/blog\/wp-content\/uploads\/2015\/09\/8-300x225.jpg 300w\" sizes=\"auto, (max-width: 800px) 100vw, 800px\" \/><\/a><\/p>\n<p style=\"text-align: justify;\">Zuerst habe ich aus kariertem Bastelpapier einen Rennwagen geschnitten. F\u00fcr die Reifen habe ich zwei sch\u00f6ne Holzkn\u00f6pfe genommen, die die Geschenkverpackung \u201eplastischer\u201c werden l\u00e4sst. Au\u00dferdem gef\u00e4llt mir pers\u00f6nlich ein bunter Materialmix immer sehr gut.<\/p>\n<p style=\"text-align: center;\"><a href=\"http:\/\/www.sabine-seyffert.de\/blog\/wp-content\/uploads\/2015\/09\/71.jpg\"><img loading=\"lazy\" decoding=\"async\" class=\"alignnone size-full wp-image-6223\" src=\"http:\/\/www.sabine-seyffert.de\/blog\/wp-content\/uploads\/2015\/09\/71.jpg\" alt=\"7\" width=\"800\" height=\"600\" srcset=\"https:\/\/www.sabine-seyffert.de\/blog\/wp-content\/uploads\/2015\/09\/71.jpg 800w, https:\/\/www.sabine-seyffert.de\/blog\/wp-content\/uploads\/2015\/09\/71-300x225.jpg 300w\" sizes=\"auto, (max-width: 800px) 100vw, 800px\" \/><\/a><\/p>\n<p style=\"text-align: justify;\">Selbstverst\u00e4ndlich braucht der Wagen auch eine Nummer. Dazu habe ich mit dem Motivstanzer zwei verschieden gro\u00dfe Kreise ausgestanzt und in den kleineren die Zahl \u201e8\u201c gestempelt, weil es passend zum neuen Lebensjahr war.<\/p>\n<p style=\"text-align: center;\"><a href=\"http:\/\/www.sabine-seyffert.de\/blog\/wp-content\/uploads\/2015\/09\/63.jpg\"><img loading=\"lazy\" decoding=\"async\" class=\"alignnone size-full wp-image-6224\" src=\"http:\/\/www.sabine-seyffert.de\/blog\/wp-content\/uploads\/2015\/09\/63.jpg\" alt=\"6\" width=\"800\" height=\"600\" srcset=\"https:\/\/www.sabine-seyffert.de\/blog\/wp-content\/uploads\/2015\/09\/63.jpg 800w, https:\/\/www.sabine-seyffert.de\/blog\/wp-content\/uploads\/2015\/09\/63-300x225.jpg 300w\" sizes=\"auto, (max-width: 800px) 100vw, 800px\" \/><\/a><\/p>\n<p style=\"text-align: justify;\">Mit Buchstabenstempeln habe ich den Namen noch \u00fcber die Motorhaube gedruckt und in die linke Ecke \u201ef\u00fcr dich\u201c gestempelt. Daneben habe ich ein paar schwarze Sterne geklebt, damit es feierlicher aussieht.<\/p>\n<p style=\"text-align: center;\"><a href=\"http:\/\/www.sabine-seyffert.de\/blog\/wp-content\/uploads\/2015\/09\/53.jpg\"><img loading=\"lazy\" decoding=\"async\" class=\"alignnone size-full wp-image-6225\" src=\"http:\/\/www.sabine-seyffert.de\/blog\/wp-content\/uploads\/2015\/09\/53.jpg\" alt=\"5\" width=\"800\" height=\"600\" srcset=\"https:\/\/www.sabine-seyffert.de\/blog\/wp-content\/uploads\/2015\/09\/53.jpg 800w, https:\/\/www.sabine-seyffert.de\/blog\/wp-content\/uploads\/2015\/09\/53-300x225.jpg 300w\" sizes=\"auto, (max-width: 800px) 100vw, 800px\" \/><\/a><\/p>\n<p style=\"text-align: justify;\">Und in die rechte Ecke kam eine fr\u00f6hliche Wimpelgirlande. Die habe ich ganz schnell aus unterschiedlichen Masking Tapes geschnitten und auf direktem Wege aufgeklebt.<\/p>\n<p style=\"text-align: center;\"><a href=\"http:\/\/www.sabine-seyffert.de\/blog\/wp-content\/uploads\/2015\/09\/01.jpg\"><img loading=\"lazy\" decoding=\"async\" class=\"alignnone size-full wp-image-6226\" src=\"http:\/\/www.sabine-seyffert.de\/blog\/wp-content\/uploads\/2015\/09\/01.jpg\" alt=\"0\" width=\"800\" height=\"600\" srcset=\"https:\/\/www.sabine-seyffert.de\/blog\/wp-content\/uploads\/2015\/09\/01.jpg 800w, https:\/\/www.sabine-seyffert.de\/blog\/wp-content\/uploads\/2015\/09\/01-300x225.jpg 300w\" sizes=\"auto, (max-width: 800px) 100vw, 800px\" \/><\/a><\/p>\n<p style=\"text-align: justify;\">Weitere DIY findet Ihr <a href=\"http:\/\/www.sabine-seyffert.de\/blog\/?cat=12\" target=\"_blank\">hier<\/a>, klitzekleine Geschenkideen <a href=\"http:\/\/www.sabine-seyffert.de\/blog\/?cat=36\" target=\"_blank\">dort<\/a> und andere kreative Dinge <a href=\"http:\/\/www.creadienstag.de\/2015\/09\/195.html\" target=\"_blank\">da<\/a> und auch an <a href=\"http:\/\/kiddikram.blogspot.de\/2015\/08\/kiddikram-september-2015.html\" target=\"_blank\">dieser<\/a> Stelle!<\/p>\n<p style=\"text-align: justify;\"><a href=\"http:\/\/www.sabine-seyffert.de\/blog\/wp-content\/uploads\/2015\/09\/9.jpg\"><img loading=\"lazy\" decoding=\"async\" class=\"alignnone size-full wp-image-6227\" src=\"http:\/\/www.sabine-seyffert.de\/blog\/wp-content\/uploads\/2015\/09\/9.jpg\" alt=\"9\" width=\"800\" height=\"600\" srcset=\"https:\/\/www.sabine-seyffert.de\/blog\/wp-content\/uploads\/2015\/09\/9.jpg 800w, https:\/\/www.sabine-seyffert.de\/blog\/wp-content\/uploads\/2015\/09\/9-300x225.jpg 300w\" sizes=\"auto, (max-width: 800px) 100vw, 800px\" \/><\/a><\/p>\n<p style=\"text-align: justify;\"><a href=\"http:\/\/www.sabine-seyffert.de\/blog\/?page_id=32#urheberrecht\">urheberrechtlich gesch\u00fctzt<\/a>, \u00a9 Sabine Seyffert<\/p>\n","protected":false},"excerpt":{"rendered":"<p>Dass ich gerne selbst gemachte Dinge verschenke ist f\u00fcr Euch nichts Neues. Genau so gerne wie ich mir kleine Geschenke ausdenke und anfertige, genau so viel Spa\u00df macht es ein Geschenk zu verpacken. Vor allen Dingen l\u00e4sst das Geschenkeverpacken soviel Raum f\u00fcr eigene Ideen und jede Menge Fantasie\u2026 Das wird gebraucht: Naturbraunes Packpapier, eine Schere,&#8230; <a href=\"https:\/\/www.sabine-seyffert.de\/blog\/diy-idee-geschenke-schoen-verpackt-ein-praesent-fuer-kleine-rennfahrer\/\" class=\"more-link\">Read more: DIY Idee: Geschenke sch\u00f6n verpackt \u2013 ein Pr\u00e4sent f\u00fcr kleine Rennfahrer<\/a><\/p>\n","protected":false},"author":2,"featured_media":6227,"comment_status":"open","ping_status":"open","sticky":false,"template":"","format":"standard","meta":{"_metis_text_type":"","_metis_text_length":1931,"_post_count":0,"footnotes":""},"categories":[12,49],"tags":[],"class_list":["post-6218","post","type-post","status-publish","format-standard","has-post-thumbnail","hentry","category-deko-ideen","category-verpackungsideen"],"_links":{"self":[{"href":"https:\/\/www.sabine-seyffert.de\/blog\/wp-json\/wp\/v2\/posts\/6218","targetHints":{"allow":["GET"]}}],"collection":[{"href":"https:\/\/www.sabine-seyffert.de\/blog\/wp-json\/wp\/v2\/posts"}],"about":[{"href":"https:\/\/www.sabine-seyffert.de\/blog\/wp-json\/wp\/v2\/types\/post"}],"author":[{"embeddable":true,"href":"https:\/\/www.sabine-seyffert.de\/blog\/wp-json\/wp\/v2\/users\/2"}],"replies":[{"embeddable":true,"href":"https:\/\/www.sabine-seyffert.de\/blog\/wp-json\/wp\/v2\/comments?post=6218"}],"version-history":[{"count":2,"href":"https:\/\/www.sabine-seyffert.de\/blog\/wp-json\/wp\/v2\/posts\/6218\/revisions"}],"predecessor-version":[{"id":6229,"href":"https:\/\/www.sabine-seyffert.de\/blog\/wp-json\/wp\/v2\/posts\/6218\/revisions\/6229"}],"wp:featuredmedia":[{"embeddable":true,"href":"https:\/\/www.sabine-seyffert.de\/blog\/wp-json\/wp\/v2\/media\/6227"}],"wp:attachment":[{"href":"https:\/\/www.sabine-seyffert.de\/blog\/wp-json\/wp\/v2\/media?parent=6218"}],"wp:term":[{"taxonomy":"category","embeddable":true,"href":"https:\/\/www.sabine-seyffert.de\/blog\/wp-json\/wp\/v2\/categories?post=6218"},{"taxonomy":"post_tag","embeddable":true,"href":"https:\/\/www.sabine-seyffert.de\/blog\/wp-json\/wp\/v2\/tags?post=6218"}],"curies":[{"name":"wp","href":"https:\/\/api.w.org\/{rel}","templated":true}]}}