{"id":618,"date":"2013-02-28T07:36:12","date_gmt":"2013-02-28T05:36:12","guid":{"rendered":"http:\/\/www.sabine-seyffert.de\/blog\/?p=618"},"modified":"2017-03-06T18:27:40","modified_gmt":"2017-03-06T16:27:40","slug":"ein-marchenhafter-fruhlingsbote","status":"publish","type":"post","link":"https:\/\/www.sabine-seyffert.de\/blog\/ein-marchenhafter-fruhlingsbote\/","title":{"rendered":"Ein m\u00e4rchenhafter Fr\u00fchlingsbote"},"content":{"rendered":"<p style=\"text-align: justify;\"><img loading=\"lazy\" decoding=\"async\" src=\"https:\/\/ssl-vg03.met.vgwort.de\/na\/f0e60aa125b24052b9d47ba2e0054e9f\" alt=\"\" width=\"1\" height=\"1\" \/>Eigentlich hatte ich f\u00fcr heute einen ganz anderen Beitrag geplant. Aber manchmal kommt alles ganz anders. Mein kreativer Kopf hat mir wieder einmal kr\u00e4ftig dazwischen gefunkt und gab einfach keine Ruhe. So ist das eben. Also habe ich dem Dr\u00e4ngen meiner Kreativit\u00e4t nachgegeben und die Idee zu Papier gebracht.<\/p>\n<p style=\"text-align: justify;\">Angefangen hat es am Montag. Am besagten Montag hat <a href=\"http:\/\/www.luziapimpinella.blogspot.de\/\" target=\"_blank\">Designerin Nic<\/a> ihren wunderbaren Zwergenstempel vorgestellt, der in mir offenbar gleich eine neue Idee hervorgerufen hat. Zwerge kommen als m\u00e4rchenhafte Wesen hier und da in einigen meiner Fantasiereisen vor. Aber ein Entspannungsr\u00e4tsel (wer nicht wei\u00df, was das genau ist, kann <a href=\"http:\/\/www.sabine-seyffert.de\/blog\/?p=48\" target=\"_blank\">hier<\/a> nachlesen, und <a href=\"http:\/\/www.sabine-seyffert.de\/blog\/?p=59\" target=\"_blank\">hier<\/a> findet man Tipps wie man sie durchf\u00fchrt) gab es dazu bisher noch nicht. F\u00fcr alle, die vom diesj\u00e4hrigen Winterblues heimgesucht werden, ist die kleine Geschichte sicher ein willkommener Lichtblick. Mit Hilfe der kleinen Entspannungseinheit l\u00e4sst es sich f\u00fcr eine Weile davontr\u00e4umen, geradewegs dem Fr\u00fchling entgegen\u2026<br \/>\nGanz besonders freut mich, dass Nic mir hierf\u00fcr spontan einen ihrer zauberhaften Fliegenpilze als Grafik zur Verf\u00fcgung gestellt hat. Daher widme ich dieses R\u00e4tsel auch ihr, als kleines Dankesch\u00f6n und werde wohl jedes Mal ihre Zwerge und Pilze vor meinem inneren Auge haben, wenn ich das R\u00e4tsel erz\u00e4hlen werde &#8211; Danke Nic!<\/p>\n<p style=\"text-align: center;\"><a href=\"http:\/\/www.sabine-seyffert.de\/blog\/wp-content\/uploads\/2013\/02\/pilz-2.jpg\"><img loading=\"lazy\" decoding=\"async\" class=\"alignnone size-full wp-image-619\" src=\"http:\/\/www.sabine-seyffert.de\/blog\/wp-content\/uploads\/2013\/02\/pilz-2.jpg\" alt=\"pilz 2\" width=\"471\" height=\"404\" srcset=\"https:\/\/www.sabine-seyffert.de\/blog\/wp-content\/uploads\/2013\/02\/pilz-2.jpg 471w, https:\/\/www.sabine-seyffert.de\/blog\/wp-content\/uploads\/2013\/02\/pilz-2-300x257.jpg 300w\" sizes=\"auto, (max-width: 471px) 100vw, 471px\" \/><\/a><\/p>\n<p style=\"text-align: center;\">Die Rechte dieser Grafik liegen bei <a href=\"http:\/\/luziapimpinella.blogspot.de\" target=\"_blank\">Luzia Pimpinella<\/a><\/p>\n<p style=\"text-align: justify;\">Ein m\u00e4rchenhaftes Entspannungsr\u00e4tsel zum Tr\u00e4umen und Ausruhen:<\/p>\n<p style=\"text-align: justify;\">S<em>chlie\u00dfe nun deine Augen und stell dir einmal vor du bist klein\u2026 Richtig klein, m\u00e4rchenhaft klein, einfach herrlich klitzeklein\u2026 So klein, dass du bequem unter einen Fliegenpilz passt und dort ein richtig gem\u00fctliches Picknick mit deinen Freunden machen kannst\u2026 Du bist schon alt und hast einen langen, wei\u00dfen Bart\u2026 Auf deinem kleinen Kopf sitzt eine lustige, kunterbunte M\u00fctze, die munter wackelt, wenn du besch\u00e4ftigt im Wald umher l\u00e4ufst und nach k\u00f6stlichen Beeren oder N\u00fcssen suchst\u2026 Du liebst den Wald, die B\u00e4ume, Hasen, Eulen und Rehe\u2026 Vor allen Dingen aber liebst du das Moos\u2026 Immer dann wenn der Himmel so richtig sch\u00f6n strahlend blau ist und die Sonne ganz wunderbar scheint, suchst du dir ein sch\u00f6nes Pl\u00e4tzchen im weichen Moosbett und machst es dir dort gem\u00fctlich\u2026 Du bettest deinen Kopf auf das weiche Moos, und streckst alle Viere von dir, das tut vielleicht gut\u2026 Du l\u00e4sst dir die Sonne auf den kleinen Bauch scheinen und deine Gedanken ziehen wie Wolken am Himmel dahin\u2026 Ganz ruhig und entspannt liegst du da und tr\u00e4umst in den lieben Tag hinein\u2026\u00a0 Du f\u00fchlst sich rundherum warm und ganz geborgen&#8230; Was f\u00fcr ein Gl\u00fcck\u2026<\/em><\/p>\n<p style=\"text-align: justify;\"><em>Na, hast du erraten, was du in diesem R\u00e4tsel gewesen bist?<\/em><br \/>\n<strong>Ein Zwerg<\/strong><\/p>\n<p style=\"text-align: center;\"><a href=\"http:\/\/www.sabine-seyffert.de\/blog\/wp-content\/uploads\/2013\/02\/Zwerg-Copy-1.jpg\"><img loading=\"lazy\" decoding=\"async\" class=\"alignnone size-full wp-image-620\" src=\"http:\/\/www.sabine-seyffert.de\/blog\/wp-content\/uploads\/2013\/02\/Zwerg-Copy-1.jpg\" alt=\"Zwerg Copy 1\" width=\"602\" height=\"630\" srcset=\"https:\/\/www.sabine-seyffert.de\/blog\/wp-content\/uploads\/2013\/02\/Zwerg-Copy-1.jpg 713w, https:\/\/www.sabine-seyffert.de\/blog\/wp-content\/uploads\/2013\/02\/Zwerg-Copy-1-286x300.jpg 286w\" sizes=\"auto, (max-width: 602px) 100vw, 602px\" \/><\/a><\/p>\n<p style=\"text-align: justify;\">Wer weitere Tipps gegen den Winterblues sucht, kann gerne <a href=\"http:\/\/www.sabine-seyffert.de\/blog\/?p=558\" target=\"_blank\">hier<\/a> nochmals nachlesen!<\/p>\n<p><a href=\"http:\/\/www.sabine-seyffert.de\/blog\/?page_id=32#urheberrecht\">urherrechtlich gesch\u00fctzt<\/a>, \u00a9 Sabine Seyffert<\/p>\n","protected":false},"excerpt":{"rendered":"<p>Eigentlich hatte ich f\u00fcr heute einen ganz anderen Beitrag geplant. Aber manchmal kommt alles ganz anders. Mein kreativer Kopf hat mir wieder einmal kr\u00e4ftig dazwischen gefunkt und gab einfach keine Ruhe. So ist das eben. Also habe ich dem Dr\u00e4ngen meiner Kreativit\u00e4t nachgegeben und die Idee zu Papier gebracht. Angefangen hat es am Montag. Am&#8230; <a href=\"https:\/\/www.sabine-seyffert.de\/blog\/ein-marchenhafter-fruhlingsbote\/\" class=\"more-link\">Read more: Ein m\u00e4rchenhafter Fr\u00fchlingsbote<\/a><\/p>\n","protected":false},"author":1,"featured_media":0,"comment_status":"open","ping_status":"open","sticky":false,"template":"","format":"standard","meta":{"_metis_text_type":"","_metis_text_length":2753,"_post_count":0,"footnotes":""},"categories":[2],"tags":[],"class_list":["post-618","post","type-post","status-publish","format-standard","hentry","category-entspannungsratsel"],"_links":{"self":[{"href":"https:\/\/www.sabine-seyffert.de\/blog\/wp-json\/wp\/v2\/posts\/618","targetHints":{"allow":["GET"]}}],"collection":[{"href":"https:\/\/www.sabine-seyffert.de\/blog\/wp-json\/wp\/v2\/posts"}],"about":[{"href":"https:\/\/www.sabine-seyffert.de\/blog\/wp-json\/wp\/v2\/types\/post"}],"author":[{"embeddable":true,"href":"https:\/\/www.sabine-seyffert.de\/blog\/wp-json\/wp\/v2\/users\/1"}],"replies":[{"embeddable":true,"href":"https:\/\/www.sabine-seyffert.de\/blog\/wp-json\/wp\/v2\/comments?post=618"}],"version-history":[{"count":21,"href":"https:\/\/www.sabine-seyffert.de\/blog\/wp-json\/wp\/v2\/posts\/618\/revisions"}],"predecessor-version":[{"id":9902,"href":"https:\/\/www.sabine-seyffert.de\/blog\/wp-json\/wp\/v2\/posts\/618\/revisions\/9902"}],"wp:attachment":[{"href":"https:\/\/www.sabine-seyffert.de\/blog\/wp-json\/wp\/v2\/media?parent=618"}],"wp:term":[{"taxonomy":"category","embeddable":true,"href":"https:\/\/www.sabine-seyffert.de\/blog\/wp-json\/wp\/v2\/categories?post=618"},{"taxonomy":"post_tag","embeddable":true,"href":"https:\/\/www.sabine-seyffert.de\/blog\/wp-json\/wp\/v2\/tags?post=618"}],"curies":[{"name":"wp","href":"https:\/\/api.w.org\/{rel}","templated":true}]}}