{"id":6178,"date":"2015-09-24T07:26:36","date_gmt":"2015-09-24T05:26:36","guid":{"rendered":"http:\/\/www.sabine-seyffert.de\/blog\/?p=6178"},"modified":"2022-12-02T19:57:20","modified_gmt":"2022-12-02T17:57:20","slug":"ein-brotbeutel-und-der-selbst-genaehte-broetchenbeutel-und-seine-folgen","status":"publish","type":"post","link":"https:\/\/www.sabine-seyffert.de\/blog\/ein-brotbeutel-und-der-selbst-genaehte-broetchenbeutel-und-seine-folgen\/","title":{"rendered":"Ein Brotbeutel, der selbst gen\u00e4hte Br\u00f6tchenbeutel und seine Folgen\u2026"},"content":{"rendered":"<p style=\"text-align: justify;\"><img loading=\"lazy\" decoding=\"async\" src=\"https:\/\/ssl-vg03.met.vgwort.de\/na\/8e0f14d271df49738ecae954148b7d66\" alt=\"\" width=\"1\" height=\"1\" \/>Erst einmal danke ich Euch ganz herzlich f\u00fcr die tolle Resonanz bez\u00fcglich meiner vor kurzem vorgestellten <a href=\"http:\/\/www.sabine-seyffert.de\/blog\/?p=5953\" target=\"_blank\" rel=\"noopener\">Br\u00f6tchent\u00fcte<\/a>. Das Euch der Beutel derart gut gef\u00e4llt und viele motiviert hat ebenfalls einen solchen zu n\u00e4hen finde ich gro\u00dfartig!<\/p>\n<p style=\"text-align: center;\"><a href=\"http:\/\/www.sabine-seyffert.de\/blog\/wp-content\/uploads\/2015\/09\/12.jpg\"><img loading=\"lazy\" decoding=\"async\" class=\"alignnone size-full wp-image-6179\" src=\"http:\/\/www.sabine-seyffert.de\/blog\/wp-content\/uploads\/2015\/09\/12.jpg\" alt=\"1\" width=\"800\" height=\"600\" srcset=\"https:\/\/www.sabine-seyffert.de\/blog\/wp-content\/uploads\/2015\/09\/12.jpg 800w, https:\/\/www.sabine-seyffert.de\/blog\/wp-content\/uploads\/2015\/09\/12-300x225.jpg 300w\" sizes=\"auto, (max-width: 800px) 100vw, 800px\" \/><\/a><\/p>\n<p style=\"text-align: justify;\">Nachdem ich das erste Mal mit meinem Beutel vom B\u00e4cker kam, war ich sehr zufrieden und habe mich gleich voller Tatendrang an einen passenden Brotbeutel aus Stoff gemacht um auch hier in Zukunft Verpackungsmaterial zu vermeiden. Leider hielt meine Freude nicht lange an. Schon beim Brotkauf gab es an der B\u00e4ckereitheke eher genervte Reaktionen und mehrfach wurde das Brot schnell in Papier gerollt um es mir so f\u00fcr den Beutel anzureichen. Das war nat\u00fcrlich nicht im Sinne des Stoffbeutels!<\/p>\n<p style=\"text-align: center;\"><a href=\"http:\/\/www.sabine-seyffert.de\/blog\/wp-content\/uploads\/2015\/09\/22.jpg\"><img loading=\"lazy\" decoding=\"async\" class=\"alignnone size-full wp-image-6180\" src=\"http:\/\/www.sabine-seyffert.de\/blog\/wp-content\/uploads\/2015\/09\/22.jpg\" alt=\"2\" width=\"800\" height=\"600\" srcset=\"https:\/\/www.sabine-seyffert.de\/blog\/wp-content\/uploads\/2015\/09\/22.jpg 800w, https:\/\/www.sabine-seyffert.de\/blog\/wp-content\/uploads\/2015\/09\/22-300x225.jpg 300w\" sizes=\"auto, (max-width: 800px) 100vw, 800px\" \/><\/a><\/p>\n<p style=\"text-align: justify;\">\u00dcberboten wurde das Ganze dann beim n\u00e4chsten Br\u00f6tcheneinkauf. Wo mir das Brot noch widerwillig \u00fcber die Theke gereicht wurde damit ich es in den Beutel legen konnte eskalierte es bei den Br\u00f6tchen vollkommen.<\/p>\n<p style=\"text-align: center;\"><a href=\"http:\/\/www.sabine-seyffert.de\/blog\/wp-content\/uploads\/2015\/09\/52.jpg\"><img loading=\"lazy\" decoding=\"async\" class=\"alignnone size-full wp-image-6181\" src=\"http:\/\/www.sabine-seyffert.de\/blog\/wp-content\/uploads\/2015\/09\/52.jpg\" alt=\"5\" width=\"600\" height=\"800\" srcset=\"https:\/\/www.sabine-seyffert.de\/blog\/wp-content\/uploads\/2015\/09\/52.jpg 600w, https:\/\/www.sabine-seyffert.de\/blog\/wp-content\/uploads\/2015\/09\/52-225x300.jpg 225w\" sizes=\"auto, (max-width: 600px) 100vw, 600px\" \/><\/a><\/p>\n<p style=\"text-align: justify;\">Denn hierbei toppte das Prozedere dann sogar den Papiert\u00fctenverbrauch, der normalerweise beim Br\u00f6tcheneinkauf anf\u00e4llt: Die Mitarbeiterin weigerte sich mir die Br\u00f6tchen direkt in meinen sauberen, frisch gewaschenen Stoffsack zu packen. Stattdessen packte sie die von mir bestellten Br\u00f6tchen immer in etwa 2-4er St\u00fcckzahl in kleine T\u00fcten, kippte diese \u00fcber die Theke in meinen Stoffsack, zerkn\u00fcllte die verwendete Papiert\u00fcte und warf diese in den M\u00fcll, bevor sie eine neue Papiert\u00fcte f\u00fcr die n\u00e4chsten Br\u00f6tchen verschwendete&#8230;!? Meiner Meinung nach eine wirklich absolut unn\u00f6tige Vergeudung von wertvollen Ressourcen!<\/p>\n<p style=\"text-align: center;\"><a href=\"http:\/\/www.sabine-seyffert.de\/blog\/wp-content\/uploads\/2015\/09\/62.jpg\"><img loading=\"lazy\" decoding=\"async\" class=\"alignnone size-full wp-image-6182\" src=\"http:\/\/www.sabine-seyffert.de\/blog\/wp-content\/uploads\/2015\/09\/62.jpg\" alt=\"6\" width=\"800\" height=\"600\" srcset=\"https:\/\/www.sabine-seyffert.de\/blog\/wp-content\/uploads\/2015\/09\/62.jpg 800w, https:\/\/www.sabine-seyffert.de\/blog\/wp-content\/uploads\/2015\/09\/62-300x225.jpg 300w\" sizes=\"auto, (max-width: 800px) 100vw, 800px\" \/><\/a><\/p>\n<p style=\"text-align: justify;\">Daraufhin habe ich bei der Gesch\u00e4ftsleitung von meinem Erlebnis berichtet und um eine Stellungsname gebeten. Die kam dann etliche Zeit sp\u00e4ter. Darin wurde mir mitgeteilt, das dies aus hygienischen Gr\u00fcnden nicht gestattet sei. Sie w\u00fcrden nach einer L\u00f6sung suchen und baten um Geduld \u2026<\/p>\n<p style=\"text-align: center;\"><a href=\"http:\/\/www.sabine-seyffert.de\/blog\/wp-content\/uploads\/2015\/09\/7.jpg\"><img loading=\"lazy\" decoding=\"async\" class=\"alignnone size-full wp-image-6183\" src=\"http:\/\/www.sabine-seyffert.de\/blog\/wp-content\/uploads\/2015\/09\/7.jpg\" alt=\"7\" width=\"800\" height=\"600\" srcset=\"https:\/\/www.sabine-seyffert.de\/blog\/wp-content\/uploads\/2015\/09\/7.jpg 800w, https:\/\/www.sabine-seyffert.de\/blog\/wp-content\/uploads\/2015\/09\/7-300x225.jpg 300w\" sizes=\"auto, (max-width: 800px) 100vw, 800px\" \/><\/a><\/p>\n<p style=\"text-align: justify;\">Daher bin ich etwas demotiviert. Dabei habe ich bei <a href=\"http:\/\/www.bioeko.ch\/2015\/07\/04\/einkaufsbeutel-eine-tolle-idee-aber-keiner-wird-sie-nutzen\/\" target=\"_blank\" rel=\"noopener\">Paula<\/a> ganz tolle Einkaufsbeutel f\u00fcr Obst und Gem\u00fcse entdeckt. Auch <a href=\"http:\/\/luziapimpinella.blogspot.de\/2015\/06\/diy-stoff-statt-plastik-selbstgenahte.html\" target=\"_blank\" rel=\"noopener\">Nic<\/a> geht mit ihren selbst gen\u00e4hten Stoffbeuteln einkaufen. Und Caro hatte <a href=\"http:\/\/naturkinder.typepad.com\/naturkinder\/2015\/08\/dies-und-das.html\" target=\"_blank\" rel=\"noopener\">hier<\/a> sogar von einem tollen Laden berichtet, in dem man sich alles selbst abf\u00fcllen und ohne jede Verpackung kaufen kann\u2026 Sind die Bestimmungen in anderen Bundesl\u00e4ndern vielleicht andere als hier?<\/p>\n<p style=\"text-align: justify;\"><a href=\"http:\/\/www.sabine-seyffert.de\/blog\/wp-content\/uploads\/2015\/09\/31.jpg\"><img loading=\"lazy\" decoding=\"async\" class=\"alignnone size-full wp-image-6184\" src=\"http:\/\/www.sabine-seyffert.de\/blog\/wp-content\/uploads\/2015\/09\/31.jpg\" alt=\"3\" width=\"800\" height=\"600\" srcset=\"https:\/\/www.sabine-seyffert.de\/blog\/wp-content\/uploads\/2015\/09\/31.jpg 800w, https:\/\/www.sabine-seyffert.de\/blog\/wp-content\/uploads\/2015\/09\/31-300x225.jpg 300w\" sizes=\"auto, (max-width: 800px) 100vw, 800px\" \/><\/a><\/p>\n<p style=\"text-align: justify;\">Aus diesem Grund w\u00fcrde ich mich sehr \u00fcber Eure Erfahrungsberichte und hilfreiche Tipps diesbez\u00fcglich freuen, da ja aus den zahlreichen Kommentaren ersichtlich wurde, dass viele von Euch solche Stofftaschen f\u00fcr die B\u00e4ckerei bereits benutzen. Habt Ihr da Probleme, L\u00f6sungen oder Ideen wie der Einkauf in Zukunft mit solchen Stoffbeuteln reibungslos funktioniert? Ich w\u00e4re dankbar!<\/p>\n<p style=\"text-align: justify;\"><a href=\"http:\/\/www.sabine-seyffert.de\/blog\/?page_id=32#urheberrecht\">urheberrechtlich gesch\u00fctzt<\/a>, \u00a9 Sabine Seyffert<\/p>\n","protected":false},"excerpt":{"rendered":"<p>Erst einmal danke ich Euch ganz herzlich f\u00fcr die tolle Resonanz bez\u00fcglich meiner vor kurzem vorgestellten Br\u00f6tchent\u00fcte. Das Euch der Beutel derart gut gef\u00e4llt und viele motiviert hat ebenfalls einen solchen zu n\u00e4hen finde ich gro\u00dfartig! Nachdem ich das erste Mal mit meinem Beutel vom B\u00e4cker kam, war ich sehr zufrieden und habe mich gleich&#8230; <a href=\"https:\/\/www.sabine-seyffert.de\/blog\/ein-brotbeutel-und-der-selbst-genaehte-broetchenbeutel-und-seine-folgen\/\" class=\"more-link\">Read more: Ein Brotbeutel, der selbst gen\u00e4hte Br\u00f6tchenbeutel und seine Folgen\u2026<\/a><\/p>\n","protected":false},"author":2,"featured_media":6180,"comment_status":"open","ping_status":"open","sticky":false,"template":"","format":"standard","meta":{"_metis_text_type":"","_metis_text_length":2651,"_post_count":0,"footnotes":""},"categories":[33],"tags":[],"class_list":["post-6178","post","type-post","status-publish","format-standard","has-post-thumbnail","hentry","category-kreative-naherein"],"_links":{"self":[{"href":"https:\/\/www.sabine-seyffert.de\/blog\/wp-json\/wp\/v2\/posts\/6178","targetHints":{"allow":["GET"]}}],"collection":[{"href":"https:\/\/www.sabine-seyffert.de\/blog\/wp-json\/wp\/v2\/posts"}],"about":[{"href":"https:\/\/www.sabine-seyffert.de\/blog\/wp-json\/wp\/v2\/types\/post"}],"author":[{"embeddable":true,"href":"https:\/\/www.sabine-seyffert.de\/blog\/wp-json\/wp\/v2\/users\/2"}],"replies":[{"embeddable":true,"href":"https:\/\/www.sabine-seyffert.de\/blog\/wp-json\/wp\/v2\/comments?post=6178"}],"version-history":[{"count":16,"href":"https:\/\/www.sabine-seyffert.de\/blog\/wp-json\/wp\/v2\/posts\/6178\/revisions"}],"predecessor-version":[{"id":24565,"href":"https:\/\/www.sabine-seyffert.de\/blog\/wp-json\/wp\/v2\/posts\/6178\/revisions\/24565"}],"wp:featuredmedia":[{"embeddable":true,"href":"https:\/\/www.sabine-seyffert.de\/blog\/wp-json\/wp\/v2\/media\/6180"}],"wp:attachment":[{"href":"https:\/\/www.sabine-seyffert.de\/blog\/wp-json\/wp\/v2\/media?parent=6178"}],"wp:term":[{"taxonomy":"category","embeddable":true,"href":"https:\/\/www.sabine-seyffert.de\/blog\/wp-json\/wp\/v2\/categories?post=6178"},{"taxonomy":"post_tag","embeddable":true,"href":"https:\/\/www.sabine-seyffert.de\/blog\/wp-json\/wp\/v2\/tags?post=6178"}],"curies":[{"name":"wp","href":"https:\/\/api.w.org\/{rel}","templated":true}]}}