{"id":6070,"date":"2015-09-12T09:27:05","date_gmt":"2015-09-12T07:27:05","guid":{"rendered":"http:\/\/www.sabine-seyffert.de\/blog\/?p=6070"},"modified":"2018-06-26T17:05:03","modified_gmt":"2018-06-26T15:05:03","slug":"lust-auf-eine-auszeit-ab-zum-unterbachersee-ein-ausflugsziel-fuer-familien","status":"publish","type":"post","link":"https:\/\/www.sabine-seyffert.de\/blog\/lust-auf-eine-auszeit-ab-zum-unterbachersee-ein-ausflugsziel-fuer-familien\/","title":{"rendered":"Lust auf eine Auszeit? Ab zum Unterbachersee \u2013 ein Ausflugsziel f\u00fcr Familien"},"content":{"rendered":"<p style=\"text-align: justify;\"><img loading=\"lazy\" decoding=\"async\" src=\"https:\/\/ssl-vg03.met.vgwort.de\/na\/b77702177625437e849025c47fad1801\" alt=\"\" width=\"1\" height=\"1\" \/>Wenn eine stressige Woche hinter einem liegt, dann freut man sich am Wochenende \u00fcber etwas Erholung. So haben wir uns \u00fcber eine kleine Auszeit am See gefreut. F\u00fcr den Nachwuchs sind Fahrrad &amp; Helm mit ins Auto gewandert und los ging es nach D\u00fcsseldorf zum <a href=\"https:\/\/de.wikipedia.org\/wiki\/Unterbacher_See\" target=\"_blank\" rel=\"noopener\">Unterbachersee<\/a>.<\/p>\n<p style=\"text-align: center;\"><a href=\"http:\/\/www.sabine-seyffert.de\/blog\/wp-content\/uploads\/2015\/09\/Unbenannt-1.jpg\"><img loading=\"lazy\" decoding=\"async\" class=\"alignnone size-full wp-image-6071\" src=\"http:\/\/www.sabine-seyffert.de\/blog\/wp-content\/uploads\/2015\/09\/Unbenannt-1.jpg\" alt=\"Unbenannt - 1\" width=\"800\" height=\"600\" srcset=\"https:\/\/www.sabine-seyffert.de\/blog\/wp-content\/uploads\/2015\/09\/Unbenannt-1.jpg 800w, https:\/\/www.sabine-seyffert.de\/blog\/wp-content\/uploads\/2015\/09\/Unbenannt-1-300x225.jpg 300w\" sizes=\"auto, (max-width: 800px) 100vw, 800px\" \/><\/a><\/p>\n<p style=\"text-align: justify;\">Das Auto wurde auf einem der Parkpl\u00e4tze abgestellt und von dort konnte unsere Wanderung starten. Das Wetter war leider nicht so einladend, aber zumindest trocken. Der Vorteil hierbei war, dass sich nicht ann\u00e4hrend so viele Menschen in diesem Naherholungsgebiet tummeln, wie an sonnigen Tagen oder in der Ferienzeit \u00fcblich.<\/p>\n<p style=\"text-align: center;\"><a href=\"http:\/\/www.sabine-seyffert.de\/blog\/wp-content\/uploads\/2015\/09\/Unbenannt-2.jpg\"><img loading=\"lazy\" decoding=\"async\" class=\"alignnone size-full wp-image-6072\" src=\"http:\/\/www.sabine-seyffert.de\/blog\/wp-content\/uploads\/2015\/09\/Unbenannt-2.jpg\" alt=\"Unbenannt - 2\" width=\"600\" height=\"800\" srcset=\"https:\/\/www.sabine-seyffert.de\/blog\/wp-content\/uploads\/2015\/09\/Unbenannt-2.jpg 600w, https:\/\/www.sabine-seyffert.de\/blog\/wp-content\/uploads\/2015\/09\/Unbenannt-2-225x300.jpg 225w\" sizes=\"auto, (max-width: 600px) 100vw, 600px\" \/><\/a><\/p>\n<p style=\"text-align: justify;\">W\u00e4hrend das Kind radelte, was bei den flachen Wegen hier auch f\u00fcr Fahrradanf\u00e4nger <span style=\"text-decoration: underline;\">kein<\/span> Problem ist, spazierten wir um den See herum.<\/p>\n<p style=\"text-align: center;\"><a href=\"http:\/\/www.sabine-seyffert.de\/blog\/wp-content\/uploads\/2015\/09\/Unbenannt-11.jpg\"><img loading=\"lazy\" decoding=\"async\" class=\"alignnone size-full wp-image-6073\" src=\"http:\/\/www.sabine-seyffert.de\/blog\/wp-content\/uploads\/2015\/09\/Unbenannt-11.jpg\" alt=\"Unbenannt - 11\" width=\"600\" height=\"800\" srcset=\"https:\/\/www.sabine-seyffert.de\/blog\/wp-content\/uploads\/2015\/09\/Unbenannt-11.jpg 600w, https:\/\/www.sabine-seyffert.de\/blog\/wp-content\/uploads\/2015\/09\/Unbenannt-11-225x300.jpg 225w\" sizes=\"auto, (max-width: 600px) 100vw, 600px\" \/><\/a><\/p>\n<p style=\"text-align: justify;\">Dabei geht man die meiste Zeit durch einen kleinen Wald, dessen B\u00e4ume bei gutem Wetter Schatten spenden, kommt an einigen Wiesen vorbei und auch Sitzgruppen vorbei, auf denen sich prima picknicken l\u00e4sst. Vor allen Dingen hat man aber fast \u00fcberall einen sch\u00f6nen Blick auf den See.<\/p>\n<p style=\"text-align: center;\"><a href=\"http:\/\/www.sabine-seyffert.de\/blog\/wp-content\/uploads\/2015\/09\/Unbenannt-12.jpg\"><img loading=\"lazy\" decoding=\"async\" class=\"alignnone size-full wp-image-6074\" src=\"http:\/\/www.sabine-seyffert.de\/blog\/wp-content\/uploads\/2015\/09\/Unbenannt-12.jpg\" alt=\"Unbenannt - 12\" width=\"800\" height=\"600\" srcset=\"https:\/\/www.sabine-seyffert.de\/blog\/wp-content\/uploads\/2015\/09\/Unbenannt-12.jpg 800w, https:\/\/www.sabine-seyffert.de\/blog\/wp-content\/uploads\/2015\/09\/Unbenannt-12-300x225.jpg 300w\" sizes=\"auto, (max-width: 800px) 100vw, 800px\" \/><\/a><\/p>\n<p style=\"text-align: justify;\">Auf diesem ist je nach Wetterlage allerhand los. In unserem Fall haben wir einige Sportler entdeckt, die die neue Trendsportart Stand up Paddling f\u00fcr sich entdeckt hatten. Aber auch einige Segelboote schipperten auf dem Wasser dahin.<\/p>\n<p style=\"text-align: center;\"><a href=\"http:\/\/www.sabine-seyffert.de\/blog\/wp-content\/uploads\/2015\/09\/Unbenannt-3.jpg\"><img loading=\"lazy\" decoding=\"async\" class=\"alignnone size-full wp-image-6075\" src=\"http:\/\/www.sabine-seyffert.de\/blog\/wp-content\/uploads\/2015\/09\/Unbenannt-3.jpg\" alt=\"Unbenannt - 3\" width=\"600\" height=\"800\" srcset=\"https:\/\/www.sabine-seyffert.de\/blog\/wp-content\/uploads\/2015\/09\/Unbenannt-3.jpg 600w, https:\/\/www.sabine-seyffert.de\/blog\/wp-content\/uploads\/2015\/09\/Unbenannt-3-225x300.jpg 225w\" sizes=\"auto, (max-width: 600px) 100vw, 600px\" \/><\/a><\/p>\n<p style=\"text-align: justify;\">Auf halber Strecke haben wir auf einem der Spielpl\u00e4tze, die um den See verteilt sind, eine Pause eingelegt. Von Rutsche, Kletterturm, Kletterger\u00fcst, Schaukel, Wippe ist alles vorhanden, was man sich als Kind w\u00fcnscht. Au\u00dferdem gibt es eine gro\u00dfe Wiese, die reichlich Platz zum Ballspielen bietet. Gleich hinter dem Spielplatz ragt ein Kletterpark in den Himmel.<\/p>\n<p style=\"text-align: center;\"><a href=\"http:\/\/www.sabine-seyffert.de\/blog\/wp-content\/uploads\/2015\/09\/Unbenannt-5.jpg\"><img loading=\"lazy\" decoding=\"async\" class=\"alignnone size-full wp-image-6076\" src=\"http:\/\/www.sabine-seyffert.de\/blog\/wp-content\/uploads\/2015\/09\/Unbenannt-5.jpg\" alt=\"Unbenannt - 5\" width=\"800\" height=\"534\" srcset=\"https:\/\/www.sabine-seyffert.de\/blog\/wp-content\/uploads\/2015\/09\/Unbenannt-5.jpg 800w, https:\/\/www.sabine-seyffert.de\/blog\/wp-content\/uploads\/2015\/09\/Unbenannt-5-300x200.jpg 300w\" sizes=\"auto, (max-width: 800px) 100vw, 800px\" \/><\/a><br \/>\nEin kleines St\u00fcck weiter haben wir dann eine Art Strandcafe entdeckt, das auch eine Terrasse gleich am Wasser hat.<\/p>\n<p style=\"text-align: center;\"><a href=\"http:\/\/www.sabine-seyffert.de\/blog\/wp-content\/uploads\/2015\/09\/Unbenannt-6.jpg\"><img loading=\"lazy\" decoding=\"async\" class=\"alignnone size-full wp-image-6077\" src=\"http:\/\/www.sabine-seyffert.de\/blog\/wp-content\/uploads\/2015\/09\/Unbenannt-6.jpg\" alt=\"Unbenannt - 6\" width=\"600\" height=\"800\" srcset=\"https:\/\/www.sabine-seyffert.de\/blog\/wp-content\/uploads\/2015\/09\/Unbenannt-6.jpg 600w, https:\/\/www.sabine-seyffert.de\/blog\/wp-content\/uploads\/2015\/09\/Unbenannt-6-225x300.jpg 225w\" sizes=\"auto, (max-width: 600px) 100vw, 600px\" \/><\/a><\/p>\n<p style=\"text-align: justify;\">Dort kann man beim gem\u00fctlichen Kaffeetrinken dann die Segelboote, Surfer oder auch Schwimmer beobachten.<\/p>\n<p style=\"text-align: center;\"><a href=\"http:\/\/www.sabine-seyffert.de\/blog\/wp-content\/uploads\/2015\/09\/Unbenannt-7.jpg\"><img loading=\"lazy\" decoding=\"async\" class=\"alignnone size-full wp-image-6078\" src=\"http:\/\/www.sabine-seyffert.de\/blog\/wp-content\/uploads\/2015\/09\/Unbenannt-7.jpg\" alt=\"Unbenannt - 7\" width=\"800\" height=\"600\" srcset=\"https:\/\/www.sabine-seyffert.de\/blog\/wp-content\/uploads\/2015\/09\/Unbenannt-7.jpg 800w, https:\/\/www.sabine-seyffert.de\/blog\/wp-content\/uploads\/2015\/09\/Unbenannt-7-300x225.jpg 300w\" sizes=\"auto, (max-width: 800px) 100vw, 800px\" \/><\/a><\/p>\n<p style=\"text-align: justify;\">Denn das Schwimmbad, die Surf- sowie die Segelschule liegen in unmittelbarer Umgebung. So gest\u00e4rkt ging es dann die zweite H\u00e4lfte des Sees herum.<\/p>\n<p style=\"text-align: center;\"><a href=\"http:\/\/www.sabine-seyffert.de\/blog\/wp-content\/uploads\/2015\/09\/Unbenannt-10.jpg\"><img loading=\"lazy\" decoding=\"async\" class=\"alignnone size-full wp-image-6079\" src=\"http:\/\/www.sabine-seyffert.de\/blog\/wp-content\/uploads\/2015\/09\/Unbenannt-10.jpg\" alt=\"Unbenannt - 10\" width=\"600\" height=\"800\" srcset=\"https:\/\/www.sabine-seyffert.de\/blog\/wp-content\/uploads\/2015\/09\/Unbenannt-10.jpg 600w, https:\/\/www.sabine-seyffert.de\/blog\/wp-content\/uploads\/2015\/09\/Unbenannt-10-225x300.jpg 225w\" sizes=\"auto, (max-width: 600px) 100vw, 600px\" \/><\/a><br \/>\n<a href=\"http:\/\/www.sabine-seyffert.de\/blog\/?page_id=32#urheberrecht\">urheberrechtlich gesch\u00fctzt<\/a>, \u00a9 Sabine Seyffert<\/p>\n","protected":false},"excerpt":{"rendered":"<p>Wenn eine stressige Woche hinter einem liegt, dann freut man sich am Wochenende \u00fcber etwas Erholung. So haben wir uns \u00fcber eine kleine Auszeit am See gefreut. F\u00fcr den Nachwuchs sind Fahrrad &amp; Helm mit ins Auto gewandert und los ging es nach D\u00fcsseldorf zum Unterbachersee. Das Auto wurde auf einem der Parkpl\u00e4tze abgestellt und&#8230; <a href=\"https:\/\/www.sabine-seyffert.de\/blog\/lust-auf-eine-auszeit-ab-zum-unterbachersee-ein-ausflugsziel-fuer-familien\/\" class=\"more-link\">Read more: Lust auf eine Auszeit? Ab zum Unterbachersee \u2013 ein Ausflugsziel f\u00fcr Familien<\/a><\/p>\n","protected":false},"author":2,"featured_media":6074,"comment_status":"open","ping_status":"open","sticky":false,"template":"","format":"standard","meta":{"_metis_text_type":"","_metis_text_length":2018,"_post_count":0,"footnotes":""},"categories":[39],"tags":[],"class_list":["post-6070","post","type-post","status-publish","format-standard","has-post-thumbnail","hentry","category-ausfluge-co"],"_links":{"self":[{"href":"https:\/\/www.sabine-seyffert.de\/blog\/wp-json\/wp\/v2\/posts\/6070","targetHints":{"allow":["GET"]}}],"collection":[{"href":"https:\/\/www.sabine-seyffert.de\/blog\/wp-json\/wp\/v2\/posts"}],"about":[{"href":"https:\/\/www.sabine-seyffert.de\/blog\/wp-json\/wp\/v2\/types\/post"}],"author":[{"embeddable":true,"href":"https:\/\/www.sabine-seyffert.de\/blog\/wp-json\/wp\/v2\/users\/2"}],"replies":[{"embeddable":true,"href":"https:\/\/www.sabine-seyffert.de\/blog\/wp-json\/wp\/v2\/comments?post=6070"}],"version-history":[{"count":3,"href":"https:\/\/www.sabine-seyffert.de\/blog\/wp-json\/wp\/v2\/posts\/6070\/revisions"}],"predecessor-version":[{"id":12858,"href":"https:\/\/www.sabine-seyffert.de\/blog\/wp-json\/wp\/v2\/posts\/6070\/revisions\/12858"}],"wp:featuredmedia":[{"embeddable":true,"href":"https:\/\/www.sabine-seyffert.de\/blog\/wp-json\/wp\/v2\/media\/6074"}],"wp:attachment":[{"href":"https:\/\/www.sabine-seyffert.de\/blog\/wp-json\/wp\/v2\/media?parent=6070"}],"wp:term":[{"taxonomy":"category","embeddable":true,"href":"https:\/\/www.sabine-seyffert.de\/blog\/wp-json\/wp\/v2\/categories?post=6070"},{"taxonomy":"post_tag","embeddable":true,"href":"https:\/\/www.sabine-seyffert.de\/blog\/wp-json\/wp\/v2\/tags?post=6070"}],"curies":[{"name":"wp","href":"https:\/\/api.w.org\/{rel}","templated":true}]}}