{"id":606,"date":"2013-02-27T07:56:25","date_gmt":"2013-02-27T05:56:25","guid":{"rendered":"http:\/\/www.sabine-seyffert.de\/blog\/?p=606"},"modified":"2017-03-06T18:28:44","modified_gmt":"2017-03-06T16:28:44","slug":"von-wintersternen-erdnussketten","status":"publish","type":"post","link":"https:\/\/www.sabine-seyffert.de\/blog\/von-wintersternen-erdnussketten\/","title":{"rendered":"Von Wintersternen &#038; Erdnussketten"},"content":{"rendered":"<p style=\"text-align: justify;\"><img loading=\"lazy\" decoding=\"async\" src=\"https:\/\/ssl-vg03.met.vgwort.de\/na\/ebfda4526c8b4f148fd4356cd96d960c\" alt=\"\" width=\"1\" height=\"1\" \/>Damit alle sehen k\u00f6nnen, dass ich die Dinge von denen ich in meinen B\u00fcchern schreibe auch wirklich ausprobiere und umsetze, gibt es heute mal ein DIY f\u00fcr all diejenigen, die gerne werkeln. In meinem Buch <a href=\"http:\/\/www.cornelsen.de\/home\/katalog\/titel\/9783589247363\" target=\"_blank\">Heute schneit\u2018s im Gruppenraum<\/a> aus dem Cornelsen Verlag ist dies als Idee und Anregungen enthalten, jedoch ohne detaillierte Anleitung. Da der Winter uns dieses Jahr fest im Griff hat, passt die Idee hervorragend. Eine umfassende Rezension zu diesem Buch findet man \u00fcbrigens auch <a href=\"http:\/\/www.skg-forum.de\/fachbuecher\/fachbuch324.htm \" target=\"_blank\">hier<\/a>.<\/p>\n<p style=\"text-align: justify;\"><strong>Das wird gebraucht:<\/strong><br \/>\nPl\u00e4tzchenausstecher, Alufolie, Kokosfett, etwas Vogelfutter, frische Erdn\u00fcsse mit Schale, eine Nadel, Nylongarn<\/p>\n<p><a href=\"http:\/\/www.sabine-seyffert.de\/blog\/wp-content\/uploads\/2013\/02\/voegelfutter-1.jpg\"><img loading=\"lazy\" decoding=\"async\" class=\"size-full wp-image-607 aligncenter\" src=\"http:\/\/www.sabine-seyffert.de\/blog\/wp-content\/uploads\/2013\/02\/voegelfutter-1.jpg\" alt=\"voegelfutter 1\" width=\"660\" height=\"480\" srcset=\"https:\/\/www.sabine-seyffert.de\/blog\/wp-content\/uploads\/2013\/02\/voegelfutter-1.jpg 660w, https:\/\/www.sabine-seyffert.de\/blog\/wp-content\/uploads\/2013\/02\/voegelfutter-1-300x218.jpg 300w\" sizes=\"auto, (max-width: 660px) 100vw, 660px\" \/><\/a><\/p>\n<p style=\"text-align: justify;\"><strong>So wird\u2019s gemacht:<\/strong><br \/>\nAls erstes m\u00fcssen die Ausstecher pr\u00e4pariert werden. Dazu schneidet man ein gr\u00f6\u00dferes St\u00fcck Alufolie ab und faltet es so, dass es mindestens doppelt liegt und nicht rei\u00dft. Nun legt man mittig den gew\u00fcnschten Ausstecher darauf, wir haben uns f\u00fcr Sterne entschieden, und knickt die \u00fcberstehende Alufolie am \u00e4u\u00dferen Rand nach oben bzw. dr\u00fcckt diese Au\u00dfen fest zusammen. Dasselbe macht man bei den restlichen Ausstechern, der gew\u00fcnschten Anzahl entsprechend. Nun f\u00fcllt man den Ausstecher bis zum Rand mit etwas Vogelfutter. Das klappt recht gut mit einem kleinen L\u00f6ffel. Dann erw\u00e4rmt man in einem Topf das Kokosfett und f\u00fcllt das fl\u00fcssige Fett vorsichtig (!) in die vorbereiteten F\u00f6rmchen.<br \/>\nWir haben alles in den K\u00fchlschrank gestellt, damit das Fett wieder hart wird. Es klappt aber auch, wenn man dies \u00fcber Nacht an einem k\u00fchlen Ort ruhen l\u00e4sst. Ist das Fett wieder ganz fest, trennt man die Vogelfutterfiguren vorsichtig auf der Form. Das klappt durch das Fett problemlos. Nun zieht man mit der Nadel jeweils einen Nylonfaden durch den K\u00f6rnerstern und bindet diesen ohne zusammen. So kann man die selbstgemachten Sterne drau\u00dfen im Garten an einen Busch oder Baum h\u00e4ngen. Wir haben diese recht hoch und am \u00e4u\u00dferen Rand von d\u00fcnnen Zweigen geh\u00e4ngt, damit keine Katzen, Marder o.\u00e4. an das Futter oder die futternden V\u00f6gel kommen kann.<\/p>\n<p style=\"text-align: center;\"><a href=\"http:\/\/www.sabine-seyffert.de\/blog\/wp-content\/uploads\/2013\/02\/voegelfutter-2.jpg\"><img loading=\"lazy\" decoding=\"async\" class=\"alignnone size-full wp-image-608\" src=\"http:\/\/www.sabine-seyffert.de\/blog\/wp-content\/uploads\/2013\/02\/voegelfutter-2.jpg\" alt=\"voegelfutter 2\" width=\"468\" height=\"502\" srcset=\"https:\/\/www.sabine-seyffert.de\/blog\/wp-content\/uploads\/2013\/02\/voegelfutter-2.jpg 468w, https:\/\/www.sabine-seyffert.de\/blog\/wp-content\/uploads\/2013\/02\/voegelfutter-2-279x300.jpg 279w\" sizes=\"auto, (max-width: 468px) 100vw, 468px\" \/><\/a><\/p>\n<p style=\"text-align: justify;\">Eine weitere Idee sind Erdnussketten, die meine T\u00f6chter eifrig gef\u00e4delt haben. Dazu braucht man frische Erdn\u00fcsse mit Schale, eine dickere Nadel sowie Nylongarn. Auf das Garn f\u00e4delt man nach und nach die Erdn\u00fcsse. Am besten zieht man Nadel &amp; Faden mittig durch um nicht auf eine Nuss zu treffen. Ist die gew\u00fcnschte L\u00e4nge erreicht knotet man das Garn oberhalb zusammen. Diese Ketten lassen sich ebenfalls in einen Baum h\u00e4ngen.<\/p>\n<p style=\"text-align: center;\"><a href=\"http:\/\/www.sabine-seyffert.de\/blog\/wp-content\/uploads\/2013\/02\/Erdnusskette-1.jpg\"><img loading=\"lazy\" decoding=\"async\" class=\"alignnone size-full wp-image-609\" src=\"http:\/\/www.sabine-seyffert.de\/blog\/wp-content\/uploads\/2013\/02\/Erdnusskette-1.jpg\" alt=\"Erdnusskette 1\" width=\"568\" height=\"427\" srcset=\"https:\/\/www.sabine-seyffert.de\/blog\/wp-content\/uploads\/2013\/02\/Erdnusskette-1.jpg 600w, https:\/\/www.sabine-seyffert.de\/blog\/wp-content\/uploads\/2013\/02\/Erdnusskette-1-300x225.jpg 300w\" sizes=\"auto, (max-width: 568px) 100vw, 568px\" \/><\/a><\/p>\n<p style=\"text-align: justify;\">\u00dcbrigens sind die Wintersterne und Erdnussketten nicht nur ein netter Augenfang im kahlen Winter sondern auch eine willkommene Besch\u00e4ftigung f\u00fcr nasse, graue Wintertage!<\/p>\n<p style=\"text-align: center;\"><a href=\"http:\/\/www.sabine-seyffert.de\/blog\/wp-content\/uploads\/2013\/02\/Erdnusskette-3.jpg\"><img loading=\"lazy\" decoding=\"async\" class=\"alignnone size-full wp-image-612\" src=\"http:\/\/www.sabine-seyffert.de\/blog\/wp-content\/uploads\/2013\/02\/Erdnusskette-3.jpg\" alt=\"Erdnusskette 3\" width=\"563\" height=\"410\" srcset=\"https:\/\/www.sabine-seyffert.de\/blog\/wp-content\/uploads\/2013\/02\/Erdnusskette-3.jpg 660w, https:\/\/www.sabine-seyffert.de\/blog\/wp-content\/uploads\/2013\/02\/Erdnusskette-3-300x218.jpg 300w\" sizes=\"auto, (max-width: 563px) 100vw, 563px\" \/><\/a><\/p>\n<p style=\"text-align: center;\">P.S.: Unsere Sterne h\u00e4ngen schon eine Weile und sind somit fast weggepickt&#8230;<br \/>\n<a href=\"http:\/\/www.sabine-seyffert.de\/blog\/?page_id=32#urheberrecht\">urherrechtlich gesch\u00fctzt<\/a>, \u00a9 Sabine Seyffert<\/p>\n","protected":false},"excerpt":{"rendered":"<p>Damit alle sehen k\u00f6nnen, dass ich die Dinge von denen ich in meinen B\u00fcchern schreibe auch wirklich ausprobiere und umsetze, gibt es heute mal ein DIY f\u00fcr all diejenigen, die gerne werkeln. In meinem Buch Heute schneit\u2018s im Gruppenraum aus dem Cornelsen Verlag ist dies als Idee und Anregungen enthalten, jedoch ohne detaillierte Anleitung. Da&#8230; <a href=\"https:\/\/www.sabine-seyffert.de\/blog\/von-wintersternen-erdnussketten\/\" class=\"more-link\">Read more: Von Wintersternen &#038; Erdnussketten<\/a><\/p>\n","protected":false},"author":1,"featured_media":0,"comment_status":"open","ping_status":"open","sticky":false,"template":"","format":"standard","meta":{"_metis_text_type":"","_metis_text_length":2692,"_post_count":0,"footnotes":""},"categories":[32,10,22],"tags":[],"class_list":["post-606","post","type-post","status-publish","format-standard","hentry","category-kreatives-fur-kleine-kinderhande","category-spiel-spas","category-winter"],"_links":{"self":[{"href":"https:\/\/www.sabine-seyffert.de\/blog\/wp-json\/wp\/v2\/posts\/606","targetHints":{"allow":["GET"]}}],"collection":[{"href":"https:\/\/www.sabine-seyffert.de\/blog\/wp-json\/wp\/v2\/posts"}],"about":[{"href":"https:\/\/www.sabine-seyffert.de\/blog\/wp-json\/wp\/v2\/types\/post"}],"author":[{"embeddable":true,"href":"https:\/\/www.sabine-seyffert.de\/blog\/wp-json\/wp\/v2\/users\/1"}],"replies":[{"embeddable":true,"href":"https:\/\/www.sabine-seyffert.de\/blog\/wp-json\/wp\/v2\/comments?post=606"}],"version-history":[{"count":6,"href":"https:\/\/www.sabine-seyffert.de\/blog\/wp-json\/wp\/v2\/posts\/606\/revisions"}],"predecessor-version":[{"id":6169,"href":"https:\/\/www.sabine-seyffert.de\/blog\/wp-json\/wp\/v2\/posts\/606\/revisions\/6169"}],"wp:attachment":[{"href":"https:\/\/www.sabine-seyffert.de\/blog\/wp-json\/wp\/v2\/media?parent=606"}],"wp:term":[{"taxonomy":"category","embeddable":true,"href":"https:\/\/www.sabine-seyffert.de\/blog\/wp-json\/wp\/v2\/categories?post=606"},{"taxonomy":"post_tag","embeddable":true,"href":"https:\/\/www.sabine-seyffert.de\/blog\/wp-json\/wp\/v2\/tags?post=606"}],"curies":[{"name":"wp","href":"https:\/\/api.w.org\/{rel}","templated":true}]}}