{"id":6057,"date":"2015-09-10T10:35:37","date_gmt":"2015-09-10T08:35:37","guid":{"rendered":"http:\/\/www.sabine-seyffert.de\/blog\/?p=6057"},"modified":"2018-04-28T11:00:27","modified_gmt":"2018-04-28T09:00:27","slug":"rezeptidee-familientaugliche-zwiebelsuppe-die-schmeckt-auch-dem-nachwuchs","status":"publish","type":"post","link":"https:\/\/www.sabine-seyffert.de\/blog\/rezeptidee-familientaugliche-zwiebelsuppe-die-schmeckt-auch-dem-nachwuchs\/","title":{"rendered":"Rezeptidee: Familientaugliche Zwiebelsuppe, die schmeckt auch dem Nachwuchs"},"content":{"rendered":"<p style=\"text-align: justify;\"><img loading=\"lazy\" decoding=\"async\" src=\"https:\/\/ssl-vg03.met.vgwort.de\/na\/f61ba0110d4a451c82e99bfe0e1f5770\" alt=\"\" width=\"1\" height=\"1\" \/>Der Herbst naht offenbar mit schnellem Schritt und noch ein wenig schneller war die erste Erk\u00e4ltungswelle. Die hat uns eiskalt erwischt und uns nacheinander in die Knie gezwungen. Was w\u00fcrde da besser passen als eine hei\u00dfe Suppe, die allen Krankheitskeimen den Kampf ansagt?<\/p>\n<p style=\"text-align: center;\"><a href=\"http:\/\/www.sabine-seyffert.de\/blog\/wp-content\/uploads\/2015\/09\/A-11.jpg\"><img loading=\"lazy\" decoding=\"async\" class=\"alignnone size-full wp-image-6058\" src=\"http:\/\/www.sabine-seyffert.de\/blog\/wp-content\/uploads\/2015\/09\/A-11.jpg\" alt=\"A 1\" width=\"800\" height=\"600\" srcset=\"https:\/\/www.sabine-seyffert.de\/blog\/wp-content\/uploads\/2015\/09\/A-11.jpg 800w, https:\/\/www.sabine-seyffert.de\/blog\/wp-content\/uploads\/2015\/09\/A-11-300x225.jpg 300w\" sizes=\"auto, (max-width: 800px) 100vw, 800px\" \/><\/a><\/p>\n<p style=\"text-align: justify;\">Zur Jahreszeit passend ist mal wieder unsere hei\u00df geliebte Zwiebelsuppe auf den Mittagstisch gelandet. Die ist nicht nur recht fix zubereitet sondern schmeckt erstaunlicherweise auch dem Nachwuchs bestens \ud83d\ude42<\/p>\n<p style=\"text-align: center;\"><a href=\"http:\/\/www.sabine-seyffert.de\/blog\/wp-content\/uploads\/2015\/09\/A-31.jpg\"><img loading=\"lazy\" decoding=\"async\" class=\"alignnone size-full wp-image-6059\" src=\"http:\/\/www.sabine-seyffert.de\/blog\/wp-content\/uploads\/2015\/09\/A-31.jpg\" alt=\"A 3\" width=\"800\" height=\"600\" srcset=\"https:\/\/www.sabine-seyffert.de\/blog\/wp-content\/uploads\/2015\/09\/A-31.jpg 800w, https:\/\/www.sabine-seyffert.de\/blog\/wp-content\/uploads\/2015\/09\/A-31-300x225.jpg 300w\" sizes=\"auto, (max-width: 800px) 100vw, 800px\" \/><\/a><\/p>\n<p style=\"text-align: justify;\"><strong>Das wird gebraucht:<\/strong><br \/>\n5 gro\u00dfe Gem\u00fcsezwiebeln (etwa 600 gr), 150 gr Kartoffeln, Oliven\u00f6l, 2 Knoblauchzehen (wer mag), 100 ml Wei\u00dfwein, 100 ml Sahne (in unserem Fall Sojasahne), 500 ml Wasser, 2 geh\u00e4ufte Essl\u00f6ffel Gem\u00fcsebr\u00fche, Pfeffer, Salz, Kr\u00e4uter der Provence, 6 Scheiben Bauernbrot, etwas pflanzliche Margarine, Sojaso\u00dfe<\/p>\n<p style=\"text-align: center;\"><a href=\"http:\/\/www.sabine-seyffert.de\/blog\/wp-content\/uploads\/2015\/09\/A-41.jpg\"><img loading=\"lazy\" decoding=\"async\" class=\"alignnone size-full wp-image-6060\" src=\"http:\/\/www.sabine-seyffert.de\/blog\/wp-content\/uploads\/2015\/09\/A-41.jpg\" alt=\"A 4\" width=\"800\" height=\"600\" srcset=\"https:\/\/www.sabine-seyffert.de\/blog\/wp-content\/uploads\/2015\/09\/A-41.jpg 800w, https:\/\/www.sabine-seyffert.de\/blog\/wp-content\/uploads\/2015\/09\/A-41-300x225.jpg 300w\" sizes=\"auto, (max-width: 800px) 100vw, 800px\" \/><\/a><\/p>\n<p style=\"text-align: justify;\"><strong>So wird\u2019s gemacht:<\/strong><br \/>\nZuerst befreit man die gro\u00dfen Zwiebeln, Kartoffen und den Knoblauch von ihrer Schale. Dann gibt man Oliven\u00f6l in einen gro\u00dfen Topf und erhitzt dieses. W\u00e4hrenddessen w\u00fcrfelt man die Zwiebeln, Kartoffeln und den Knoblauch grob und gibt dieses mit in den Topf sobald das \u00d6l warm ist.<\/p>\n<p style=\"text-align: center;\"><a href=\"http:\/\/www.sabine-seyffert.de\/blog\/wp-content\/uploads\/2015\/09\/A-6.jpg\"><img loading=\"lazy\" decoding=\"async\" class=\"alignnone size-full wp-image-6061\" src=\"http:\/\/www.sabine-seyffert.de\/blog\/wp-content\/uploads\/2015\/09\/A-6.jpg\" alt=\"A 6\" width=\"800\" height=\"600\" srcset=\"https:\/\/www.sabine-seyffert.de\/blog\/wp-content\/uploads\/2015\/09\/A-6.jpg 800w, https:\/\/www.sabine-seyffert.de\/blog\/wp-content\/uploads\/2015\/09\/A-6-300x225.jpg 300w\" sizes=\"auto, (max-width: 800px) 100vw, 800px\" \/><\/a><\/p>\n<p style=\"text-align: justify;\">Die d\u00fcnstet man unter st\u00e4ndigem R\u00fchren kurz an, bevor man das Wasser, die Br\u00fche und den Wein dazu sch\u00fcttet. Jetzt l\u00e4sst man die Zwiebel-Mischung eine Weile k\u00f6cheln bis alles gar ist.<\/p>\n<p style=\"text-align: center;\"><a href=\"http:\/\/www.sabine-seyffert.de\/blog\/wp-content\/uploads\/2015\/09\/A-5.jpg\"><img loading=\"lazy\" decoding=\"async\" class=\"alignnone size-full wp-image-6062\" src=\"http:\/\/www.sabine-seyffert.de\/blog\/wp-content\/uploads\/2015\/09\/A-5.jpg\" alt=\"A 5\" width=\"800\" height=\"600\" srcset=\"https:\/\/www.sabine-seyffert.de\/blog\/wp-content\/uploads\/2015\/09\/A-5.jpg 800w, https:\/\/www.sabine-seyffert.de\/blog\/wp-content\/uploads\/2015\/09\/A-5-300x225.jpg 300w\" sizes=\"auto, (max-width: 800px) 100vw, 800px\" \/><\/a><\/p>\n<p style=\"text-align: justify;\">Das Bauernbrot schneidet man in Scheiben und w\u00fcrfelt diese in mundgerechte St\u00fccke. In einer Pfanne erhitzt man etwas Margarine (wer sich nicht vegan ern\u00e4hrt, kann daf\u00fcr auch Butter verwenden!) und r\u00f6stet die Brotw\u00fcrfel darin. Ganz zum Schluss gibt man etwas Sojaso\u00dfe dar\u00fcber, damit die Croutons sch\u00f6n w\u00fcrzig werden.<\/p>\n<p style=\"text-align: center;\"><a href=\"http:\/\/www.sabine-seyffert.de\/blog\/wp-content\/uploads\/2015\/09\/A-7.jpg\"><img loading=\"lazy\" decoding=\"async\" class=\"alignnone size-full wp-image-6063\" src=\"http:\/\/www.sabine-seyffert.de\/blog\/wp-content\/uploads\/2015\/09\/A-7.jpg\" alt=\"A 7\" width=\"800\" height=\"600\" srcset=\"https:\/\/www.sabine-seyffert.de\/blog\/wp-content\/uploads\/2015\/09\/A-7.jpg 800w, https:\/\/www.sabine-seyffert.de\/blog\/wp-content\/uploads\/2015\/09\/A-7-300x225.jpg 300w\" sizes=\"auto, (max-width: 800px) 100vw, 800px\" \/><\/a><\/p>\n<p style=\"text-align: justify;\">Jetzt schmeckt man das Gem\u00fcse mit Salz, Pfeffer und Kr\u00e4utern der Provence ab und p\u00fcriert alles gut durch. Am besten so lang, bis eine feine, cremige Suppe ohne St\u00fcckchen entstanden ist!<\/p>\n<p style=\"text-align: center;\"><a href=\"http:\/\/www.sabine-seyffert.de\/blog\/wp-content\/uploads\/2015\/09\/A-10.jpg\"><img loading=\"lazy\" decoding=\"async\" class=\"alignnone size-full wp-image-6064\" src=\"http:\/\/www.sabine-seyffert.de\/blog\/wp-content\/uploads\/2015\/09\/A-10.jpg\" alt=\"A 10\" width=\"800\" height=\"600\" srcset=\"https:\/\/www.sabine-seyffert.de\/blog\/wp-content\/uploads\/2015\/09\/A-10.jpg 800w, https:\/\/www.sabine-seyffert.de\/blog\/wp-content\/uploads\/2015\/09\/A-10-300x225.jpg 300w\" sizes=\"auto, (max-width: 800px) 100vw, 800px\" \/><\/a><\/p>\n<p style=\"text-align: justify;\"><strong>Ein kleiner Tipp:<\/strong><br \/>\nBesonders lecker schmeckt die Suppe, wenn man als Topping etwas geriebenen Bergk\u00e4se dar\u00fcber streut!<\/p>\n<p style=\"text-align: center;\"><a href=\"http:\/\/www.sabine-seyffert.de\/blog\/wp-content\/uploads\/2015\/09\/A-9.jpg\"><img loading=\"lazy\" decoding=\"async\" class=\"alignnone size-full wp-image-6065\" src=\"http:\/\/www.sabine-seyffert.de\/blog\/wp-content\/uploads\/2015\/09\/A-9.jpg\" alt=\"A 9\" width=\"800\" height=\"600\" srcset=\"https:\/\/www.sabine-seyffert.de\/blog\/wp-content\/uploads\/2015\/09\/A-9.jpg 800w, https:\/\/www.sabine-seyffert.de\/blog\/wp-content\/uploads\/2015\/09\/A-9-300x225.jpg 300w\" sizes=\"auto, (max-width: 800px) 100vw, 800px\" \/><\/a><br \/>\n<a href=\"http:\/\/www.sabine-seyffert.de\/blog\/?page_id=32#urheberrecht\">urheberrechtlich gesch\u00fctzt<\/a>, \u00a9 Sabine Seyffert<\/p>\n","protected":false},"excerpt":{"rendered":"<p>Der Herbst naht offenbar mit schnellem Schritt und noch ein wenig schneller war die erste Erk\u00e4ltungswelle. Die hat uns eiskalt erwischt und uns nacheinander in die Knie gezwungen. Was w\u00fcrde da besser passen als eine hei\u00dfe Suppe, die allen Krankheitskeimen den Kampf ansagt? Zur Jahreszeit passend ist mal wieder unsere hei\u00df geliebte Zwiebelsuppe auf den&#8230; <a href=\"https:\/\/www.sabine-seyffert.de\/blog\/rezeptidee-familientaugliche-zwiebelsuppe-die-schmeckt-auch-dem-nachwuchs\/\" class=\"more-link\">Read more: Rezeptidee: Familientaugliche Zwiebelsuppe, die schmeckt auch dem Nachwuchs<\/a><\/p>\n","protected":false},"author":2,"featured_media":6065,"comment_status":"open","ping_status":"open","sticky":false,"template":"","format":"standard","meta":{"_metis_text_type":"","_metis_text_length":1949,"_post_count":0,"footnotes":""},"categories":[25,44],"tags":[],"class_list":["post-6057","post","type-post","status-publish","format-standard","has-post-thumbnail","hentry","category-herbst","category-rezepte-vegan"],"_links":{"self":[{"href":"https:\/\/www.sabine-seyffert.de\/blog\/wp-json\/wp\/v2\/posts\/6057","targetHints":{"allow":["GET"]}}],"collection":[{"href":"https:\/\/www.sabine-seyffert.de\/blog\/wp-json\/wp\/v2\/posts"}],"about":[{"href":"https:\/\/www.sabine-seyffert.de\/blog\/wp-json\/wp\/v2\/types\/post"}],"author":[{"embeddable":true,"href":"https:\/\/www.sabine-seyffert.de\/blog\/wp-json\/wp\/v2\/users\/2"}],"replies":[{"embeddable":true,"href":"https:\/\/www.sabine-seyffert.de\/blog\/wp-json\/wp\/v2\/comments?post=6057"}],"version-history":[{"count":4,"href":"https:\/\/www.sabine-seyffert.de\/blog\/wp-json\/wp\/v2\/posts\/6057\/revisions"}],"predecessor-version":[{"id":6069,"href":"https:\/\/www.sabine-seyffert.de\/blog\/wp-json\/wp\/v2\/posts\/6057\/revisions\/6069"}],"wp:featuredmedia":[{"embeddable":true,"href":"https:\/\/www.sabine-seyffert.de\/blog\/wp-json\/wp\/v2\/media\/6065"}],"wp:attachment":[{"href":"https:\/\/www.sabine-seyffert.de\/blog\/wp-json\/wp\/v2\/media?parent=6057"}],"wp:term":[{"taxonomy":"category","embeddable":true,"href":"https:\/\/www.sabine-seyffert.de\/blog\/wp-json\/wp\/v2\/categories?post=6057"},{"taxonomy":"post_tag","embeddable":true,"href":"https:\/\/www.sabine-seyffert.de\/blog\/wp-json\/wp\/v2\/tags?post=6057"}],"curies":[{"name":"wp","href":"https:\/\/api.w.org\/{rel}","templated":true}]}}