{"id":6009,"date":"2015-09-03T09:04:26","date_gmt":"2015-09-03T07:04:26","guid":{"rendered":"http:\/\/www.sabine-seyffert.de\/blog\/?p=6009"},"modified":"2018-04-28T11:01:06","modified_gmt":"2018-04-28T09:01:06","slug":"rezept-idee-blitzschneller-wuerziger-aufstrich-aus-linsen-tomaten-mhhh","status":"publish","type":"post","link":"https:\/\/www.sabine-seyffert.de\/blog\/rezept-idee-blitzschneller-wuerziger-aufstrich-aus-linsen-tomaten-mhhh\/","title":{"rendered":"Rezept Idee: Blitzschneller, w\u00fcrziger Aufstrich aus Linsen &#038; Tomaten, mhhh!"},"content":{"rendered":"<p style=\"text-align: justify;\"><img loading=\"lazy\" decoding=\"async\" src=\"https:\/\/ssl-vg03.met.vgwort.de\/na\/88e126b4ef234860a787127aa67c6abc\" alt=\"\" width=\"1\" height=\"1\" \/>Seit Jahren ern\u00e4hren wir uns nun schon vegetarisch und ein Teil der Familie sogar vegan. Das stellt einen des \u00d6fteren vor echte Herausforderungen und nicht selten stellt man sich die Frage: <em>Was<\/em> kommt blo\u00df aufs Butterbrot? Wenn beim Fr\u00fchst\u00fcck gerne ein s\u00fc\u00dfer Aufstrich wie Marmelade &amp; Co. gefragt ist, so soll es beim Pausenbrot oder am Abend gerne etwas deftiges sein. Somit bin ich immer froh \u00fcber neue Rezeptideen zu Aufstrichen, die nicht nur schnell gemacht sind, sondern auch wirklich schmecken. So bin ich vor einiger Zeit \u00fcber ein Rezept gestolpert, dass ich nach eigenen Ideen abge\u00e4ndert habe. Die Familie war begeistert und selbst der Besuch, der zum Essen blieb.<\/p>\n<p style=\"text-align: center;\"><a href=\"http:\/\/www.sabine-seyffert.de\/blog\/wp-content\/uploads\/2015\/09\/1.jpg\"><img loading=\"lazy\" decoding=\"async\" class=\"alignnone size-full wp-image-6010\" src=\"http:\/\/www.sabine-seyffert.de\/blog\/wp-content\/uploads\/2015\/09\/1.jpg\" alt=\"1\" width=\"600\" height=\"800\" srcset=\"https:\/\/www.sabine-seyffert.de\/blog\/wp-content\/uploads\/2015\/09\/1.jpg 600w, https:\/\/www.sabine-seyffert.de\/blog\/wp-content\/uploads\/2015\/09\/1-225x300.jpg 225w\" sizes=\"auto, (max-width: 600px) 100vw, 600px\" \/><\/a><\/p>\n<p style=\"text-align: justify;\"><strong>Das wird gebraucht:<\/strong><br \/>\n1 kleine Dose Linsen (knapp 200 gr), 100 gr getrocknete Tomaten (ohne \u00d6l!), 2-3 Knoblauchzehen, Pfeffer, 2 E\u00dfl Dattel-Balsamico Creme, 1 Essl\u00f6ffel Sonnenblumen\u00f6l, Tomatenw\u00fcrzsalz, 1 Teel\u00f6ffel Honig oder Agavendicksaft, 1-2 Essl\u00f6ffel Paprikamark, etwas Basilikum, getrockneter Rosmarin, Paprika edels\u00fc\u00df<\/p>\n<p style=\"text-align: center;\"><a href=\"http:\/\/www.sabine-seyffert.de\/blog\/wp-content\/uploads\/2015\/09\/2.jpg\"><img loading=\"lazy\" decoding=\"async\" class=\"alignnone size-full wp-image-6011\" src=\"http:\/\/www.sabine-seyffert.de\/blog\/wp-content\/uploads\/2015\/09\/2.jpg\" alt=\"2\" width=\"800\" height=\"600\" srcset=\"https:\/\/www.sabine-seyffert.de\/blog\/wp-content\/uploads\/2015\/09\/2.jpg 800w, https:\/\/www.sabine-seyffert.de\/blog\/wp-content\/uploads\/2015\/09\/2-300x225.jpg 300w\" sizes=\"auto, (max-width: 800px) 100vw, 800px\" \/><\/a><\/p>\n<p style=\"text-align: justify;\"><strong>So wird\u2019s gemacht:<\/strong><br \/>\nVorweg sei gesagt, Linsen geh\u00f6ren nicht gerade zu meinem Lieblingsgericht. Aber in diesem Aufstrich schmeckt man diese so gut wie gar nicht! F\u00fcr die Zubereitung l\u00e4sst man die Linsen gut abtropfen und gibt die H\u00fclsenfr\u00fcchte dann in ein hohes Gef\u00e4\u00df. Die getrockneten Tomaten gibt man dazu und presst die gesch\u00e4lten Knoblauchzehen hinein.<\/p>\n<p style=\"text-align: center;\"><a href=\"http:\/\/www.sabine-seyffert.de\/blog\/wp-content\/uploads\/2015\/09\/5.jpg\"><img loading=\"lazy\" decoding=\"async\" class=\"alignnone size-full wp-image-6012\" src=\"http:\/\/www.sabine-seyffert.de\/blog\/wp-content\/uploads\/2015\/09\/5.jpg\" alt=\"5\" width=\"600\" height=\"801\" srcset=\"https:\/\/www.sabine-seyffert.de\/blog\/wp-content\/uploads\/2015\/09\/5.jpg 600w, https:\/\/www.sabine-seyffert.de\/blog\/wp-content\/uploads\/2015\/09\/5-225x300.jpg 225w\" sizes=\"auto, (max-width: 600px) 100vw, 600px\" \/><\/a><\/p>\n<p style=\"text-align: justify;\">Dann p\u00fcriert man das Ganze gr\u00fcndlich durch. Ist alles sch\u00f6n cremig und keine St\u00fccke mehr vorhanden gibt man die Gew\u00fcrze hinzu. Mit dem Tomatenw\u00fcrzsalz sollte man aufpassen und sehr <span style=\"text-decoration: underline;\">vorsichtig<\/span> (!) dosieren, da die getrockneten Tomaten schon von Natur aus recht salzig sind. Auch die Dattel-Balsamico Creme, Honig und das Paprikamark r\u00fchrt man nun m\u00f6glichst gleichm\u00e4\u00dfig unter.<br \/>\nIn ein sch\u00f6nes Glas mit Deckel gef\u00fcllt macht sich der w\u00fcrzige, vegane Aufstrich ganz wunderbar auf einem Buffet, dem Abendbrottisch oder dem Gartentisch beim Grillen.<\/p>\n<p style=\"text-align: center;\"><a href=\"http:\/\/www.sabine-seyffert.de\/blog\/wp-content\/uploads\/2015\/09\/6.jpg\"><img loading=\"lazy\" decoding=\"async\" class=\"alignnone size-full wp-image-6013\" src=\"http:\/\/www.sabine-seyffert.de\/blog\/wp-content\/uploads\/2015\/09\/6.jpg\" alt=\"6\" width=\"600\" height=\"804\" srcset=\"https:\/\/www.sabine-seyffert.de\/blog\/wp-content\/uploads\/2015\/09\/6.jpg 600w, https:\/\/www.sabine-seyffert.de\/blog\/wp-content\/uploads\/2015\/09\/6-224x300.jpg 224w\" sizes=\"auto, (max-width: 600px) 100vw, 600px\" \/><\/a><\/p>\n<p><strong>Ein kleiner Tipp: <\/strong>Abgef\u00fcllt in ein sch\u00f6nes <a href=\"http:\/\/www.sabine-seyffert.de\/blog\/?p=5414\" target=\"_blank\">Glas mit selbst gemachtem Anh\u00e4nger<\/a> macht sich der Aufstrich auch wunderbar als <a href=\"http:\/\/www.sabine-seyffert.de\/blog\/?cat=43\" target=\"_blank\">Geschenk aus der K\u00fcche<\/a>.<\/p>\n<p style=\"text-align: justify;\"><a href=\"http:\/\/www.sabine-seyffert.de\/blog\/?page_id=32#urheberrecht\">urheberrechtlich gesch\u00fctzt<\/a>, \u00a9 Sabine Seyffert<\/p>\n","protected":false},"excerpt":{"rendered":"<p>Seit Jahren ern\u00e4hren wir uns nun schon vegetarisch und ein Teil der Familie sogar vegan. Das stellt einen des \u00d6fteren vor echte Herausforderungen und nicht selten stellt man sich die Frage: Was kommt blo\u00df aufs Butterbrot? Wenn beim Fr\u00fchst\u00fcck gerne ein s\u00fc\u00dfer Aufstrich wie Marmelade &amp; Co. gefragt ist, so soll es beim Pausenbrot oder&#8230; <a href=\"https:\/\/www.sabine-seyffert.de\/blog\/rezept-idee-blitzschneller-wuerziger-aufstrich-aus-linsen-tomaten-mhhh\/\" class=\"more-link\">Read more: Rezept Idee: Blitzschneller, w\u00fcrziger Aufstrich aus Linsen &#038; Tomaten, mhhh!<\/a><\/p>\n","protected":false},"author":2,"featured_media":6012,"comment_status":"open","ping_status":"open","sticky":false,"template":"","format":"standard","meta":{"_metis_text_type":"","_metis_text_length":2087,"_post_count":0,"footnotes":""},"categories":[43,44],"tags":[],"class_list":["post-6009","post","type-post","status-publish","format-standard","has-post-thumbnail","hentry","category-geschenke-aus-der-kueche","category-rezepte-vegan"],"_links":{"self":[{"href":"https:\/\/www.sabine-seyffert.de\/blog\/wp-json\/wp\/v2\/posts\/6009","targetHints":{"allow":["GET"]}}],"collection":[{"href":"https:\/\/www.sabine-seyffert.de\/blog\/wp-json\/wp\/v2\/posts"}],"about":[{"href":"https:\/\/www.sabine-seyffert.de\/blog\/wp-json\/wp\/v2\/types\/post"}],"author":[{"embeddable":true,"href":"https:\/\/www.sabine-seyffert.de\/blog\/wp-json\/wp\/v2\/users\/2"}],"replies":[{"embeddable":true,"href":"https:\/\/www.sabine-seyffert.de\/blog\/wp-json\/wp\/v2\/comments?post=6009"}],"version-history":[{"count":6,"href":"https:\/\/www.sabine-seyffert.de\/blog\/wp-json\/wp\/v2\/posts\/6009\/revisions"}],"predecessor-version":[{"id":6019,"href":"https:\/\/www.sabine-seyffert.de\/blog\/wp-json\/wp\/v2\/posts\/6009\/revisions\/6019"}],"wp:featuredmedia":[{"embeddable":true,"href":"https:\/\/www.sabine-seyffert.de\/blog\/wp-json\/wp\/v2\/media\/6012"}],"wp:attachment":[{"href":"https:\/\/www.sabine-seyffert.de\/blog\/wp-json\/wp\/v2\/media?parent=6009"}],"wp:term":[{"taxonomy":"category","embeddable":true,"href":"https:\/\/www.sabine-seyffert.de\/blog\/wp-json\/wp\/v2\/categories?post=6009"},{"taxonomy":"post_tag","embeddable":true,"href":"https:\/\/www.sabine-seyffert.de\/blog\/wp-json\/wp\/v2\/tags?post=6009"}],"curies":[{"name":"wp","href":"https:\/\/api.w.org\/{rel}","templated":true}]}}