{"id":5995,"date":"2015-09-01T05:47:42","date_gmt":"2015-09-01T03:47:42","guid":{"rendered":"http:\/\/www.sabine-seyffert.de\/blog\/?p=5995"},"modified":"2017-03-02T12:20:35","modified_gmt":"2017-03-02T10:20:35","slug":"dekoidee-diy-aus-dem-garten-ein-gruener-kranz-mit-ganz-viel-holunder","status":"publish","type":"post","link":"https:\/\/www.sabine-seyffert.de\/blog\/dekoidee-diy-aus-dem-garten-ein-gruener-kranz-mit-ganz-viel-holunder\/","title":{"rendered":"Dekoidee &#038; DIY aus dem Garten: Ein  gr\u00fcner Kranz mit ganz viel Holunder"},"content":{"rendered":"<p style=\"text-align: justify;\"><img loading=\"lazy\" decoding=\"async\" src=\"https:\/\/ssl-vg03.met.vgwort.de\/na\/1b3dd235152f4c5eacc2c76b3dc0cfc3\" alt=\"\" width=\"1\" height=\"1\" \/>Die Sonne ist uns derzeit ja wirklich wohlgesonnen. Somit sind wir viel im Gr\u00fcnen oder auch im Garten. Da kann man so wunderbar entspannen und f\u00fcr eine Weile die Seele baumeln lassen.<\/p>\n<p style=\"text-align: center;\"><a href=\"http:\/\/www.sabine-seyffert.de\/blog\/wp-content\/uploads\/2015\/08\/A-23.jpg\"><img loading=\"lazy\" decoding=\"async\" class=\"alignnone size-full wp-image-5996\" src=\"http:\/\/www.sabine-seyffert.de\/blog\/wp-content\/uploads\/2015\/08\/A-23.jpg\" alt=\"A 2\" width=\"800\" height=\"600\" srcset=\"https:\/\/www.sabine-seyffert.de\/blog\/wp-content\/uploads\/2015\/08\/A-23.jpg 800w, https:\/\/www.sabine-seyffert.de\/blog\/wp-content\/uploads\/2015\/08\/A-23-300x225.jpg 300w\" sizes=\"auto, (max-width: 800px) 100vw, 800px\" \/><\/a><\/p>\n<p style=\"text-align: justify;\">Dieses Nichtstun hat bei mir oft zur Folge, dass neue Ideen in mir sprudeln. Das passiert dann ganz einfach ohne dass ich dies vorab plane. So auch am Wochenende. Denn da fiel mein Blick pl\u00f6tzlich auf den Holunderstrauch, an dem sich allerhand Holunderbeeren zwischen den saftig gr\u00fcnen Bl\u00e4ttern r\u00e4kelten\u2026<\/p>\n<p style=\"text-align: center;\"><a href=\"http:\/\/www.sabine-seyffert.de\/blog\/wp-content\/uploads\/2015\/08\/A-52.jpg\"><img loading=\"lazy\" decoding=\"async\" class=\"alignnone size-full wp-image-5998\" src=\"http:\/\/www.sabine-seyffert.de\/blog\/wp-content\/uploads\/2015\/08\/A-52.jpg\" alt=\"A 5\" width=\"600\" height=\"800\" srcset=\"https:\/\/www.sabine-seyffert.de\/blog\/wp-content\/uploads\/2015\/08\/A-52.jpg 600w, https:\/\/www.sabine-seyffert.de\/blog\/wp-content\/uploads\/2015\/08\/A-52-225x300.jpg 225w\" sizes=\"auto, (max-width: 600px) 100vw, 600px\" \/><\/a><\/p>\n<p style=\"text-align: justify;\">Im Fr\u00fchjahr nutzen wir die kleinen wei\u00dfen Holunderbl\u00fcten gerne dazu um Sirup daraus zu kochen. Aber mit den Beeren haben wir bislang noch nie etwas gemacht. Bis zu diesem Wochenende, denn da haben wir uns einen Schwung davon abgeschnitten und einen kleinen Kranz f\u00fcr den Gartentisch daraus gebastelt!<\/p>\n<p style=\"text-align: center;\"><a href=\"http:\/\/www.sabine-seyffert.de\/blog\/wp-content\/uploads\/2015\/08\/A-62.jpg\"><img loading=\"lazy\" decoding=\"async\" class=\"alignnone size-full wp-image-5999\" src=\"http:\/\/www.sabine-seyffert.de\/blog\/wp-content\/uploads\/2015\/08\/A-62.jpg\" alt=\"A 6\" width=\"600\" height=\"800\" srcset=\"https:\/\/www.sabine-seyffert.de\/blog\/wp-content\/uploads\/2015\/08\/A-62.jpg 600w, https:\/\/www.sabine-seyffert.de\/blog\/wp-content\/uploads\/2015\/08\/A-62-225x300.jpg 225w\" sizes=\"auto, (max-width: 600px) 100vw, 600px\" \/><\/a><\/p>\n<p style=\"text-align: justify;\"><strong>Das wird gebraucht:<\/strong><br \/>\nHolunderbeeren, eine Gartenschere, etwas Draht und ein wenig \u201eGr\u00fcnzeug\u201c (in unserem Fall die langen Zweige der Buchsbaumhecke, die hier und da v\u00f6llig aus der Reihe tanzten und so fr\u00fcher oder sp\u00e4ter auf dem Kompost gelandet w\u00e4ren), eine sch\u00f6ne Glasschale, etwas Wasser und ggf. ein paar Schwimmkerzen<\/p>\n<p style=\"text-align: center;\"><a href=\"http:\/\/www.sabine-seyffert.de\/blog\/wp-content\/uploads\/2015\/08\/A-72.jpg\"><img loading=\"lazy\" decoding=\"async\" class=\"alignnone size-full wp-image-6000\" src=\"http:\/\/www.sabine-seyffert.de\/blog\/wp-content\/uploads\/2015\/08\/A-72.jpg\" alt=\"A 7\" width=\"600\" height=\"800\" srcset=\"https:\/\/www.sabine-seyffert.de\/blog\/wp-content\/uploads\/2015\/08\/A-72.jpg 600w, https:\/\/www.sabine-seyffert.de\/blog\/wp-content\/uploads\/2015\/08\/A-72-225x300.jpg 225w\" sizes=\"auto, (max-width: 600px) 100vw, 600px\" \/><\/a><\/p>\n<p style=\"text-align: justify;\"><strong>So wird\u2019s gemacht:<\/strong><br \/>\nAus 4-5 langen Zweigen der Buchsbaumhecke haben wir mit Hilfe von Draht einen kleinen gr\u00fcnen Kranz gebunden. Als dieser die gew\u00fcnschte Gr\u00f6\u00dfe und genug gr\u00fcne Bl\u00e4tter hatte, haben wir uns mit der Gartenschere die Holunderbeeren so abgeknipst, das genug \u201eStiel\u201c \u00fcbrig war, um diese in den gr\u00fcnen Bl\u00e4tterkranz zu stecken. Auf diese Weise wurden allerhand der Beeren in den gesamten Kranz gearbeitet.<\/p>\n<p style=\"text-align: center;\"><a href=\"http:\/\/www.sabine-seyffert.de\/blog\/wp-content\/uploads\/2015\/08\/A-9.jpg\"><img loading=\"lazy\" decoding=\"async\" class=\"alignnone size-full wp-image-6001\" src=\"http:\/\/www.sabine-seyffert.de\/blog\/wp-content\/uploads\/2015\/08\/A-9.jpg\" alt=\"A 9\" width=\"800\" height=\"600\" srcset=\"https:\/\/www.sabine-seyffert.de\/blog\/wp-content\/uploads\/2015\/08\/A-9.jpg 800w, https:\/\/www.sabine-seyffert.de\/blog\/wp-content\/uploads\/2015\/08\/A-9-300x225.jpg 300w\" sizes=\"auto, (max-width: 800px) 100vw, 800px\" \/><\/a><\/p>\n<p style=\"text-align: justify;\">Anschlie\u00dfend haben wir eine Schale mit Wasser gef\u00fcllt und den Kranz um den Rand gelegt. Sobald es Dunkel wird und sich der Tag verabschiedet, kann man auf dem Wasser noch Schwimmkerzen treiben lassen\u2026 Genau das Richtige f\u00fcr einen stimmungsvollen Sommerabend!<\/p>\n<p style=\"text-align: center;\"><a href=\"http:\/\/www.sabine-seyffert.de\/blog\/wp-content\/uploads\/2015\/08\/A-111.jpg\"><img loading=\"lazy\" decoding=\"async\" class=\"alignnone size-full wp-image-6002\" src=\"http:\/\/www.sabine-seyffert.de\/blog\/wp-content\/uploads\/2015\/08\/A-111.jpg\" alt=\"A 11\" width=\"600\" height=\"800\" srcset=\"https:\/\/www.sabine-seyffert.de\/blog\/wp-content\/uploads\/2015\/08\/A-111.jpg 600w, https:\/\/www.sabine-seyffert.de\/blog\/wp-content\/uploads\/2015\/08\/A-111-225x300.jpg 225w\" sizes=\"auto, (max-width: 600px) 100vw, 600px\" \/><\/a><\/p>\n<p style=\"text-align: justify;\">Weitere Deko Ideen findet Ihr \u00fcbrigens <a href=\"http:\/\/www.sabine-seyffert.de\/blog\/?cat=12\" target=\"_blank\">hier<\/a>, alle Ideen rund um den Sommer <a href=\"http:\/\/www.sabine-seyffert.de\/blog\/?cat=24\" target=\"_blank\">da<\/a> und weitere kreative Ideen gibt es auch bei <a href=\"http:\/\/www.creadienstag.de\/2015\/08\/191.html\" target=\"_blank\">da<\/a> und an <a href=\"http:\/\/kiddikram.blogspot.de\/2015\/07\/kiddikram-september-2015.html\" target=\"_blank\">dieser Stelle<\/a> \ud83d\ude42<\/p>\n<p style=\"text-align: center;\"><a href=\"http:\/\/www.sabine-seyffert.de\/blog\/wp-content\/uploads\/2015\/08\/A-13.jpg\"><img loading=\"lazy\" decoding=\"async\" class=\"alignnone size-full wp-image-6003\" src=\"http:\/\/www.sabine-seyffert.de\/blog\/wp-content\/uploads\/2015\/08\/A-13.jpg\" alt=\"A 13\" width=\"600\" height=\"800\" srcset=\"https:\/\/www.sabine-seyffert.de\/blog\/wp-content\/uploads\/2015\/08\/A-13.jpg 600w, https:\/\/www.sabine-seyffert.de\/blog\/wp-content\/uploads\/2015\/08\/A-13-225x300.jpg 225w\" sizes=\"auto, (max-width: 600px) 100vw, 600px\" \/><\/a><\/p>\n<p style=\"text-align: justify;\"><a href=\"http:\/\/www.sabine-seyffert.de\/blog\/?page_id=32#urheberrecht\">urheberrechtlich gesch\u00fctzt<\/a>, \u00a9 Sabine Seyffert<\/p>\n<p style=\"text-align: justify;\">\n","protected":false},"excerpt":{"rendered":"<p>Die Sonne ist uns derzeit ja wirklich wohlgesonnen. Somit sind wir viel im Gr\u00fcnen oder auch im Garten. Da kann man so wunderbar entspannen und f\u00fcr eine Weile die Seele baumeln lassen. Dieses Nichtstun hat bei mir oft zur Folge, dass neue Ideen in mir sprudeln. Das passiert dann ganz einfach ohne dass ich dies&#8230; <a href=\"https:\/\/www.sabine-seyffert.de\/blog\/dekoidee-diy-aus-dem-garten-ein-gruener-kranz-mit-ganz-viel-holunder\/\" class=\"more-link\">Read more: Dekoidee &#038; DIY aus dem Garten: Ein  gr\u00fcner Kranz mit ganz viel Holunder<\/a><\/p>\n","protected":false},"author":2,"featured_media":6002,"comment_status":"open","ping_status":"open","sticky":false,"template":"","format":"standard","meta":{"_metis_text_type":"","_metis_text_length":1977,"_post_count":0,"footnotes":""},"categories":[12,24],"tags":[],"class_list":["post-5995","post","type-post","status-publish","format-standard","has-post-thumbnail","hentry","category-deko-ideen","category-sommer"],"_links":{"self":[{"href":"https:\/\/www.sabine-seyffert.de\/blog\/wp-json\/wp\/v2\/posts\/5995","targetHints":{"allow":["GET"]}}],"collection":[{"href":"https:\/\/www.sabine-seyffert.de\/blog\/wp-json\/wp\/v2\/posts"}],"about":[{"href":"https:\/\/www.sabine-seyffert.de\/blog\/wp-json\/wp\/v2\/types\/post"}],"author":[{"embeddable":true,"href":"https:\/\/www.sabine-seyffert.de\/blog\/wp-json\/wp\/v2\/users\/2"}],"replies":[{"embeddable":true,"href":"https:\/\/www.sabine-seyffert.de\/blog\/wp-json\/wp\/v2\/comments?post=5995"}],"version-history":[{"count":4,"href":"https:\/\/www.sabine-seyffert.de\/blog\/wp-json\/wp\/v2\/posts\/5995\/revisions"}],"predecessor-version":[{"id":6007,"href":"https:\/\/www.sabine-seyffert.de\/blog\/wp-json\/wp\/v2\/posts\/5995\/revisions\/6007"}],"wp:featuredmedia":[{"embeddable":true,"href":"https:\/\/www.sabine-seyffert.de\/blog\/wp-json\/wp\/v2\/media\/6002"}],"wp:attachment":[{"href":"https:\/\/www.sabine-seyffert.de\/blog\/wp-json\/wp\/v2\/media?parent=5995"}],"wp:term":[{"taxonomy":"category","embeddable":true,"href":"https:\/\/www.sabine-seyffert.de\/blog\/wp-json\/wp\/v2\/categories?post=5995"},{"taxonomy":"post_tag","embeddable":true,"href":"https:\/\/www.sabine-seyffert.de\/blog\/wp-json\/wp\/v2\/tags?post=5995"}],"curies":[{"name":"wp","href":"https:\/\/api.w.org\/{rel}","templated":true}]}}