{"id":5953,"date":"2015-09-15T05:38:05","date_gmt":"2015-09-15T03:38:05","guid":{"rendered":"http:\/\/www.sabine-seyffert.de\/blog\/?p=5953"},"modified":"2022-12-02T19:57:01","modified_gmt":"2022-12-02T17:57:01","slug":"ab-sofort-kommen-die-broetchen-nur-noch-in-diese-tuete-tolles-diy","status":"publish","type":"post","link":"https:\/\/www.sabine-seyffert.de\/blog\/ab-sofort-kommen-die-broetchen-nur-noch-in-diese-tuete-tolles-diy\/","title":{"rendered":"Ab sofort kommen die Br\u00f6tchen nur noch in diese T\u00fcte \u2013 tolles DIY!"},"content":{"rendered":"<p style=\"text-align: justify;\"><img loading=\"lazy\" decoding=\"async\" src=\"https:\/\/ssl-vg03.met.vgwort.de\/na\/66afbfb7337c423da336485440c32682\" alt=\"\" width=\"1\" height=\"1\" \/>Schon lange Zeit stand diese Werkelei auf meiner To Do Liste. Warum ich dieses Vorhaben derart lange vor mir hergeschoben habe, wei\u00df ich auch nicht wirklich. Vielleicht weil dies beim Einkauf zu unangenehmen Diskussionen f\u00fchren k\u00f6nnte? Gerade am Wochenende, wo die Schlange in der B\u00e4ckerei sich in langen Bahnen schl\u00e4ngelt und die Meisten sich zu fr\u00fcher Stunde noch etwas wirsch den restlichen Schlaf aus den Augen reiben und es weder mit der Laune noch der Geduld zum Besten steht\u2026<\/p>\n<p style=\"text-align: center;\"><a href=\"http:\/\/www.sabine-seyffert.de\/blog\/wp-content\/uploads\/2015\/08\/25.jpg\"><img loading=\"lazy\" decoding=\"async\" class=\"alignnone size-full wp-image-5955\" src=\"http:\/\/www.sabine-seyffert.de\/blog\/wp-content\/uploads\/2015\/08\/25.jpg\" alt=\"2\" width=\"800\" height=\"600\" srcset=\"https:\/\/www.sabine-seyffert.de\/blog\/wp-content\/uploads\/2015\/08\/25.jpg 800w, https:\/\/www.sabine-seyffert.de\/blog\/wp-content\/uploads\/2015\/08\/25-300x225.jpg 300w\" sizes=\"auto, (max-width: 800px) 100vw, 800px\" \/><\/a><\/p>\n<p style=\"text-align: justify;\"><strong>Das wird gebraucht:<\/strong><br \/>\nUngef\u00e4hr 1 x 0,75 Meter fester Baumwollstoff, 1 Meter Baumwollkordel (Durchmesser ca. 5 mm), Stoffreste, Vliesofix, Bleistift, N\u00e4hgarn, eine Stoffschere und eine N\u00e4hmaschine<\/p>\n<p style=\"text-align: center;\"><a href=\"http:\/\/www.sabine-seyffert.de\/blog\/wp-content\/uploads\/2015\/08\/18.jpg\"><img loading=\"lazy\" decoding=\"async\" class=\"alignnone size-full wp-image-5956\" src=\"http:\/\/www.sabine-seyffert.de\/blog\/wp-content\/uploads\/2015\/08\/18.jpg\" alt=\"1\" width=\"800\" height=\"600\" srcset=\"https:\/\/www.sabine-seyffert.de\/blog\/wp-content\/uploads\/2015\/08\/18.jpg 800w, https:\/\/www.sabine-seyffert.de\/blog\/wp-content\/uploads\/2015\/08\/18-300x225.jpg 300w\" sizes=\"auto, (max-width: 800px) 100vw, 800px\" \/><\/a><\/p>\n<p style=\"text-align: justify;\"><strong>So wird\u2019s gemacht:<\/strong><br \/>\nZuerst habe ich den Stoff zzgl. Nahtzugabe zurecht geschnitten, das dieser eine gr\u00f6\u00dfere Tasche ergibt (Gr\u00f6\u00dfe ca. 35 x 45 cm).<\/p>\n<p style=\"text-align: center;\"><a href=\"http:\/\/www.sabine-seyffert.de\/blog\/wp-content\/uploads\/2015\/08\/63.jpg\"><img loading=\"lazy\" decoding=\"async\" class=\"alignnone size-full wp-image-5957\" src=\"http:\/\/www.sabine-seyffert.de\/blog\/wp-content\/uploads\/2015\/08\/63.jpg\" alt=\"6\" width=\"800\" height=\"584\" srcset=\"https:\/\/www.sabine-seyffert.de\/blog\/wp-content\/uploads\/2015\/08\/63.jpg 800w, https:\/\/www.sabine-seyffert.de\/blog\/wp-content\/uploads\/2015\/08\/63-300x219.jpg 300w\" sizes=\"auto, (max-width: 800px) 100vw, 800px\" \/><\/a><\/p>\n<p style=\"text-align: justify;\">Vor dem Zusammenn\u00e4hen habe ich mich wieder einmal an einer kleinen Applikation ausgetobt. In jedem Fall sollte der Begriff \u201eBR\u00d6TCHEN\u201c als Schriftzug auf der fertigen T\u00fcte zu finden sein. Denn hierf\u00fcr war der Beutel ja schlie\u00dflich gedacht. Dazu tr\u00e4gt man die ben\u00f6tigten Buchstaben spiegelverkehrt (!) auf dem Vliesofix auf und b\u00fcgelt diesen auf die Stoffreste. Au\u00dferdem kam noch ein kleines Haus samt Wimpelkette dazu. F\u00fcr die klitzekleinen Wimpelf\u00e4hnchen kann man wirklich die allerkleinsten Stoffreste verwenden.<\/p>\n<p style=\"text-align: center;\"><a href=\"http:\/\/www.sabine-seyffert.de\/blog\/wp-content\/uploads\/2015\/08\/71.jpg\"><img loading=\"lazy\" decoding=\"async\" class=\"alignnone size-full wp-image-5958\" src=\"http:\/\/www.sabine-seyffert.de\/blog\/wp-content\/uploads\/2015\/08\/71.jpg\" alt=\"7\" width=\"800\" height=\"600\" srcset=\"https:\/\/www.sabine-seyffert.de\/blog\/wp-content\/uploads\/2015\/08\/71.jpg 800w, https:\/\/www.sabine-seyffert.de\/blog\/wp-content\/uploads\/2015\/08\/71-300x225.jpg 300w\" sizes=\"auto, (max-width: 800px) 100vw, 800px\" \/><\/a><\/p>\n<p style=\"text-align: justify;\">Den oberen Rand des Stoffbeutels habe ich eingeschlagen, so dass ein Tunnelzug entsteht. Hierdurch zieht man die Kordel oder n\u00e4ht diese der Einfachheitshalber gleich mit ein. Dann braucht man die Kordelenden einfach nur zusammenknoten und fertig.<\/p>\n<p style=\"text-align: center;\"><a href=\"http:\/\/www.sabine-seyffert.de\/blog\/wp-content\/uploads\/2015\/08\/33.jpg\"><img loading=\"lazy\" decoding=\"async\" class=\"alignnone size-full wp-image-5959\" src=\"http:\/\/www.sabine-seyffert.de\/blog\/wp-content\/uploads\/2015\/08\/33.jpg\" alt=\"3\" width=\"600\" height=\"800\" srcset=\"https:\/\/www.sabine-seyffert.de\/blog\/wp-content\/uploads\/2015\/08\/33.jpg 600w, https:\/\/www.sabine-seyffert.de\/blog\/wp-content\/uploads\/2015\/08\/33-225x300.jpg 225w\" sizes=\"auto, (max-width: 600px) 100vw, 600px\" \/><\/a><\/p>\n<p style=\"text-align: justify;\">In meinem Beutel finden nun reichlich frische Br\u00f6tchen Platz und ich spare mir beim Einkaufen nun die unz\u00e4hligen Papiert\u00fcten, die wir Woche f\u00fcr Woche als Familie beim B\u00e4cker erhalten. Beim ersten Br\u00f6tchenkauf gab es \u00fcbrigens keinerlei Diskussionen. Im Gegenteil, der Br\u00f6tchenbeutel wurde beim Reichen \u00fcber die Theke sogar bewundert.<\/p>\n<p style=\"text-align: justify;\">\u00dcber diesen Br\u00f6tchenbeutel, den neuen Brotbeutel und deren Folgen findet Ihr in <a href=\"http:\/\/www.sabine-seyffert.de\/blog\/?p=6178\" target=\"_blank\" rel=\"noopener\">diesem Erfahrungsbericht<\/a> \ud83d\ude42<\/p>\n<p style=\"text-align: center;\"><a href=\"http:\/\/www.sabine-seyffert.de\/blog\/wp-content\/uploads\/2015\/08\/53.jpg\"><img loading=\"lazy\" decoding=\"async\" class=\"alignnone size-full wp-image-5960\" src=\"http:\/\/www.sabine-seyffert.de\/blog\/wp-content\/uploads\/2015\/08\/53.jpg\" alt=\"5\" width=\"800\" height=\"600\" srcset=\"https:\/\/www.sabine-seyffert.de\/blog\/wp-content\/uploads\/2015\/08\/53.jpg 800w, https:\/\/www.sabine-seyffert.de\/blog\/wp-content\/uploads\/2015\/08\/53-300x225.jpg 300w\" sizes=\"auto, (max-width: 800px) 100vw, 800px\" \/><\/a><\/p>\n<p>Weitere N\u00e4herein gibt es in <a href=\"http:\/\/www.sabine-seyffert.de\/blog\/?cat=33\" target=\"_blank\" rel=\"noopener\">dieser Rubrik<\/a> und andere kreative Ideen <a href=\"http:\/\/www.creadienstag.de\/2015\/08\/193.html\" target=\"_blank\" rel=\"noopener\">hier<\/a>!<\/p>\n<p><a href=\"http:\/\/www.sabine-seyffert.de\/blog\/wp-content\/uploads\/2015\/08\/46.jpg\"><img loading=\"lazy\" decoding=\"async\" class=\"alignnone size-full wp-image-5961\" src=\"http:\/\/www.sabine-seyffert.de\/blog\/wp-content\/uploads\/2015\/08\/46.jpg\" alt=\"4\" width=\"800\" height=\"600\" srcset=\"https:\/\/www.sabine-seyffert.de\/blog\/wp-content\/uploads\/2015\/08\/46.jpg 800w, https:\/\/www.sabine-seyffert.de\/blog\/wp-content\/uploads\/2015\/08\/46-300x225.jpg 300w\" sizes=\"auto, (max-width: 800px) 100vw, 800px\" \/><\/a><\/p>\n<p><a href=\"http:\/\/www.sabine-seyffert.de\/blog\/?page_id=32#urheberrecht\">urheberrechtlich gesch\u00fctzt<\/a>, \u00a9 Sabine Seyffert<\/p>\n","protected":false},"excerpt":{"rendered":"<p>Schon lange Zeit stand diese Werkelei auf meiner To Do Liste. Warum ich dieses Vorhaben derart lange vor mir hergeschoben habe, wei\u00df ich auch nicht wirklich. Vielleicht weil dies beim Einkauf zu unangenehmen Diskussionen f\u00fchren k\u00f6nnte? Gerade am Wochenende, wo die Schlange in der B\u00e4ckerei sich in langen Bahnen schl\u00e4ngelt und die Meisten sich zu&#8230; <a href=\"https:\/\/www.sabine-seyffert.de\/blog\/ab-sofort-kommen-die-broetchen-nur-noch-in-diese-tuete-tolles-diy\/\" class=\"more-link\">Read more: Ab sofort kommen die Br\u00f6tchen nur noch in diese T\u00fcte \u2013 tolles DIY!<\/a><\/p>\n","protected":false},"author":2,"featured_media":5961,"comment_status":"open","ping_status":"open","sticky":false,"template":"","format":"standard","meta":{"_metis_text_type":"","_metis_text_length":2142,"_post_count":0,"footnotes":""},"categories":[33],"tags":[],"class_list":["post-5953","post","type-post","status-publish","format-standard","has-post-thumbnail","hentry","category-kreative-naherein"],"_links":{"self":[{"href":"https:\/\/www.sabine-seyffert.de\/blog\/wp-json\/wp\/v2\/posts\/5953","targetHints":{"allow":["GET"]}}],"collection":[{"href":"https:\/\/www.sabine-seyffert.de\/blog\/wp-json\/wp\/v2\/posts"}],"about":[{"href":"https:\/\/www.sabine-seyffert.de\/blog\/wp-json\/wp\/v2\/types\/post"}],"author":[{"embeddable":true,"href":"https:\/\/www.sabine-seyffert.de\/blog\/wp-json\/wp\/v2\/users\/2"}],"replies":[{"embeddable":true,"href":"https:\/\/www.sabine-seyffert.de\/blog\/wp-json\/wp\/v2\/comments?post=5953"}],"version-history":[{"count":12,"href":"https:\/\/www.sabine-seyffert.de\/blog\/wp-json\/wp\/v2\/posts\/5953\/revisions"}],"predecessor-version":[{"id":24563,"href":"https:\/\/www.sabine-seyffert.de\/blog\/wp-json\/wp\/v2\/posts\/5953\/revisions\/24563"}],"wp:featuredmedia":[{"embeddable":true,"href":"https:\/\/www.sabine-seyffert.de\/blog\/wp-json\/wp\/v2\/media\/5961"}],"wp:attachment":[{"href":"https:\/\/www.sabine-seyffert.de\/blog\/wp-json\/wp\/v2\/media?parent=5953"}],"wp:term":[{"taxonomy":"category","embeddable":true,"href":"https:\/\/www.sabine-seyffert.de\/blog\/wp-json\/wp\/v2\/categories?post=5953"},{"taxonomy":"post_tag","embeddable":true,"href":"https:\/\/www.sabine-seyffert.de\/blog\/wp-json\/wp\/v2\/tags?post=5953"}],"curies":[{"name":"wp","href":"https:\/\/api.w.org\/{rel}","templated":true}]}}