{"id":5934,"date":"2015-08-22T08:46:12","date_gmt":"2015-08-22T06:46:12","guid":{"rendered":"http:\/\/www.sabine-seyffert.de\/blog\/?p=5934"},"modified":"2018-06-26T17:06:29","modified_gmt":"2018-06-26T15:06:29","slug":"veere-in-jedem-fall-einen-besuch-wert","status":"publish","type":"post","link":"https:\/\/www.sabine-seyffert.de\/blog\/veere-in-jedem-fall-einen-besuch-wert\/","title":{"rendered":"Veere \u2013 in jedem Fall einen Besuch wert!"},"content":{"rendered":"<p style=\"text-align: justify;\"><img loading=\"lazy\" decoding=\"async\" src=\"https:\/\/ssl-vg03.met.vgwort.de\/na\/4f3ab0510c694e5d8673543e75ad5663\" alt=\"\" width=\"1\" height=\"1\" \/>Solange das Wetter gut ist, nehme ich Euch weiterhin gerne mit auf <a href=\"http:\/\/www.sabine-seyffert.de\/blog\/?cat=39\" target=\"_blank\" rel=\"noopener\">Ausfl\u00fcge<\/a>. Heute geht es mal ins sch\u00f6ne Nachbarland:<\/p>\n<p style=\"text-align: center;\"><a href=\"http:\/\/www.sabine-seyffert.de\/blog\/wp-content\/uploads\/2015\/08\/32.jpg\"><img loading=\"lazy\" decoding=\"async\" class=\"alignnone size-full wp-image-5935\" src=\"http:\/\/www.sabine-seyffert.de\/blog\/wp-content\/uploads\/2015\/08\/32.jpg\" alt=\"3\" width=\"800\" height=\"600\" srcset=\"https:\/\/www.sabine-seyffert.de\/blog\/wp-content\/uploads\/2015\/08\/32.jpg 800w, https:\/\/www.sabine-seyffert.de\/blog\/wp-content\/uploads\/2015\/08\/32-300x225.jpg 300w\" sizes=\"auto, (max-width: 800px) 100vw, 800px\" \/><\/a><\/p>\n<p style=\"text-align: justify;\">Eine kleine Hafenstadt, die immer einen Besuch wert ist, ist Veere. Die <a href=\"https:\/\/de.wikipedia.org\/wiki\/Veere\" target=\"_blank\" rel=\"noopener\">Gemeinde Veere<\/a>, die zu Zeeland geh\u00f6rt, findet man in den sch\u00f6nen Niederlanden auf der ehemaligen Insel Walcheren. Bekanntere St\u00e4dte der n\u00e4heren Umgebung sind beispielsweise Domburg, Oostkapelle, Westkapelle oder Middelburg, der Hauptstadt von Zeeland.<\/p>\n<p style=\"text-align: center;\"><a href=\"http:\/\/www.sabine-seyffert.de\/blog\/wp-content\/uploads\/2015\/08\/45.jpg\"><img loading=\"lazy\" decoding=\"async\" class=\"alignnone size-full wp-image-5936\" src=\"http:\/\/www.sabine-seyffert.de\/blog\/wp-content\/uploads\/2015\/08\/45.jpg\" alt=\"4\" width=\"600\" height=\"800\" srcset=\"https:\/\/www.sabine-seyffert.de\/blog\/wp-content\/uploads\/2015\/08\/45.jpg 600w, https:\/\/www.sabine-seyffert.de\/blog\/wp-content\/uploads\/2015\/08\/45-225x300.jpg 225w\" sizes=\"auto, (max-width: 600px) 100vw, 600px\" \/><\/a><\/p>\n<p style=\"text-align: justify;\">Veere hat nur knapp 22.000 Einwohner und liegt direkt am Meer. Mich hat dieses kleine \u201eSt\u00e4dtchen\u201c gleich beim ersten Besuch in seinen Bann gezogen.<\/p>\n<p style=\"text-align: center;\"><a href=\"http:\/\/www.sabine-seyffert.de\/blog\/wp-content\/uploads\/2015\/08\/17.jpg\"><img loading=\"lazy\" decoding=\"async\" class=\"alignnone size-full wp-image-5937\" src=\"http:\/\/www.sabine-seyffert.de\/blog\/wp-content\/uploads\/2015\/08\/17.jpg\" alt=\"17\" width=\"800\" height=\"600\" srcset=\"https:\/\/www.sabine-seyffert.de\/blog\/wp-content\/uploads\/2015\/08\/17.jpg 800w, https:\/\/www.sabine-seyffert.de\/blog\/wp-content\/uploads\/2015\/08\/17-300x225.jpg 300w\" sizes=\"auto, (max-width: 800px) 100vw, 800px\" \/><\/a><\/p>\n<p style=\"text-align: justify;\">Als Besucher folgt man am besten dem gut ausgeschilderten Parkplatz am Rande des Ortes. Von hier aus kann man dann starten und sich auf das freuen, was Veere so zu bieten hat.<\/p>\n<p style=\"text-align: center;\"><a href=\"http:\/\/www.sabine-seyffert.de\/blog\/wp-content\/uploads\/2015\/08\/14.jpg\"><img loading=\"lazy\" decoding=\"async\" class=\"alignnone size-full wp-image-5948\" src=\"http:\/\/www.sabine-seyffert.de\/blog\/wp-content\/uploads\/2015\/08\/14.jpg\" alt=\"14\" width=\"600\" height=\"800\" srcset=\"https:\/\/www.sabine-seyffert.de\/blog\/wp-content\/uploads\/2015\/08\/14.jpg 600w, https:\/\/www.sabine-seyffert.de\/blog\/wp-content\/uploads\/2015\/08\/14-225x300.jpg 225w\" sizes=\"auto, (max-width: 600px) 100vw, 600px\" \/><\/a><\/p>\n<p style=\"text-align: justify;\">Zuerst ersp\u00e4hen wir die gro\u00dfe Kirche <a href=\"https:\/\/de.wikipedia.org\/wiki\/Onze-Lieve-Vrouwekerk_%28Veere%29\" target=\"_blank\" rel=\"noopener\">Onze-Lieve Vrouwekerk<\/a>, die heute als Kulturkirche genutzt wird, und die man nat\u00fcrlich auch von Innen besichtigen kann.<\/p>\n<p style=\"text-align: justify;\"><a href=\"http:\/\/www.sabine-seyffert.de\/blog\/wp-content\/uploads\/2015\/08\/19.jpg\"><img loading=\"lazy\" decoding=\"async\" class=\"alignnone size-full wp-image-5938\" src=\"http:\/\/www.sabine-seyffert.de\/blog\/wp-content\/uploads\/2015\/08\/19.jpg\" alt=\"19\" width=\"800\" height=\"600\" srcset=\"https:\/\/www.sabine-seyffert.de\/blog\/wp-content\/uploads\/2015\/08\/19.jpg 800w, https:\/\/www.sabine-seyffert.de\/blog\/wp-content\/uploads\/2015\/08\/19-300x225.jpg 300w\" sizes=\"auto, (max-width: 800px) 100vw, 800px\" \/><\/a><\/p>\n<p style=\"text-align: justify;\">Ganz besonders gefallen mir die zahlreichen Giebelh\u00e4user, gr\u00fcnen Parks und G\u00e4rten, die man zwischen vielen H\u00e4usern findet sowie die kleinen, rundum gem\u00fctlichen Gassen.<\/p>\n<p style=\"text-align: center;\"><a href=\"http:\/\/www.sabine-seyffert.de\/blog\/wp-content\/uploads\/2015\/08\/16.jpg\"><img loading=\"lazy\" decoding=\"async\" class=\"alignnone size-full wp-image-5949\" src=\"http:\/\/www.sabine-seyffert.de\/blog\/wp-content\/uploads\/2015\/08\/16.jpg\" alt=\"16\" width=\"600\" height=\"800\" srcset=\"https:\/\/www.sabine-seyffert.de\/blog\/wp-content\/uploads\/2015\/08\/16.jpg 600w, https:\/\/www.sabine-seyffert.de\/blog\/wp-content\/uploads\/2015\/08\/16-225x300.jpg 225w\" sizes=\"auto, (max-width: 600px) 100vw, 600px\" \/><\/a><\/p>\n<p style=\"text-align: justify;\">In einer der schmalen Gassen, tummeln sich die Leute vor einem kleinen Laden. Neugierig n\u00e4hern wir uns. F\u00fcr einen Moment denke ich, mitten in der Geschichte von Pippi Langstrumpf zu sein, in der sie einen kleinen S\u00fc\u00dfwarenladen pl\u00fcndert um die ganzen K\u00f6stlichkeiten an die Kinder zu verschenken.<\/p>\n<p style=\"text-align: center;\"><a href=\"http:\/\/www.sabine-seyffert.de\/blog\/wp-content\/uploads\/2015\/08\/13.jpg\"><img loading=\"lazy\" decoding=\"async\" class=\"alignnone size-full wp-image-5939\" src=\"http:\/\/www.sabine-seyffert.de\/blog\/wp-content\/uploads\/2015\/08\/13.jpg\" alt=\"1\" width=\"600\" height=\"800\" srcset=\"https:\/\/www.sabine-seyffert.de\/blog\/wp-content\/uploads\/2015\/08\/13.jpg 600w, https:\/\/www.sabine-seyffert.de\/blog\/wp-content\/uploads\/2015\/08\/13-225x300.jpg 225w\" sizes=\"auto, (max-width: 600px) 100vw, 600px\" \/><\/a><\/p>\n<p style=\"text-align: justify;\">Ganz genauso habe ich mir diesen Laden aus der Geschichte jedenfalls vorgestellt. Auch hier findet man gro\u00dfe Gl\u00e4ser voller S\u00fc\u00dfkram, kunterbunt und mit allem, was man sich als Kind ebenso w\u00fcnscht. Diese s\u00fc\u00dfen K\u00f6stlichkeiten kann man nicht nur durch das Schaufenster begutachten, sondern auch hier direkt kaufen.<\/p>\n<p style=\"text-align: center;\">\u00a0<a href=\"http:\/\/www.sabine-seyffert.de\/blog\/wp-content\/uploads\/2015\/08\/131.jpg\"><img loading=\"lazy\" decoding=\"async\" class=\"alignnone size-full wp-image-5947\" src=\"http:\/\/www.sabine-seyffert.de\/blog\/wp-content\/uploads\/2015\/08\/131.jpg\" alt=\"13\" width=\"600\" height=\"800\" srcset=\"https:\/\/www.sabine-seyffert.de\/blog\/wp-content\/uploads\/2015\/08\/131.jpg 600w, https:\/\/www.sabine-seyffert.de\/blog\/wp-content\/uploads\/2015\/08\/131-225x300.jpg 225w\" sizes=\"auto, (max-width: 600px) 100vw, 600px\" \/><\/a><\/p>\n<p style=\"text-align: justify;\">Hier und da findet man etwas versteckt kleine L\u00e4den, die jeder f\u00fcr sich einzigartig und etwas Besonderes sind.<\/p>\n<p style=\"text-align: center;\"><a href=\"http:\/\/www.sabine-seyffert.de\/blog\/wp-content\/uploads\/2015\/08\/52.jpg\"><img loading=\"lazy\" decoding=\"async\" class=\"alignnone size-full wp-image-5942\" src=\"http:\/\/www.sabine-seyffert.de\/blog\/wp-content\/uploads\/2015\/08\/52.jpg\" alt=\"5\" width=\"600\" height=\"800\" srcset=\"https:\/\/www.sabine-seyffert.de\/blog\/wp-content\/uploads\/2015\/08\/52.jpg 600w, https:\/\/www.sabine-seyffert.de\/blog\/wp-content\/uploads\/2015\/08\/52-225x300.jpg 225w\" sizes=\"auto, (max-width: 600px) 100vw, 600px\" \/><\/a><\/p>\n<p style=\"text-align: justify;\">Wir gehen in Richtung den Hafen. Hier auf den Holzstegen herrscht ein reges Treiben. Nicht nur von denjenigen, die zu ihren Booten wollen, sondern auch von Familien mit Kindern, die am Ufer zwischen den Steinen nach kleinen Fischen und Krebsen suchen.<\/p>\n<p style=\"text-align: center;\"><a href=\"http:\/\/www.sabine-seyffert.de\/blog\/wp-content\/uploads\/2015\/08\/91.jpg\"><img loading=\"lazy\" decoding=\"async\" class=\"alignnone size-full wp-image-5943\" src=\"http:\/\/www.sabine-seyffert.de\/blog\/wp-content\/uploads\/2015\/08\/91.jpg\" alt=\"9\" width=\"600\" height=\"800\" srcset=\"https:\/\/www.sabine-seyffert.de\/blog\/wp-content\/uploads\/2015\/08\/91.jpg 600w, https:\/\/www.sabine-seyffert.de\/blog\/wp-content\/uploads\/2015\/08\/91-225x300.jpg 225w\" sizes=\"auto, (max-width: 600px) 100vw, 600px\" \/><\/a><\/p>\n<p style=\"text-align: justify;\">Hier finden wir einen Torbogen, hinter dem ein gepflasterter Platz liegt, an den mehrere Restaurants und ein Eisladen liegen.<\/p>\n<p style=\"text-align: center;\"><a href=\"http:\/\/www.sabine-seyffert.de\/blog\/wp-content\/uploads\/2015\/08\/101.jpg\"><img loading=\"lazy\" decoding=\"async\" class=\"alignnone size-full wp-image-5944\" src=\"http:\/\/www.sabine-seyffert.de\/blog\/wp-content\/uploads\/2015\/08\/101.jpg\" alt=\"10\" width=\"600\" height=\"800\" srcset=\"https:\/\/www.sabine-seyffert.de\/blog\/wp-content\/uploads\/2015\/08\/101.jpg 600w, https:\/\/www.sabine-seyffert.de\/blog\/wp-content\/uploads\/2015\/08\/101-225x300.jpg 225w\" sizes=\"auto, (max-width: 600px) 100vw, 600px\" \/><\/a><\/p>\n<p style=\"text-align: justify;\">Von hier aus geht es eine kleine Einkaufsstra\u00dfe entlang, die zur Hafenseite hin liegt. Auch hier reiht sich ein s\u00fc\u00dfes Haus an das n\u00e4chste. Keins sieht aus wie das andere und jedes f\u00fcr sich hat seinen eigenen Charme.<\/p>\n<p style=\"text-align: center;\"><a href=\"http:\/\/www.sabine-seyffert.de\/blog\/wp-content\/uploads\/2015\/08\/121.jpg\"><img loading=\"lazy\" decoding=\"async\" class=\"alignnone size-full wp-image-5945\" src=\"http:\/\/www.sabine-seyffert.de\/blog\/wp-content\/uploads\/2015\/08\/121.jpg\" alt=\"12\" width=\"600\" height=\"800\" srcset=\"https:\/\/www.sabine-seyffert.de\/blog\/wp-content\/uploads\/2015\/08\/121.jpg 600w, https:\/\/www.sabine-seyffert.de\/blog\/wp-content\/uploads\/2015\/08\/121-225x300.jpg 225w\" sizes=\"auto, (max-width: 600px) 100vw, 600px\" \/><\/a><\/p>\n<p style=\"text-align: justify;\">Da das Wetter an diesem Ausflugstag leider sehr zu w\u00fcnschen \u00fcbrig lies, haben wir nicht alles angeschaut. In jedem Fall kann ich den Besuch in dieser Stadt sehr empfehlen!<\/p>\n<p style=\"text-align: center;\"><a href=\"http:\/\/www.sabine-seyffert.de\/blog\/wp-content\/uploads\/2015\/08\/15.jpg\"><img loading=\"lazy\" decoding=\"async\" class=\"alignnone size-full wp-image-5946\" src=\"http:\/\/www.sabine-seyffert.de\/blog\/wp-content\/uploads\/2015\/08\/15.jpg\" alt=\"15\" width=\"600\" height=\"800\" srcset=\"https:\/\/www.sabine-seyffert.de\/blog\/wp-content\/uploads\/2015\/08\/15.jpg 600w, https:\/\/www.sabine-seyffert.de\/blog\/wp-content\/uploads\/2015\/08\/15-225x300.jpg 225w\" sizes=\"auto, (max-width: 600px) 100vw, 600px\" \/><\/a><\/p>\n<p style=\"text-align: justify;\"><a href=\"http:\/\/www.sabine-seyffert.de\/blog\/?page_id=32#urheberrecht\">urheberrechtlich gesch\u00fctzt<\/a>, \u00a9 Sabine Seyffert<\/p>\n","protected":false},"excerpt":{"rendered":"<p>Solange das Wetter gut ist, nehme ich Euch weiterhin gerne mit auf Ausfl\u00fcge. Heute geht es mal ins sch\u00f6ne Nachbarland: Eine kleine Hafenstadt, die immer einen Besuch wert ist, ist Veere. Die Gemeinde Veere, die zu Zeeland geh\u00f6rt, findet man in den sch\u00f6nen Niederlanden auf der ehemaligen Insel Walcheren. Bekanntere St\u00e4dte der n\u00e4heren Umgebung sind&#8230; <a href=\"https:\/\/www.sabine-seyffert.de\/blog\/veere-in-jedem-fall-einen-besuch-wert\/\" class=\"more-link\">Read more: Veere \u2013 in jedem Fall einen Besuch wert!<\/a><\/p>\n","protected":false},"author":2,"featured_media":0,"comment_status":"open","ping_status":"open","sticky":false,"template":"","format":"standard","meta":{"_metis_text_type":"","_metis_text_length":2621,"_post_count":0,"footnotes":""},"categories":[39,24],"tags":[],"class_list":["post-5934","post","type-post","status-publish","format-standard","hentry","category-ausfluge-co","category-sommer"],"_links":{"self":[{"href":"https:\/\/www.sabine-seyffert.de\/blog\/wp-json\/wp\/v2\/posts\/5934","targetHints":{"allow":["GET"]}}],"collection":[{"href":"https:\/\/www.sabine-seyffert.de\/blog\/wp-json\/wp\/v2\/posts"}],"about":[{"href":"https:\/\/www.sabine-seyffert.de\/blog\/wp-json\/wp\/v2\/types\/post"}],"author":[{"embeddable":true,"href":"https:\/\/www.sabine-seyffert.de\/blog\/wp-json\/wp\/v2\/users\/2"}],"replies":[{"embeddable":true,"href":"https:\/\/www.sabine-seyffert.de\/blog\/wp-json\/wp\/v2\/comments?post=5934"}],"version-history":[{"count":4,"href":"https:\/\/www.sabine-seyffert.de\/blog\/wp-json\/wp\/v2\/posts\/5934\/revisions"}],"predecessor-version":[{"id":12859,"href":"https:\/\/www.sabine-seyffert.de\/blog\/wp-json\/wp\/v2\/posts\/5934\/revisions\/12859"}],"wp:attachment":[{"href":"https:\/\/www.sabine-seyffert.de\/blog\/wp-json\/wp\/v2\/media?parent=5934"}],"wp:term":[{"taxonomy":"category","embeddable":true,"href":"https:\/\/www.sabine-seyffert.de\/blog\/wp-json\/wp\/v2\/categories?post=5934"},{"taxonomy":"post_tag","embeddable":true,"href":"https:\/\/www.sabine-seyffert.de\/blog\/wp-json\/wp\/v2\/tags?post=5934"}],"curies":[{"name":"wp","href":"https:\/\/api.w.org\/{rel}","templated":true}]}}