{"id":5908,"date":"2015-08-18T05:46:43","date_gmt":"2015-08-18T03:46:43","guid":{"rendered":"http:\/\/www.sabine-seyffert.de\/blog\/?p=5908"},"modified":"2017-03-02T12:28:51","modified_gmt":"2017-03-02T10:28:51","slug":"bunte-gruesse-zum-schulstart-froehliches-diy-fuer-die-post","status":"publish","type":"post","link":"https:\/\/www.sabine-seyffert.de\/blog\/bunte-gruesse-zum-schulstart-froehliches-diy-fuer-die-post\/","title":{"rendered":"Bunte Gr\u00fc\u00dfe zum Schulstart \/ Fr\u00f6hliches DIY f\u00fcr die Post"},"content":{"rendered":"<p style=\"text-align: justify;\"><img loading=\"lazy\" decoding=\"async\" src=\"https:\/\/ssl-vg03.met.vgwort.de\/na\/9d6aa67ad94b4de9a166d2284eba7c15\" alt=\"\" width=\"1\" height=\"1\" \/>Der erste Schultag ist immer etwas ganz Besonderes. Schlie\u00dflich ist der Schulstart ein ganz neuer Lebensabschnitt. Und daher wird ein solcher bei uns auch immer geb\u00fchrend gefeiert. Mit einem fr\u00f6hlichen Fest, k\u00f6stlichen Leckereien und einem ganzen Schwung an netten G\u00e4sten. Ebenso freut sich ein frisch gebackenes Schulkind auch \u00fcber einen lieben Gru\u00df per Post. Und genau diesen haben wir vor kurzem mit viel Liebe und Herzblut selbst entworfen und gebastelt.<\/p>\n<p style=\"text-align: center;\"><a href=\"http:\/\/www.sabine-seyffert.de\/blog\/wp-content\/uploads\/2015\/08\/A-12.jpg\"><img loading=\"lazy\" decoding=\"async\" class=\"alignnone size-full wp-image-5909\" src=\"http:\/\/www.sabine-seyffert.de\/blog\/wp-content\/uploads\/2015\/08\/A-12.jpg\" alt=\"A 1\" width=\"800\" height=\"600\" srcset=\"https:\/\/www.sabine-seyffert.de\/blog\/wp-content\/uploads\/2015\/08\/A-12.jpg 800w, https:\/\/www.sabine-seyffert.de\/blog\/wp-content\/uploads\/2015\/08\/A-12-300x225.jpg 300w\" sizes=\"auto, (max-width: 800px) 100vw, 800px\" \/><\/a><\/p>\n<p style=\"text-align: justify;\"><strong>Das wird gebraucht:<\/strong><br \/>\nEin St\u00fcck Tonkarton in Postkartengr\u00f6\u00dfe oder alternativ eine uni wei\u00dfe Karteikarte \/ Blanko Postkarte, Stifte oder einen Drucker, Schere, Klebstoff, farbiges Bastelpapier (hierf\u00fcr reichen auch kleine Papierreste aus!)<\/p>\n<p style=\"text-align: center;\"><a href=\"http:\/\/www.sabine-seyffert.de\/blog\/wp-content\/uploads\/2015\/08\/A-21.jpg\"><img loading=\"lazy\" decoding=\"async\" class=\"alignnone size-full wp-image-5910\" src=\"http:\/\/www.sabine-seyffert.de\/blog\/wp-content\/uploads\/2015\/08\/A-21.jpg\" alt=\"A 2\" width=\"800\" height=\"600\" srcset=\"https:\/\/www.sabine-seyffert.de\/blog\/wp-content\/uploads\/2015\/08\/A-21.jpg 800w, https:\/\/www.sabine-seyffert.de\/blog\/wp-content\/uploads\/2015\/08\/A-21-300x225.jpg 300w\" sizes=\"auto, (max-width: 800px) 100vw, 800px\" \/><\/a><\/p>\n<p style=\"text-align: justify;\"><strong>So wird\u2019s gemacht:<\/strong><br \/>\nPassend zum Schulstart wollte ich die selbst gemachte Postkarte mit gebastelten Stiften bekleben und dazwischen einen kleinen \u201eGru\u00df\u201c setzen. Daher habe ich zuerst auf die Karte den gew\u00fcnschten Text gedruckt.<\/p>\n<p style=\"text-align: center;\"><a href=\"http:\/\/www.sabine-seyffert.de\/blog\/wp-content\/uploads\/2015\/08\/A-33.jpg\"><img loading=\"lazy\" decoding=\"async\" class=\"alignnone size-full wp-image-5911\" src=\"http:\/\/www.sabine-seyffert.de\/blog\/wp-content\/uploads\/2015\/08\/A-33.jpg\" alt=\"A 3\" width=\"800\" height=\"587\" srcset=\"https:\/\/www.sabine-seyffert.de\/blog\/wp-content\/uploads\/2015\/08\/A-33.jpg 800w, https:\/\/www.sabine-seyffert.de\/blog\/wp-content\/uploads\/2015\/08\/A-33-300x220.jpg 300w\" sizes=\"auto, (max-width: 800px) 100vw, 800px\" \/><\/a><\/p>\n<p style=\"text-align: justify;\">Anschlie\u00dfend habe ich aus den Papierresten verschieden gro\u00dfe Buntstifte geschnitten und auf die Karte geklebt. Zu guter Letzt notiert man auf der R\u00fcckseite noch ein paar liebe Zeilen an das zuk\u00fcnftige Schulkind und dann ab damit in einen Briefumschlag.<\/p>\n<p style=\"text-align: center;\"><a href=\"http:\/\/www.sabine-seyffert.de\/blog\/wp-content\/uploads\/2015\/08\/A-4.jpg\"><img loading=\"lazy\" decoding=\"async\" class=\"alignnone size-full wp-image-5912\" src=\"http:\/\/www.sabine-seyffert.de\/blog\/wp-content\/uploads\/2015\/08\/A-4.jpg\" alt=\"A 4\" width=\"800\" height=\"600\" srcset=\"https:\/\/www.sabine-seyffert.de\/blog\/wp-content\/uploads\/2015\/08\/A-4.jpg 800w, https:\/\/www.sabine-seyffert.de\/blog\/wp-content\/uploads\/2015\/08\/A-4-300x225.jpg 300w\" sizes=\"auto, (max-width: 800px) 100vw, 800px\" \/><\/a><\/p>\n<p style=\"text-align: justify;\">Die Anschrift, den Absender und nat\u00fcrlich die Briefmarke nicht vergessen! Dann ab geht die fr\u00f6hlich bunte Schulstart Post!<\/p>\n<p style=\"text-align: center;\"><a href=\"http:\/\/www.sabine-seyffert.de\/blog\/wp-content\/uploads\/2015\/08\/A-51.jpg\"><img loading=\"lazy\" decoding=\"async\" class=\"alignnone size-full wp-image-5913\" src=\"http:\/\/www.sabine-seyffert.de\/blog\/wp-content\/uploads\/2015\/08\/A-51.jpg\" alt=\"A 5\" width=\"800\" height=\"600\" srcset=\"https:\/\/www.sabine-seyffert.de\/blog\/wp-content\/uploads\/2015\/08\/A-51.jpg 800w, https:\/\/www.sabine-seyffert.de\/blog\/wp-content\/uploads\/2015\/08\/A-51-300x225.jpg 300w\" sizes=\"auto, (max-width: 800px) 100vw, 800px\" \/><\/a><\/p>\n<p style=\"text-align: justify;\">Falls Ihr noch auf der Suche nach Ideen zur Einschulung seid, dann werft doch einfach mal einen Blick in meine Rubrik mit dem Titel \u201e<a href=\"http:\/\/www.sabine-seyffert.de\/blog\/?cat=40\" target=\"_blank\">Schulstart<\/a>\u201c.<\/p>\n<p style=\"text-align: center;\"><a href=\"http:\/\/www.sabine-seyffert.de\/blog\/wp-content\/uploads\/2015\/08\/A-61.jpg\"><img loading=\"lazy\" decoding=\"async\" class=\"alignnone size-full wp-image-5914\" src=\"http:\/\/www.sabine-seyffert.de\/blog\/wp-content\/uploads\/2015\/08\/A-61.jpg\" alt=\"A 6\" width=\"800\" height=\"600\" srcset=\"https:\/\/www.sabine-seyffert.de\/blog\/wp-content\/uploads\/2015\/08\/A-61.jpg 800w, https:\/\/www.sabine-seyffert.de\/blog\/wp-content\/uploads\/2015\/08\/A-61-300x225.jpg 300w\" sizes=\"auto, (max-width: 800px) 100vw, 800px\" \/><\/a><\/p>\n<p style=\"text-align: justify;\">Darin findet sich eine tolle Sammlung an kreativen Ideen f\u00fcr Einladungen, stimmungsvolle Deko, das Schulwegtraining, \u201eessbare\u201c Schult\u00fcten, verschiedene Girlanden, eine farbenfrohe Tischdeko, eine Anleitung f\u00fcr eine selbst gen\u00e4hte Schult\u00fcte und vieles andere mehr \u2013 viel Spa\u00df beim St\u00f6bern, Feiern und nat\u00fcrlich beim Schulstart selbst!<\/p>\n<p style=\"text-align: center;\"><a href=\"http:\/\/www.sabine-seyffert.de\/blog\/wp-content\/uploads\/2015\/08\/A-71.jpg\"><img loading=\"lazy\" decoding=\"async\" class=\"alignnone size-full wp-image-5915\" src=\"http:\/\/www.sabine-seyffert.de\/blog\/wp-content\/uploads\/2015\/08\/A-71.jpg\" alt=\"A 7\" width=\"800\" height=\"600\" srcset=\"https:\/\/www.sabine-seyffert.de\/blog\/wp-content\/uploads\/2015\/08\/A-71.jpg 800w, https:\/\/www.sabine-seyffert.de\/blog\/wp-content\/uploads\/2015\/08\/A-71-300x225.jpg 300w\" sizes=\"auto, (max-width: 800px) 100vw, 800px\" \/><\/a><\/p>\n<p style=\"text-align: justify;\">Weitere kreative Ideen gibt es au\u00dferdem <a href=\"http:\/\/www.creadienstag.de\/2015\/08\/189.html\" target=\"_blank\">dort<\/a> und auch an <a href=\"http:\/\/kiddikram.blogspot.de\/2015\/07\/kiddikram-august-2015.html\" target=\"_blank\">dieser<\/a> Stelle!<\/p>\n<p style=\"text-align: center;\"><a href=\"http:\/\/www.sabine-seyffert.de\/blog\/wp-content\/uploads\/2015\/08\/A-8.jpg\"><img loading=\"lazy\" decoding=\"async\" class=\"alignnone size-full wp-image-5916\" src=\"http:\/\/www.sabine-seyffert.de\/blog\/wp-content\/uploads\/2015\/08\/A-8.jpg\" alt=\"A 8\" width=\"800\" height=\"600\" srcset=\"https:\/\/www.sabine-seyffert.de\/blog\/wp-content\/uploads\/2015\/08\/A-8.jpg 800w, https:\/\/www.sabine-seyffert.de\/blog\/wp-content\/uploads\/2015\/08\/A-8-300x225.jpg 300w\" sizes=\"auto, (max-width: 800px) 100vw, 800px\" \/><\/a><\/p>\n<p style=\"text-align: justify;\"><a href=\"http:\/\/www.sabine-seyffert.de\/blog\/?page_id=32#urheberrecht\">urheberrechtlich gesch\u00fctzt<\/a>, \u00a9 Sabine Seyffert<\/p>\n","protected":false},"excerpt":{"rendered":"<p>Der erste Schultag ist immer etwas ganz Besonderes. Schlie\u00dflich ist der Schulstart ein ganz neuer Lebensabschnitt. Und daher wird ein solcher bei uns auch immer geb\u00fchrend gefeiert. Mit einem fr\u00f6hlichen Fest, k\u00f6stlichen Leckereien und einem ganzen Schwung an netten G\u00e4sten. Ebenso freut sich ein frisch gebackenes Schulkind auch \u00fcber einen lieben Gru\u00df per Post. Und&#8230; <a href=\"https:\/\/www.sabine-seyffert.de\/blog\/bunte-gruesse-zum-schulstart-froehliches-diy-fuer-die-post\/\" class=\"more-link\">Read more: Bunte Gr\u00fc\u00dfe zum Schulstart \/ Fr\u00f6hliches DIY f\u00fcr die Post<\/a><\/p>\n","protected":false},"author":2,"featured_media":5916,"comment_status":"open","ping_status":"open","sticky":false,"template":"","format":"standard","meta":{"_metis_text_type":"","_metis_text_length":1896,"_post_count":0,"footnotes":""},"categories":[36,51,40,24],"tags":[],"class_list":["post-5908","post","type-post","status-publish","format-standard","has-post-thumbnail","hentry","category-klitzekleine-geschenkideen","category-postkarten-grusskarten","category-schulstart","category-sommer"],"_links":{"self":[{"href":"https:\/\/www.sabine-seyffert.de\/blog\/wp-json\/wp\/v2\/posts\/5908","targetHints":{"allow":["GET"]}}],"collection":[{"href":"https:\/\/www.sabine-seyffert.de\/blog\/wp-json\/wp\/v2\/posts"}],"about":[{"href":"https:\/\/www.sabine-seyffert.de\/blog\/wp-json\/wp\/v2\/types\/post"}],"author":[{"embeddable":true,"href":"https:\/\/www.sabine-seyffert.de\/blog\/wp-json\/wp\/v2\/users\/2"}],"replies":[{"embeddable":true,"href":"https:\/\/www.sabine-seyffert.de\/blog\/wp-json\/wp\/v2\/comments?post=5908"}],"version-history":[{"count":2,"href":"https:\/\/www.sabine-seyffert.de\/blog\/wp-json\/wp\/v2\/posts\/5908\/revisions"}],"predecessor-version":[{"id":9672,"href":"https:\/\/www.sabine-seyffert.de\/blog\/wp-json\/wp\/v2\/posts\/5908\/revisions\/9672"}],"wp:featuredmedia":[{"embeddable":true,"href":"https:\/\/www.sabine-seyffert.de\/blog\/wp-json\/wp\/v2\/media\/5916"}],"wp:attachment":[{"href":"https:\/\/www.sabine-seyffert.de\/blog\/wp-json\/wp\/v2\/media?parent=5908"}],"wp:term":[{"taxonomy":"category","embeddable":true,"href":"https:\/\/www.sabine-seyffert.de\/blog\/wp-json\/wp\/v2\/categories?post=5908"},{"taxonomy":"post_tag","embeddable":true,"href":"https:\/\/www.sabine-seyffert.de\/blog\/wp-json\/wp\/v2\/tags?post=5908"}],"curies":[{"name":"wp","href":"https:\/\/api.w.org\/{rel}","templated":true}]}}