{"id":5881,"date":"2015-08-15T09:56:50","date_gmt":"2015-08-15T07:56:50","guid":{"rendered":"http:\/\/www.sabine-seyffert.de\/blog\/?p=5881"},"modified":"2018-06-26T16:43:46","modified_gmt":"2018-06-26T14:43:46","slug":"ausflugstipp-maerchenhafter-schlossgarten-und-eine-echte-wasserburg","status":"publish","type":"post","link":"https:\/\/www.sabine-seyffert.de\/blog\/ausflugstipp-maerchenhafter-schlossgarten-und-eine-echte-wasserburg\/","title":{"rendered":"Ausflugstipp: M\u00e4rchenhafter Schlossgarten und eine echte Wasserburg"},"content":{"rendered":"<p style=\"text-align: justify;\"><img loading=\"lazy\" decoding=\"async\" src=\"https:\/\/ssl-vg03.met.vgwort.de\/na\/a24774b474ba4072966d9e818965f84e\" alt=\"\" width=\"1\" height=\"1\" \/>Burgen und Schl\u00f6sser mag ich sehr. Daher m\u00f6chte ich Euch unbedingt von einem ganz wundervollen Ausflugsziel berichten: Dem <a href=\"https:\/\/de.wikipedia.org\/wiki\/Burg_Anholt\" target=\"_blank\" rel=\"noopener\">Wasserschloss Anholt<\/a>, das wir ganz zuf\u00e4llig auf einer Wochenendtour entdeckt haben.<a href=\"http:\/\/www.sabine-seyffert.de\/blog\/wp-content\/uploads\/2015\/08\/A-7.jpg\"><img loading=\"lazy\" decoding=\"async\" class=\" size-full wp-image-5882 aligncenter\" src=\"http:\/\/www.sabine-seyffert.de\/blog\/wp-content\/uploads\/2015\/08\/A-7.jpg\" alt=\"A 7\" width=\"600\" height=\"800\" srcset=\"https:\/\/www.sabine-seyffert.de\/blog\/wp-content\/uploads\/2015\/08\/A-7.jpg 600w, https:\/\/www.sabine-seyffert.de\/blog\/wp-content\/uploads\/2015\/08\/A-7-225x300.jpg 225w\" sizes=\"auto, (max-width: 600px) 100vw, 600px\" \/><\/a><\/p>\n<p style=\"text-align: justify;\">Leider war diese Entdeckung wirklich so ungeplant, dass das eigentliche Museum im Schloss bereits geschlossen hatte. Und doch hatten wir Gl\u00fcck, denn eine kleine Besuchergruppe, die die Schlossbesichtigung bereits hinter sich hatte, durfte den schon abgeschlossenen Schlosspark besichtigen und nahm uns kurzerhand mit.<\/p>\n<p style=\"text-align: center;\"><a href=\"http:\/\/www.sabine-seyffert.de\/blog\/wp-content\/uploads\/2015\/08\/A-1.jpg\"><img loading=\"lazy\" decoding=\"async\" class=\"alignnone size-full wp-image-5883\" src=\"http:\/\/www.sabine-seyffert.de\/blog\/wp-content\/uploads\/2015\/08\/A-1.jpg\" alt=\"A 1\" width=\"800\" height=\"600\" srcset=\"https:\/\/www.sabine-seyffert.de\/blog\/wp-content\/uploads\/2015\/08\/A-1.jpg 800w, https:\/\/www.sabine-seyffert.de\/blog\/wp-content\/uploads\/2015\/08\/A-1-300x225.jpg 300w\" sizes=\"auto, (max-width: 800px) 100vw, 800px\" \/><\/a><\/p>\n<p style=\"text-align: justify;\">Das schwere Eingangstor zum Schlosspark wurde gleich nach uns wieder verschlossen und so hatten wir die einmalige Gelegenheit das weitl\u00e4ufige Gel\u00e4nde fast alleine zu erkunden.<\/p>\n<p style=\"text-align: center;\"><a href=\"http:\/\/www.sabine-seyffert.de\/blog\/wp-content\/uploads\/2015\/08\/A-3.jpg\"><img loading=\"lazy\" decoding=\"async\" class=\"alignnone size-full wp-image-5884\" src=\"http:\/\/www.sabine-seyffert.de\/blog\/wp-content\/uploads\/2015\/08\/A-3.jpg\" alt=\"A 3\" width=\"600\" height=\"800\" srcset=\"https:\/\/www.sabine-seyffert.de\/blog\/wp-content\/uploads\/2015\/08\/A-3.jpg 600w, https:\/\/www.sabine-seyffert.de\/blog\/wp-content\/uploads\/2015\/08\/A-3-225x300.jpg 225w\" sizes=\"auto, (max-width: 600px) 100vw, 600px\" \/><\/a><\/p>\n<p style=\"text-align: justify;\">Der Weg startet durch eine pr\u00e4chtige Allee zwischen hohen Baumkronen hindurch. Auf der linken Seite hat man zwischen den B\u00e4umen und B\u00fcschen Ausblick auf das gro\u00dfe Schloss, das von reichlich Wasser umgeben ist.<\/p>\n<p style=\"text-align: center;\"><a href=\"http:\/\/www.sabine-seyffert.de\/blog\/wp-content\/uploads\/2015\/08\/A-6.jpg\"><img loading=\"lazy\" decoding=\"async\" class=\"alignnone size-full wp-image-5886\" src=\"http:\/\/www.sabine-seyffert.de\/blog\/wp-content\/uploads\/2015\/08\/A-6.jpg\" alt=\"A 6\" width=\"600\" height=\"800\" srcset=\"https:\/\/www.sabine-seyffert.de\/blog\/wp-content\/uploads\/2015\/08\/A-6.jpg 600w, https:\/\/www.sabine-seyffert.de\/blog\/wp-content\/uploads\/2015\/08\/A-6-225x300.jpg 225w\" sizes=\"auto, (max-width: 600px) 100vw, 600px\" \/><\/a><\/p>\n<p style=\"text-align: justify;\">Von dieser Seite aus, schaut man auf die Terrassen <a href=\"http:\/\/www.schloss-anholt.de\/\" target=\"_blank\" rel=\"noopener\">des Schlosshotels<\/a>, das leider jedoch schon ausgebucht war.<\/p>\n<p style=\"text-align: center;\"><a href=\"http:\/\/www.sabine-seyffert.de\/blog\/wp-content\/uploads\/2015\/08\/A-2.jpg\"><img loading=\"lazy\" decoding=\"async\" class=\"alignnone size-full wp-image-5885\" src=\"http:\/\/www.sabine-seyffert.de\/blog\/wp-content\/uploads\/2015\/08\/A-2.jpg\" alt=\"A 2\" width=\"600\" height=\"800\" srcset=\"https:\/\/www.sabine-seyffert.de\/blog\/wp-content\/uploads\/2015\/08\/A-2.jpg 600w, https:\/\/www.sabine-seyffert.de\/blog\/wp-content\/uploads\/2015\/08\/A-2-225x300.jpg 225w\" sizes=\"auto, (max-width: 600px) 100vw, 600px\" \/><\/a><\/p>\n<p style=\"text-align: justify;\">Als Besucher des Schlossparks hat man nun mehrere M\u00f6glichkeiten. Wir haben uns f\u00fcr den \u201egro\u00dfen\u201c Rundweg entschieden, der in etwa eine Stunde dauert. Wobei man an vielen Weggabelungen die Strecke auch abk\u00fcrzen und eine schnellere Route w\u00e4hlen kann.<\/p>\n<p style=\"text-align: center;\"><a href=\"http:\/\/www.sabine-seyffert.de\/blog\/wp-content\/uploads\/2015\/08\/A-10.jpg\"><img loading=\"lazy\" decoding=\"async\" class=\"alignnone size-full wp-image-5887\" src=\"http:\/\/www.sabine-seyffert.de\/blog\/wp-content\/uploads\/2015\/08\/A-10.jpg\" alt=\"A 10\" width=\"600\" height=\"800\" srcset=\"https:\/\/www.sabine-seyffert.de\/blog\/wp-content\/uploads\/2015\/08\/A-10.jpg 600w, https:\/\/www.sabine-seyffert.de\/blog\/wp-content\/uploads\/2015\/08\/A-10-225x300.jpg 225w\" sizes=\"auto, (max-width: 600px) 100vw, 600px\" \/><\/a><\/p>\n<p style=\"text-align: justify;\">\u00dcber einen kleinen See f\u00fchrt eine h\u00f6lzerne Br\u00fccke. Im Wasser spiegelt sich das Licht der Sonne wie ein goldener Ball. Vor uns auf dem Weg sitzt ein kleines Eichh\u00f6rnchen, das schnell auf einen Baum klettert und uns von einem Ast aus ganz genau beobachtet.<\/p>\n<p style=\"text-align: center;\"><a href=\"http:\/\/www.sabine-seyffert.de\/blog\/wp-content\/uploads\/2015\/08\/A-11.jpg\"><img loading=\"lazy\" decoding=\"async\" class=\"alignnone size-full wp-image-5888\" src=\"http:\/\/www.sabine-seyffert.de\/blog\/wp-content\/uploads\/2015\/08\/A-11.jpg\" alt=\"A 11\" width=\"800\" height=\"600\" srcset=\"https:\/\/www.sabine-seyffert.de\/blog\/wp-content\/uploads\/2015\/08\/A-11.jpg 800w, https:\/\/www.sabine-seyffert.de\/blog\/wp-content\/uploads\/2015\/08\/A-11-300x225.jpg 300w\" sizes=\"auto, (max-width: 800px) 100vw, 800px\" \/><\/a><\/p>\n<p style=\"text-align: justify;\">Dann endet der Wald und der Weg f\u00fchrt durch ein gro\u00dfes Feld. Zur einen Seite hin w\u00e4chst eine richtig prachtvolle Wildwiese, hinter der das Schloss emporragt.<\/p>\n<p style=\"text-align: center;\"><a href=\"http:\/\/www.sabine-seyffert.de\/blog\/wp-content\/uploads\/2015\/08\/A-5.jpg\"><img loading=\"lazy\" decoding=\"async\" class=\"alignnone size-full wp-image-5889\" src=\"http:\/\/www.sabine-seyffert.de\/blog\/wp-content\/uploads\/2015\/08\/A-5.jpg\" alt=\"A 5\" width=\"800\" height=\"600\" srcset=\"https:\/\/www.sabine-seyffert.de\/blog\/wp-content\/uploads\/2015\/08\/A-5.jpg 800w, https:\/\/www.sabine-seyffert.de\/blog\/wp-content\/uploads\/2015\/08\/A-5-300x225.jpg 300w\" sizes=\"auto, (max-width: 800px) 100vw, 800px\" \/><\/a><\/p>\n<p style=\"text-align: justify;\">\u00dcberall am Wegesrand laden gem\u00fctliche Holzb\u00e4nke zum Sitzen ein. Viele davon unter gro\u00dfen B\u00e4umen. Von dort aus hat man eine fantastische Sicht auf das Schloss.<\/p>\n<p style=\"text-align: center;\"><a href=\"http:\/\/www.sabine-seyffert.de\/blog\/wp-content\/uploads\/2015\/08\/A-15.jpg\"><img loading=\"lazy\" decoding=\"async\" class=\"alignnone size-full wp-image-5890\" src=\"http:\/\/www.sabine-seyffert.de\/blog\/wp-content\/uploads\/2015\/08\/A-15.jpg\" alt=\"A 15\" width=\"800\" height=\"600\" srcset=\"https:\/\/www.sabine-seyffert.de\/blog\/wp-content\/uploads\/2015\/08\/A-15.jpg 800w, https:\/\/www.sabine-seyffert.de\/blog\/wp-content\/uploads\/2015\/08\/A-15-300x225.jpg 300w\" sizes=\"auto, (max-width: 800px) 100vw, 800px\" \/><\/a><\/p>\n<p style=\"text-align: justify;\">Ein gro\u00dfer, h\u00f6lzerner Pavillon kreuzt unseren Weg und dann warten allerhand kleine Br\u00fccken und Stege auf uns. Ein St\u00fcck weiter findet man ein echtes Labyrinth aus gr\u00fcnen Hecken. F\u00fcr Kinder das reinste Vergn\u00fcgen und die Wege sind wirklich ganz sch\u00f6n verwinkelt und f\u00fchren in die Irre\u2026<\/p>\n<p style=\"text-align: center;\"><a href=\"http:\/\/www.sabine-seyffert.de\/blog\/wp-content\/uploads\/2015\/08\/A-22.jpg\"><img loading=\"lazy\" decoding=\"async\" class=\"alignnone size-full wp-image-5891\" src=\"http:\/\/www.sabine-seyffert.de\/blog\/wp-content\/uploads\/2015\/08\/A-22.jpg\" alt=\"A 22\" width=\"600\" height=\"800\" srcset=\"https:\/\/www.sabine-seyffert.de\/blog\/wp-content\/uploads\/2015\/08\/A-22.jpg 600w, https:\/\/www.sabine-seyffert.de\/blog\/wp-content\/uploads\/2015\/08\/A-22-225x300.jpg 225w\" sizes=\"auto, (max-width: 600px) 100vw, 600px\" \/><\/a><\/p>\n<p style=\"text-align: justify;\">Nun kommen wir an einen angelegten Park in dem zahlreiche Blumen um die Wette bl\u00fchen. Mitten darin ein Springbrunnen und eine hochgezogene Zugbr\u00fccke, die uns den Eingang zum Schloss verwehrt.<\/p>\n<p style=\"text-align: center;\"><a href=\"http:\/\/www.sabine-seyffert.de\/blog\/wp-content\/uploads\/2015\/08\/A-16.jpg\"><img loading=\"lazy\" decoding=\"async\" class=\"alignnone size-full wp-image-5892\" src=\"http:\/\/www.sabine-seyffert.de\/blog\/wp-content\/uploads\/2015\/08\/A-16.jpg\" alt=\"A 16\" width=\"600\" height=\"800\" srcset=\"https:\/\/www.sabine-seyffert.de\/blog\/wp-content\/uploads\/2015\/08\/A-16.jpg 600w, https:\/\/www.sabine-seyffert.de\/blog\/wp-content\/uploads\/2015\/08\/A-16-225x300.jpg 225w\" sizes=\"auto, (max-width: 600px) 100vw, 600px\" \/><\/a><\/p>\n<p style=\"text-align: justify;\">Ein St\u00fcck weiter befinden wir uns im so genannten Wassergarten. Hier bl\u00fchen im wahrsten Sinne des Wortes \u201em\u00e4rchenhafte\u201c Rosen wie bsp. die \u201eSterntaler Rose\u201c.<\/p>\n<p style=\"text-align: justify;\"><a href=\"http:\/\/www.sabine-seyffert.de\/blog\/wp-content\/uploads\/2015\/08\/A-26.jpg\"><img loading=\"lazy\" decoding=\"async\" class=\" size-full wp-image-5893 aligncenter\" src=\"http:\/\/www.sabine-seyffert.de\/blog\/wp-content\/uploads\/2015\/08\/A-26.jpg\" alt=\"A 26\" width=\"600\" height=\"800\" srcset=\"https:\/\/www.sabine-seyffert.de\/blog\/wp-content\/uploads\/2015\/08\/A-26.jpg 600w, https:\/\/www.sabine-seyffert.de\/blog\/wp-content\/uploads\/2015\/08\/A-26-225x300.jpg 225w\" sizes=\"auto, (max-width: 600px) 100vw, 600px\" \/><\/a>Das letzte St\u00fcck des Weges f\u00fchrt wieder durch eine kleine Allee. Hier erfreuen wir uns noch einmal am kr\u00f6nenden Abschluss: der Wasserburg in doppelter Ausf\u00fchrung, da die sich im Wasser spiegelt.<\/p>\n<p style=\"text-align: center;\"><a href=\"http:\/\/www.sabine-seyffert.de\/blog\/wp-content\/uploads\/2015\/08\/A-17.jpg\"><img loading=\"lazy\" decoding=\"async\" class=\"alignnone size-full wp-image-5897\" src=\"http:\/\/www.sabine-seyffert.de\/blog\/wp-content\/uploads\/2015\/08\/A-17.jpg\" alt=\"A 17\" width=\"600\" height=\"800\" srcset=\"https:\/\/www.sabine-seyffert.de\/blog\/wp-content\/uploads\/2015\/08\/A-17.jpg 600w, https:\/\/www.sabine-seyffert.de\/blog\/wp-content\/uploads\/2015\/08\/A-17-225x300.jpg 225w\" sizes=\"auto, (max-width: 600px) 100vw, 600px\" \/><\/a><\/p>\n<p style=\"text-align: justify;\">Um den ganzen Zauber dieses Ortes erleben zu k\u00f6nnen, muss man sicher selbst dorthin fahren. Vielleicht habe ich Euch ja neugierig gemacht?<\/p>\n<p style=\"text-align: center;\"><a href=\"http:\/\/www.sabine-seyffert.de\/blog\/wp-content\/uploads\/2015\/08\/A-25.jpg\"><img loading=\"lazy\" decoding=\"async\" class=\"alignnone size-full wp-image-5895\" src=\"http:\/\/www.sabine-seyffert.de\/blog\/wp-content\/uploads\/2015\/08\/A-25.jpg\" alt=\"A 25\" width=\"800\" height=\"600\" srcset=\"https:\/\/www.sabine-seyffert.de\/blog\/wp-content\/uploads\/2015\/08\/A-25.jpg 800w, https:\/\/www.sabine-seyffert.de\/blog\/wp-content\/uploads\/2015\/08\/A-25-300x225.jpg 300w\" sizes=\"auto, (max-width: 800px) 100vw, 800px\" \/><\/a><\/p>\n<p style=\"text-align: justify;\">Vielen Dank an <a href=\"http:\/\/fuerst-salm.de\/\" target=\"_blank\" rel=\"noopener\">F\u00fcrst Salm<\/a> von der <a href=\"http:\/\/www.wasserburg-anholt.de\/\" target=\"_blank\" rel=\"noopener\">Wasserburg Anholt<\/a> f\u00fcr die Genehmigung meine Fotos hier zeigen zu d\u00fcrfen!<\/p>\n<p style=\"text-align: center;\"><a href=\"http:\/\/www.sabine-seyffert.de\/blog\/wp-content\/uploads\/2015\/08\/A-32.jpg\"><img loading=\"lazy\" decoding=\"async\" class=\"alignnone size-full wp-image-5896\" src=\"http:\/\/www.sabine-seyffert.de\/blog\/wp-content\/uploads\/2015\/08\/A-32.jpg\" alt=\"A 32\" width=\"600\" height=\"800\" srcset=\"https:\/\/www.sabine-seyffert.de\/blog\/wp-content\/uploads\/2015\/08\/A-32.jpg 600w, https:\/\/www.sabine-seyffert.de\/blog\/wp-content\/uploads\/2015\/08\/A-32-225x300.jpg 225w\" sizes=\"auto, (max-width: 600px) 100vw, 600px\" \/><\/a><\/p>\n<p style=\"text-align: justify;\">\u00dcbrigens, das wundersch\u00f6ne <a href=\"http:\/\/www.sabine-seyffert.de\/blog\/?p=5827\" target=\"_blank\" rel=\"noopener\">St\u00e4dtchen Xanten<\/a> liegt nicht weit davon entfernt und auch <a href=\"http:\/\/www.sabine-seyffert.de\/blog\/?p=5702\" target=\"_blank\" rel=\"noopener\">das Freilichtmuseum<\/a> ist in der N\u00e4he. Alle anderen Ausflugstipps sind in <a href=\"http:\/\/www.sabine-seyffert.de\/blog\/?cat=39\" target=\"_blank\" rel=\"noopener\">dieser Rubrik<\/a> zu finden \ud83d\ude42<\/p>\n<p style=\"text-align: justify;\"><a href=\"http:\/\/www.sabine-seyffert.de\/blog\/?page_id=32#urheberrecht\">urheberrechtlich gesch\u00fctzt<\/a>, \u00a9 Sabine Seyffert<\/p>\n","protected":false},"excerpt":{"rendered":"<p>Burgen und Schl\u00f6sser mag ich sehr. Daher m\u00f6chte ich Euch unbedingt von einem ganz wundervollen Ausflugsziel berichten: Dem Wasserschloss Anholt, das wir ganz zuf\u00e4llig auf einer Wochenendtour entdeckt haben. Leider war diese Entdeckung wirklich so ungeplant, dass das eigentliche Museum im Schloss bereits geschlossen hatte. Und doch hatten wir Gl\u00fcck, denn eine kleine Besuchergruppe, die&#8230; <a href=\"https:\/\/www.sabine-seyffert.de\/blog\/ausflugstipp-maerchenhafter-schlossgarten-und-eine-echte-wasserburg\/\" class=\"more-link\">Read more: Ausflugstipp: M\u00e4rchenhafter Schlossgarten und eine echte Wasserburg<\/a><\/p>\n","protected":false},"author":2,"featured_media":0,"comment_status":"open","ping_status":"open","sticky":false,"template":"","format":"standard","meta":{"_metis_text_type":"","_metis_text_length":3144,"_post_count":0,"footnotes":""},"categories":[39,24],"tags":[],"class_list":["post-5881","post","type-post","status-publish","format-standard","hentry","category-ausfluge-co","category-sommer"],"_links":{"self":[{"href":"https:\/\/www.sabine-seyffert.de\/blog\/wp-json\/wp\/v2\/posts\/5881","targetHints":{"allow":["GET"]}}],"collection":[{"href":"https:\/\/www.sabine-seyffert.de\/blog\/wp-json\/wp\/v2\/posts"}],"about":[{"href":"https:\/\/www.sabine-seyffert.de\/blog\/wp-json\/wp\/v2\/types\/post"}],"author":[{"embeddable":true,"href":"https:\/\/www.sabine-seyffert.de\/blog\/wp-json\/wp\/v2\/users\/2"}],"replies":[{"embeddable":true,"href":"https:\/\/www.sabine-seyffert.de\/blog\/wp-json\/wp\/v2\/comments?post=5881"}],"version-history":[{"count":12,"href":"https:\/\/www.sabine-seyffert.de\/blog\/wp-json\/wp\/v2\/posts\/5881\/revisions"}],"predecessor-version":[{"id":12847,"href":"https:\/\/www.sabine-seyffert.de\/blog\/wp-json\/wp\/v2\/posts\/5881\/revisions\/12847"}],"wp:attachment":[{"href":"https:\/\/www.sabine-seyffert.de\/blog\/wp-json\/wp\/v2\/media?parent=5881"}],"wp:term":[{"taxonomy":"category","embeddable":true,"href":"https:\/\/www.sabine-seyffert.de\/blog\/wp-json\/wp\/v2\/categories?post=5881"},{"taxonomy":"post_tag","embeddable":true,"href":"https:\/\/www.sabine-seyffert.de\/blog\/wp-json\/wp\/v2\/tags?post=5881"}],"curies":[{"name":"wp","href":"https:\/\/api.w.org\/{rel}","templated":true}]}}