{"id":5846,"date":"2015-08-11T06:38:26","date_gmt":"2015-08-11T04:38:26","guid":{"rendered":"http:\/\/www.sabine-seyffert.de\/blog\/?p=5846"},"modified":"2017-03-02T12:31:06","modified_gmt":"2017-03-02T10:31:06","slug":"schwimmbad-freibad-oder-strand-ich-bin-geruestet-der-sommer-kann-kommen","status":"publish","type":"post","link":"https:\/\/www.sabine-seyffert.de\/blog\/schwimmbad-freibad-oder-strand-ich-bin-geruestet-der-sommer-kann-kommen\/","title":{"rendered":"Schwimmbad, Freibad oder Strand: ich bin ger\u00fcstet, der Sommer kann kommen!"},"content":{"rendered":"<p style=\"text-align: justify;\"><img loading=\"lazy\" decoding=\"async\" src=\"https:\/\/ssl-vg03.met.vgwort.de\/na\/df434b54d2fc466c8e58580f88eaf099\" alt=\"\" width=\"1\" height=\"1\" \/>Nachdem ich mich an meine <a href=\"http:\/\/www.sabine-seyffert.de\/blog\/?p=5613\" target=\"_blank\">allererste Tasche<\/a> herangewagt habe und diese rege im Einsatz ist, hat mich die Schaffenslust mal wieder \u00fcbermannt. Schlie\u00dflich steht der Sommer vor der T\u00fcr. Da geht man gerne ins Schwimmbad oder noch besser, an warmen, sonnigen Tagen ins Freibad.<\/p>\n<p style=\"text-align: center;\"><a href=\"http:\/\/www.sabine-seyffert.de\/blog\/wp-content\/uploads\/2015\/08\/9.jpg\"><img loading=\"lazy\" decoding=\"async\" class=\"alignnone size-full wp-image-5847\" src=\"http:\/\/www.sabine-seyffert.de\/blog\/wp-content\/uploads\/2015\/08\/9.jpg\" alt=\"9\" width=\"600\" height=\"800\" srcset=\"https:\/\/www.sabine-seyffert.de\/blog\/wp-content\/uploads\/2015\/08\/9.jpg 600w, https:\/\/www.sabine-seyffert.de\/blog\/wp-content\/uploads\/2015\/08\/9-225x300.jpg 225w\" sizes=\"auto, (max-width: 600px) 100vw, 600px\" \/><\/a><\/p>\n<p style=\"text-align: justify;\">Ebenso macht eine kleine Auszeit am Meer riesig Spa\u00df und sorgt f\u00fcr eine gute Stimmung. Allerdings fehlte mir daf\u00fcr bislang eine ger\u00e4umige Tasche, in der das ganze Badezeug samt Handtuch, Sonnenmilch &amp; Co. auch wirklich Platz findet. Denn meist bin ich ja mit Kind und Kegel unterwegs und habe entsprechendes \u201eGep\u00e4ck\u201c was verstaut werden will.<\/p>\n<p style=\"text-align: center;\"><a href=\"http:\/\/www.sabine-seyffert.de\/blog\/wp-content\/uploads\/2015\/08\/10.jpg\"><img loading=\"lazy\" decoding=\"async\" class=\"alignnone size-full wp-image-5848\" src=\"http:\/\/www.sabine-seyffert.de\/blog\/wp-content\/uploads\/2015\/08\/10.jpg\" alt=\"10\" width=\"600\" height=\"800\" srcset=\"https:\/\/www.sabine-seyffert.de\/blog\/wp-content\/uploads\/2015\/08\/10.jpg 600w, https:\/\/www.sabine-seyffert.de\/blog\/wp-content\/uploads\/2015\/08\/10-225x300.jpg 225w\" sizes=\"auto, (max-width: 600px) 100vw, 600px\" \/><\/a><\/p>\n<p style=\"text-align: justify;\">So habe ich mich auf die Suche nach einer ger\u00e4umigen Badetasche \/ Strandbeutel umgesehen und bin dann auch f\u00fcndig geworden. In dem Fall habe ich mich allein von Bildern leiten lassen. Im Nach hinein w\u00fcrde ich den Schnitt \u00e4ndern um mehr an H\u00f6he zu gewinnen.<\/p>\n<p style=\"text-align: center;\"><a href=\"http:\/\/www.sabine-seyffert.de\/blog\/wp-content\/uploads\/2015\/08\/41.jpg\"><img loading=\"lazy\" decoding=\"async\" class=\"alignnone size-full wp-image-5849\" src=\"http:\/\/www.sabine-seyffert.de\/blog\/wp-content\/uploads\/2015\/08\/41.jpg\" alt=\"4\" width=\"600\" height=\"800\" srcset=\"https:\/\/www.sabine-seyffert.de\/blog\/wp-content\/uploads\/2015\/08\/41.jpg 600w, https:\/\/www.sabine-seyffert.de\/blog\/wp-content\/uploads\/2015\/08\/41-225x300.jpg 225w\" sizes=\"auto, (max-width: 600px) 100vw, 600px\" \/><\/a><\/p>\n<p style=\"text-align: justify;\">Um die Tasche auch im Schwimmbad &amp; Co. auf den Boden stellen zu k\u00f6nnen oder auch nasse Sachen hinein zu packen, habe ich diese probeweise aus beschichteter Baumwolle gen\u00e4ht. Das N\u00e4hen als solches war kein Problem, allerdings waren die vorab entworfenen Applikationen, die die Tasche aufpeppen sollten, eine wahre Herausforderung. Denn obwohl ich diese mit Vliesofix ausgestattet hatte, lie\u00dfen sich diese nicht wirklich an der Beschichtung aufb\u00fcgeln und musste somit recht m\u00fchsam alles einzeln mit Nadeln anstecken und befestigen. Hat jemand diesbez\u00fcglich einen Tipp?<\/p>\n<p style=\"text-align: center;\"><a href=\"http:\/\/www.sabine-seyffert.de\/blog\/wp-content\/uploads\/2015\/08\/42.jpg\"><img loading=\"lazy\" decoding=\"async\" class=\"alignnone size-full wp-image-5850\" src=\"http:\/\/www.sabine-seyffert.de\/blog\/wp-content\/uploads\/2015\/08\/42.jpg\" alt=\"4\" width=\"600\" height=\"800\" srcset=\"https:\/\/www.sabine-seyffert.de\/blog\/wp-content\/uploads\/2015\/08\/42.jpg 600w, https:\/\/www.sabine-seyffert.de\/blog\/wp-content\/uploads\/2015\/08\/42-225x300.jpg 225w\" sizes=\"auto, (max-width: 600px) 100vw, 600px\" \/><\/a><\/p>\n<p style=\"text-align: justify;\">Bei diesem Taschenexperiment habe ich sogar eine Innentasche f\u00fcr Portemonnaie und Schl\u00fcssel gewagt, wobei ich mit der Anleitung nicht klar kam und diese schlie\u00dflich nach eigenen Vorstellungen angefertigt habe. Um die Tasche verschlie\u00dfen zu k\u00f6nnen habe ich wieder zwei Magnetkn\u00f6pfe eingearbeitet und dieses Mal auch vor dem Zusammenn\u00e4hen daran gedacht \ud83d\ude42<\/p>\n<p style=\"text-align: center;\"><a href=\"http:\/\/www.sabine-seyffert.de\/blog\/wp-content\/uploads\/2015\/08\/21.jpg\"><img loading=\"lazy\" decoding=\"async\" class=\"alignnone size-full wp-image-5851\" src=\"http:\/\/www.sabine-seyffert.de\/blog\/wp-content\/uploads\/2015\/08\/21.jpg\" alt=\"2\" width=\"800\" height=\"600\" srcset=\"https:\/\/www.sabine-seyffert.de\/blog\/wp-content\/uploads\/2015\/08\/21.jpg 800w, https:\/\/www.sabine-seyffert.de\/blog\/wp-content\/uploads\/2015\/08\/21-300x225.jpg 300w\" sizes=\"auto, (max-width: 800px) 100vw, 800px\" \/><\/a><\/p>\n<p style=\"text-align: justify;\">Die Tr\u00e4ger und den oberen Abschluss der Tasche habe ich ebenfalls abge\u00e4ndert, da der Stoff samt Volumenvlies viel zu dick geworden w\u00e4re und nochmals ein ganzes St\u00fcck von der H\u00f6he genommen h\u00e4tte. Die Tr\u00e4ger habe ich seitlich angebracht, mit Hilfe von silbernen Metall Durchz\u00fcgen und Gurtband. Da die Tr\u00e4ger nun beidseitig und recht mittig angebracht sind, f\u00e4llt die Tasche meiner Meinung nach auch sch\u00f6ner, als wenn diese nur an den beiden Au\u00dfenseiten zu finden sind.<\/p>\n<p style=\"text-align: center;\"><a href=\"http:\/\/www.sabine-seyffert.de\/blog\/wp-content\/uploads\/2015\/08\/11.jpg\"><img loading=\"lazy\" decoding=\"async\" class=\"alignnone size-full wp-image-5853\" src=\"http:\/\/www.sabine-seyffert.de\/blog\/wp-content\/uploads\/2015\/08\/11.jpg\" alt=\"1\" width=\"800\" height=\"600\" srcset=\"https:\/\/www.sabine-seyffert.de\/blog\/wp-content\/uploads\/2015\/08\/11.jpg 800w, https:\/\/www.sabine-seyffert.de\/blog\/wp-content\/uploads\/2015\/08\/11-300x225.jpg 300w\" sizes=\"auto, (max-width: 800px) 100vw, 800px\" \/><\/a><\/p>\n<p style=\"text-align: justify;\">Mehr N\u00e4hereien in <a href=\"http:\/\/www.sabine-seyffert.de\/blog\/?cat=33\" target=\"_blank\">dieser Rubrik<\/a>, Ideen f\u00fcr die Ferien <a href=\"http:\/\/www.sabine-seyffert.de\/blog\/?cat=38\" target=\"_blank\">hier<\/a> und andere kreative Dinge <a href=\"http:\/\/www.creadienstag.de\/2015\/08\/188.html\" target=\"_blank\">da<\/a> und <a href=\"http:\/\/kiddikram.blogspot.de\/2015\/07\/kiddikram-august-2015.html\" target=\"_blank\">dort<\/a>.<\/p>\n<p style=\"text-align: justify;\"><a href=\"http:\/\/www.sabine-seyffert.de\/blog\/?page_id=32#urheberrecht\">urheberrechtlich gesch\u00fctzt<\/a>, \u00a9 Sabine Seyffert<\/p>\n","protected":false},"excerpt":{"rendered":"<p>Nachdem ich mich an meine allererste Tasche herangewagt habe und diese rege im Einsatz ist, hat mich die Schaffenslust mal wieder \u00fcbermannt. Schlie\u00dflich steht der Sommer vor der T\u00fcr. Da geht man gerne ins Schwimmbad oder noch besser, an warmen, sonnigen Tagen ins Freibad. Ebenso macht eine kleine Auszeit am Meer riesig Spa\u00df und sorgt&#8230; <a href=\"https:\/\/www.sabine-seyffert.de\/blog\/schwimmbad-freibad-oder-strand-ich-bin-geruestet-der-sommer-kann-kommen\/\" class=\"more-link\">Read more: Schwimmbad, Freibad oder Strand: ich bin ger\u00fcstet, der Sommer kann kommen!<\/a><\/p>\n","protected":false},"author":2,"featured_media":5853,"comment_status":"open","ping_status":"open","sticky":false,"template":"","format":"standard","meta":{"_metis_text_type":"","_metis_text_length":2411,"_post_count":0,"footnotes":""},"categories":[38,33,24],"tags":[],"class_list":["post-5846","post","type-post","status-publish","format-standard","has-post-thumbnail","hentry","category-ferien","category-kreative-naherein","category-sommer"],"_links":{"self":[{"href":"https:\/\/www.sabine-seyffert.de\/blog\/wp-json\/wp\/v2\/posts\/5846","targetHints":{"allow":["GET"]}}],"collection":[{"href":"https:\/\/www.sabine-seyffert.de\/blog\/wp-json\/wp\/v2\/posts"}],"about":[{"href":"https:\/\/www.sabine-seyffert.de\/blog\/wp-json\/wp\/v2\/types\/post"}],"author":[{"embeddable":true,"href":"https:\/\/www.sabine-seyffert.de\/blog\/wp-json\/wp\/v2\/users\/2"}],"replies":[{"embeddable":true,"href":"https:\/\/www.sabine-seyffert.de\/blog\/wp-json\/wp\/v2\/comments?post=5846"}],"version-history":[{"count":7,"href":"https:\/\/www.sabine-seyffert.de\/blog\/wp-json\/wp\/v2\/posts\/5846\/revisions"}],"predecessor-version":[{"id":9674,"href":"https:\/\/www.sabine-seyffert.de\/blog\/wp-json\/wp\/v2\/posts\/5846\/revisions\/9674"}],"wp:featuredmedia":[{"embeddable":true,"href":"https:\/\/www.sabine-seyffert.de\/blog\/wp-json\/wp\/v2\/media\/5853"}],"wp:attachment":[{"href":"https:\/\/www.sabine-seyffert.de\/blog\/wp-json\/wp\/v2\/media?parent=5846"}],"wp:term":[{"taxonomy":"category","embeddable":true,"href":"https:\/\/www.sabine-seyffert.de\/blog\/wp-json\/wp\/v2\/categories?post=5846"},{"taxonomy":"post_tag","embeddable":true,"href":"https:\/\/www.sabine-seyffert.de\/blog\/wp-json\/wp\/v2\/tags?post=5846"}],"curies":[{"name":"wp","href":"https:\/\/api.w.org\/{rel}","templated":true}]}}