{"id":5827,"date":"2015-08-08T09:32:39","date_gmt":"2015-08-08T07:32:39","guid":{"rendered":"http:\/\/www.sabine-seyffert.de\/blog\/?p=5827"},"modified":"2017-03-02T12:32:09","modified_gmt":"2017-03-02T10:32:09","slug":"ausflugstipp-ein-besuch-samt-stadtbummel-in-xanten","status":"publish","type":"post","link":"https:\/\/www.sabine-seyffert.de\/blog\/ausflugstipp-ein-besuch-samt-stadtbummel-in-xanten\/","title":{"rendered":"Ausflugstipp: Ein Besuch samt Stadtbummel in Xanten"},"content":{"rendered":"<p style=\"text-align: justify;\"><img loading=\"lazy\" decoding=\"async\" src=\"https:\/\/ssl-vg03.met.vgwort.de\/na\/cb21f1b9dac24b64ade70dd56f5d3a08\" alt=\"\" width=\"1\" height=\"1\" \/>Wer schon mal in <a href=\"https:\/\/de.wikipedia.org\/wiki\/Xanten\" target=\"_blank\">Xanten<\/a> ist, sollte unbedingt etwas Zeit mitbringen und nicht vers\u00e4umen auch einen kleinen Bummel durch dieses zauberhafte St\u00e4dtchen zu machen.<\/p>\n<p style=\"text-align: center;\"><a href=\"http:\/\/www.sabine-seyffert.de\/blog\/wp-content\/uploads\/2015\/08\/C4.jpg\"><img loading=\"lazy\" decoding=\"async\" class=\"alignnone size-full wp-image-5828\" src=\"http:\/\/www.sabine-seyffert.de\/blog\/wp-content\/uploads\/2015\/08\/C4.jpg\" alt=\"C4\" width=\"800\" height=\"600\" srcset=\"https:\/\/www.sabine-seyffert.de\/blog\/wp-content\/uploads\/2015\/08\/C4.jpg 800w, https:\/\/www.sabine-seyffert.de\/blog\/wp-content\/uploads\/2015\/08\/C4-300x225.jpg 300w\" sizes=\"auto, (max-width: 800px) 100vw, 800px\" \/><\/a><\/p>\n<p style=\"text-align: justify;\">Von unserem Tagesausflug in den <a href=\"http:\/\/www.sabine-seyffert.de\/blog\/?p=5702\" target=\"_blank\">arch\u00e4ologischen Park<\/a> sind wir einfach zu Fu\u00df in Richtung Stadt gelaufen. Die Entfernung ist auch f\u00fcr Kinder problemlos machbar.<\/p>\n<p style=\"text-align: center;\"><a href=\"http:\/\/www.sabine-seyffert.de\/blog\/wp-content\/uploads\/2015\/08\/C3.jpg\"><img loading=\"lazy\" decoding=\"async\" class=\"alignnone size-full wp-image-5829\" src=\"http:\/\/www.sabine-seyffert.de\/blog\/wp-content\/uploads\/2015\/08\/C3.jpg\" alt=\"C3\" width=\"800\" height=\"600\" srcset=\"https:\/\/www.sabine-seyffert.de\/blog\/wp-content\/uploads\/2015\/08\/C3.jpg 800w, https:\/\/www.sabine-seyffert.de\/blog\/wp-content\/uploads\/2015\/08\/C3-300x225.jpg 300w\" sizes=\"auto, (max-width: 800px) 100vw, 800px\" \/><\/a><\/p>\n<p style=\"text-align: justify;\">So sind wir vom Parkplatz aus, durch einen kleinen Park spaziert und dann durch eines der Stadttore hindurch. Hier tummeln sich allerhand Touristen und auf dem Weg sind wir auch an einigen Gruppen vorbei gelaufen, die eine Stadtf\u00fchrung unternommen haben. Was sicher vor allem f\u00fcr die \u201egr\u00f6\u00dferen\u201c Besucher sehr interessant ist.<\/p>\n<p style=\"text-align: center;\"><a href=\"http:\/\/www.sabine-seyffert.de\/blog\/wp-content\/uploads\/2015\/08\/C5.jpg\"><img loading=\"lazy\" decoding=\"async\" class=\"alignnone size-full wp-image-5830\" src=\"http:\/\/www.sabine-seyffert.de\/blog\/wp-content\/uploads\/2015\/08\/C5.jpg\" alt=\"C5\" width=\"600\" height=\"781\" srcset=\"https:\/\/www.sabine-seyffert.de\/blog\/wp-content\/uploads\/2015\/08\/C5.jpg 600w, https:\/\/www.sabine-seyffert.de\/blog\/wp-content\/uploads\/2015\/08\/C5-230x300.jpg 230w\" sizes=\"auto, (max-width: 600px) 100vw, 600px\" \/><\/a><\/p>\n<p style=\"text-align: justify;\">Bevor man ins \u00fcberschaubare Innere der Stadt Xanten kommt, geht es an einer Windm\u00fchle vorbei, in der ein kleiner Kiosk zu finden ist.<\/p>\n<p style=\"text-align: center;\"><a href=\"http:\/\/www.sabine-seyffert.de\/blog\/wp-content\/uploads\/2015\/08\/C7.jpg\"><img loading=\"lazy\" decoding=\"async\" class=\"alignnone size-full wp-image-5831\" src=\"http:\/\/www.sabine-seyffert.de\/blog\/wp-content\/uploads\/2015\/08\/C7.jpg\" alt=\"C7\" width=\"800\" height=\"600\" srcset=\"https:\/\/www.sabine-seyffert.de\/blog\/wp-content\/uploads\/2015\/08\/C7.jpg 800w, https:\/\/www.sabine-seyffert.de\/blog\/wp-content\/uploads\/2015\/08\/C7-300x225.jpg 300w\" sizes=\"auto, (max-width: 800px) 100vw, 800px\" \/><\/a><\/p>\n<p style=\"text-align: justify;\">An allen Ecken findet man gem\u00fctliche, kleine Gasth\u00f6fe mit Au\u00dfengastronomie. Meist etwas versteckt und verwinkelt in kleinen Gassen oder G\u00e4rten. Aber voller Leben!<\/p>\n<p style=\"text-align: center;\"><a href=\"http:\/\/www.sabine-seyffert.de\/blog\/wp-content\/uploads\/2015\/08\/C11.jpg\"><img loading=\"lazy\" decoding=\"async\" class=\"alignnone size-full wp-image-5832\" src=\"http:\/\/www.sabine-seyffert.de\/blog\/wp-content\/uploads\/2015\/08\/C11.jpg\" alt=\"C11\" width=\"800\" height=\"600\" srcset=\"https:\/\/www.sabine-seyffert.de\/blog\/wp-content\/uploads\/2015\/08\/C11.jpg 800w, https:\/\/www.sabine-seyffert.de\/blog\/wp-content\/uploads\/2015\/08\/C11-300x225.jpg 300w\" sizes=\"auto, (max-width: 800px) 100vw, 800px\" \/><\/a><\/p>\n<p style=\"text-align: justify;\">So spaziert man die schmalen Stra\u00dfen entlang und kann die tollen H\u00e4user im alten Stil auf sich wirken lassen.<\/p>\n<p style=\"text-align: center;\"><a href=\"http:\/\/www.sabine-seyffert.de\/blog\/wp-content\/uploads\/2015\/08\/C17.jpg\"><img loading=\"lazy\" decoding=\"async\" class=\"alignnone size-full wp-image-5838\" src=\"http:\/\/www.sabine-seyffert.de\/blog\/wp-content\/uploads\/2015\/08\/C17.jpg\" alt=\"C17\" width=\"800\" height=\"600\" srcset=\"https:\/\/www.sabine-seyffert.de\/blog\/wp-content\/uploads\/2015\/08\/C17.jpg 800w, https:\/\/www.sabine-seyffert.de\/blog\/wp-content\/uploads\/2015\/08\/C17-300x225.jpg 300w\" sizes=\"auto, (max-width: 800px) 100vw, 800px\" \/><\/a><\/p>\n<p style=\"text-align: justify;\">Ein kleiner Laden fiel mir besonders ins Auge \u201e<a href=\"https:\/\/de-de.facebook.com\/pages\/Ideenreich\/646123865472604\" target=\"_blank\">Ideenreich<\/a>\u201c. (An dieser Stelle ein Dank an die Inhaberin Christa Kettler, dass ich ihr Schaufenster hier zeigen darf!) Denn der sah einfach zu einladend aus, da viele der Dinge im offen stehenden Fenster dekoriert und ausgestellt waren.<\/p>\n<p style=\"text-align: center;\"><a href=\"http:\/\/www.sabine-seyffert.de\/blog\/wp-content\/uploads\/2015\/08\/C8.jpg\"><img loading=\"lazy\" decoding=\"async\" class=\"alignnone size-full wp-image-5833\" src=\"http:\/\/www.sabine-seyffert.de\/blog\/wp-content\/uploads\/2015\/08\/C8.jpg\" alt=\"C8\" width=\"600\" height=\"800\" srcset=\"https:\/\/www.sabine-seyffert.de\/blog\/wp-content\/uploads\/2015\/08\/C8.jpg 600w, https:\/\/www.sabine-seyffert.de\/blog\/wp-content\/uploads\/2015\/08\/C8-225x300.jpg 225w\" sizes=\"auto, (max-width: 600px) 100vw, 600px\" \/><\/a><\/p>\n<p style=\"text-align: justify;\">Das habe ich bislang in der Form noch nirgendwo gesehen. Also im wahrsten Sinne des Wortes ganz \u201eideenreich\u201c. \u00dcberhaupt findet man hier allerhand Gesch\u00e4fte, die wirklich stilvolle, ganz ausgefallene Sachen anbieten \ud83d\ude42<\/p>\n<p style=\"text-align: center;\"><a href=\"http:\/\/www.sabine-seyffert.de\/blog\/wp-content\/uploads\/2015\/08\/C13.jpg\"><img loading=\"lazy\" decoding=\"async\" class=\"alignnone size-full wp-image-5834\" src=\"http:\/\/www.sabine-seyffert.de\/blog\/wp-content\/uploads\/2015\/08\/C13.jpg\" alt=\"C13\" width=\"600\" height=\"800\" srcset=\"https:\/\/www.sabine-seyffert.de\/blog\/wp-content\/uploads\/2015\/08\/C13.jpg 600w, https:\/\/www.sabine-seyffert.de\/blog\/wp-content\/uploads\/2015\/08\/C13-225x300.jpg 225w\" sizes=\"auto, (max-width: 600px) 100vw, 600px\" \/><\/a><\/p>\n<p style=\"text-align: justify;\">Bevor man wirklich im Zentrum und Herzen der Stadt ankommt, f\u00e4llt einem der kleine Bus ins Auge, der offenbar Stadtrundfahrten f\u00fcr Besucher anbietet.<\/p>\n<p style=\"text-align: center;\"><a href=\"http:\/\/www.sabine-seyffert.de\/blog\/wp-content\/uploads\/2015\/08\/C14.jpg\"><img loading=\"lazy\" decoding=\"async\" class=\"alignnone size-full wp-image-5835\" src=\"http:\/\/www.sabine-seyffert.de\/blog\/wp-content\/uploads\/2015\/08\/C14.jpg\" alt=\"C14\" width=\"600\" height=\"800\" srcset=\"https:\/\/www.sabine-seyffert.de\/blog\/wp-content\/uploads\/2015\/08\/C14.jpg 600w, https:\/\/www.sabine-seyffert.de\/blog\/wp-content\/uploads\/2015\/08\/C14-225x300.jpg 225w\" sizes=\"auto, (max-width: 600px) 100vw, 600px\" \/><\/a><\/p>\n<p style=\"text-align: justify;\">Was sicher f\u00fcr Familien mit Kindern eine willkommene Alternative ist oder all diejenigen, die nicht mehr gut zu Fu\u00df sind.<\/p>\n<p style=\"text-align: center;\"><a href=\"http:\/\/www.sabine-seyffert.de\/blog\/wp-content\/uploads\/2015\/08\/c105.jpg\"><img loading=\"lazy\" decoding=\"async\" class=\"alignnone size-full wp-image-5836\" src=\"http:\/\/www.sabine-seyffert.de\/blog\/wp-content\/uploads\/2015\/08\/c105.jpg\" alt=\"c10,5\" width=\"800\" height=\"515\" srcset=\"https:\/\/www.sabine-seyffert.de\/blog\/wp-content\/uploads\/2015\/08\/c105.jpg 800w, https:\/\/www.sabine-seyffert.de\/blog\/wp-content\/uploads\/2015\/08\/c105-300x193.jpg 300w\" sizes=\"auto, (max-width: 800px) 100vw, 800px\" \/><\/a><\/p>\n<p style=\"text-align: justify;\">Im Zentrum findet man einen gro\u00dfen Platz, von dem aus zahlreiche Wege zusammenlaufen. \u00dcberall gibt es gem\u00fctliche Stra\u00dfencaf\u00e9s, in denen man bei Bedarf eine Pause einlegen kann. Bevor es dann in einer der kleinen Gassen weitergeht um die Stadt zu entdecken\u2026<\/p>\n<p style=\"text-align: justify;\"><a href=\"http:\/\/www.sabine-seyffert.de\/blog\/wp-content\/uploads\/2015\/08\/C15.jpg\"><img loading=\"lazy\" decoding=\"async\" class=\" size-full wp-image-5837 aligncenter\" src=\"http:\/\/www.sabine-seyffert.de\/blog\/wp-content\/uploads\/2015\/08\/C15.jpg\" alt=\"C15\" width=\"600\" height=\"800\" srcset=\"https:\/\/www.sabine-seyffert.de\/blog\/wp-content\/uploads\/2015\/08\/C15.jpg 600w, https:\/\/www.sabine-seyffert.de\/blog\/wp-content\/uploads\/2015\/08\/C15-225x300.jpg 225w\" sizes=\"auto, (max-width: 600px) 100vw, 600px\" \/><\/a><a href=\"http:\/\/www.sabine-seyffert.de\/blog\/?page_id=32#urheberrecht\">urheberrechtlich gesch\u00fctzt<\/a>, \u00a9 Sabine Seyffert<\/p>\n","protected":false},"excerpt":{"rendered":"<p>Wer schon mal in Xanten ist, sollte unbedingt etwas Zeit mitbringen und nicht vers\u00e4umen auch einen kleinen Bummel durch dieses zauberhafte St\u00e4dtchen zu machen. Von unserem Tagesausflug in den arch\u00e4ologischen Park sind wir einfach zu Fu\u00df in Richtung Stadt gelaufen. Die Entfernung ist auch f\u00fcr Kinder problemlos machbar. So sind wir vom Parkplatz aus, durch&#8230; <a href=\"https:\/\/www.sabine-seyffert.de\/blog\/ausflugstipp-ein-besuch-samt-stadtbummel-in-xanten\/\" class=\"more-link\">Read more: Ausflugstipp: Ein Besuch samt Stadtbummel in Xanten<\/a><\/p>\n","protected":false},"author":2,"featured_media":5837,"comment_status":"open","ping_status":"open","sticky":false,"template":"","format":"standard","meta":{"_metis_text_type":"","_metis_text_length":2128,"_post_count":0,"footnotes":""},"categories":[39,38,24],"tags":[],"class_list":["post-5827","post","type-post","status-publish","format-standard","has-post-thumbnail","hentry","category-ausfluge-co","category-ferien","category-sommer"],"_links":{"self":[{"href":"https:\/\/www.sabine-seyffert.de\/blog\/wp-json\/wp\/v2\/posts\/5827","targetHints":{"allow":["GET"]}}],"collection":[{"href":"https:\/\/www.sabine-seyffert.de\/blog\/wp-json\/wp\/v2\/posts"}],"about":[{"href":"https:\/\/www.sabine-seyffert.de\/blog\/wp-json\/wp\/v2\/types\/post"}],"author":[{"embeddable":true,"href":"https:\/\/www.sabine-seyffert.de\/blog\/wp-json\/wp\/v2\/users\/2"}],"replies":[{"embeddable":true,"href":"https:\/\/www.sabine-seyffert.de\/blog\/wp-json\/wp\/v2\/comments?post=5827"}],"version-history":[{"count":5,"href":"https:\/\/www.sabine-seyffert.de\/blog\/wp-json\/wp\/v2\/posts\/5827\/revisions"}],"predecessor-version":[{"id":5843,"href":"https:\/\/www.sabine-seyffert.de\/blog\/wp-json\/wp\/v2\/posts\/5827\/revisions\/5843"}],"wp:featuredmedia":[{"embeddable":true,"href":"https:\/\/www.sabine-seyffert.de\/blog\/wp-json\/wp\/v2\/media\/5837"}],"wp:attachment":[{"href":"https:\/\/www.sabine-seyffert.de\/blog\/wp-json\/wp\/v2\/media?parent=5827"}],"wp:term":[{"taxonomy":"category","embeddable":true,"href":"https:\/\/www.sabine-seyffert.de\/blog\/wp-json\/wp\/v2\/categories?post=5827"},{"taxonomy":"post_tag","embeddable":true,"href":"https:\/\/www.sabine-seyffert.de\/blog\/wp-json\/wp\/v2\/tags?post=5827"}],"curies":[{"name":"wp","href":"https:\/\/api.w.org\/{rel}","templated":true}]}}