{"id":5817,"date":"2015-08-06T08:44:49","date_gmt":"2015-08-06T06:44:49","guid":{"rendered":"http:\/\/www.sabine-seyffert.de\/blog\/?p=5817"},"modified":"2017-03-02T12:32:54","modified_gmt":"2017-03-02T10:32:54","slug":"ein-selbst-gemalter-feriengruss","status":"publish","type":"post","link":"https:\/\/www.sabine-seyffert.de\/blog\/ein-selbst-gemalter-feriengruss\/","title":{"rendered":"Ein selbst gemalter Feriengru\u00df"},"content":{"rendered":"<p style=\"text-align: justify;\"><img loading=\"lazy\" decoding=\"async\" src=\"https:\/\/ssl-vg03.met.vgwort.de\/na\/25c61c7289184879898adb196cf3edc7\" alt=\"\" width=\"1\" height=\"1\" \/>Die <a href=\"http:\/\/www.sabine-seyffert.de\/blog\/?cat=38\" target=\"_blank\">Ferienzeit<\/a> ist gerade im Sommer recht lang. Wenn man selbst verreist ist, vergehen die Tage wie im Fluge und eh man sich versieht, ist der Urlaub zu Ende. Doch was f\u00e4ngt man mit dem Rest der Ferien an? <a href=\"http:\/\/www.sabine-seyffert.de\/blog\/?cat=39\" target=\"_blank\">Ausfl\u00fcge<\/a>, Ferienaktionen und <a href=\"http:\/\/www.sabine-seyffert.de\/blog\/?p=2391\" target=\"_blank\">Nachmittage am Bach<\/a> sind zwar eine willkommene Abwechslung, aber auch nicht t\u00e4glich m\u00f6glich. Und dann es gibt schlie\u00dflich auch mal verregnete Ferientage.<\/p>\n<p style=\"text-align: center;\"><a href=\"http:\/\/www.sabine-seyffert.de\/blog\/wp-content\/uploads\/2015\/08\/2.jpg\"><img loading=\"lazy\" decoding=\"async\" class=\"alignnone size-full wp-image-5818\" src=\"http:\/\/www.sabine-seyffert.de\/blog\/wp-content\/uploads\/2015\/08\/2.jpg\" alt=\"2\" width=\"800\" height=\"600\" srcset=\"https:\/\/www.sabine-seyffert.de\/blog\/wp-content\/uploads\/2015\/08\/2.jpg 800w, https:\/\/www.sabine-seyffert.de\/blog\/wp-content\/uploads\/2015\/08\/2-300x225.jpg 300w\" sizes=\"auto, (max-width: 800px) 100vw, 800px\" \/><\/a><\/p>\n<p style=\"text-align: justify;\">Wie w\u00e4re es denn mit einem selbst gemalten Feriengru\u00df, der sich per Post verschicken l\u00e4sst und vielleicht auch daf\u00fcr sorgt, dass der ein oder andere postalische Gru\u00df den heimischen Briefkasten f\u00fcllt? Was man sch\u00f6nes mit Postkarten anfangen kann, habe ich <a href=\"http:\/\/www.sabine-seyffert.de\/blog\/?p=4356\" target=\"_blank\">hier<\/a> schon einmal erz\u00e4hlt. Doch heute verrate ich euch, wie man einen kinderleichten Feriengru\u00df basteln kann!<\/p>\n<p style=\"text-align: center;\"><a href=\"http:\/\/www.sabine-seyffert.de\/blog\/wp-content\/uploads\/2015\/08\/5.jpg\"><img loading=\"lazy\" decoding=\"async\" class=\"alignnone size-full wp-image-5819\" src=\"http:\/\/www.sabine-seyffert.de\/blog\/wp-content\/uploads\/2015\/08\/5.jpg\" alt=\"5\" width=\"800\" height=\"600\" srcset=\"https:\/\/www.sabine-seyffert.de\/blog\/wp-content\/uploads\/2015\/08\/5.jpg 800w, https:\/\/www.sabine-seyffert.de\/blog\/wp-content\/uploads\/2015\/08\/5-300x225.jpg 300w\" sizes=\"auto, (max-width: 800px) 100vw, 800px\" \/><\/a><\/p>\n<p style=\"text-align: justify;\"><strong>Das wird gebraucht:<\/strong><br \/>\nPro Feriengru\u00df eine uni wei\u00dfe Blanko Postkarte (Karteikarte), bunte Papierreste, Wasserfarben, Pinsel, Wasser, Stifte sowie eine Briefmarke zum Verschicken und ggf. einen Umschlag<\/p>\n<p style=\"text-align: center;\"><a href=\"http:\/\/www.sabine-seyffert.de\/blog\/wp-content\/uploads\/2015\/08\/4.jpg\"><img loading=\"lazy\" decoding=\"async\" class=\"alignnone size-full wp-image-5820\" src=\"http:\/\/www.sabine-seyffert.de\/blog\/wp-content\/uploads\/2015\/08\/4.jpg\" alt=\"4\" width=\"800\" height=\"600\" srcset=\"https:\/\/www.sabine-seyffert.de\/blog\/wp-content\/uploads\/2015\/08\/4.jpg 800w, https:\/\/www.sabine-seyffert.de\/blog\/wp-content\/uploads\/2015\/08\/4-300x225.jpg 300w\" sizes=\"auto, (max-width: 800px) 100vw, 800px\" \/><\/a><\/p>\n<p style=\"text-align: justify;\"><strong>So wird\u2019s gemacht:<\/strong><br \/>\nDa ich selbst einiges f\u00fcr ein neues Buchprojekt zu erledigen hatte, habe ich es mir einfach gemacht und dem kreativw\u00fctigen Tochterkind einen Schwung an wei\u00dfen Karteikarten in Postkartengr\u00f6\u00dfe zur Verf\u00fcgung gestellt. Der Rest ging dann fast ganz allein \ud83d\ude42<\/p>\n<p style=\"text-align: center;\"><a href=\"http:\/\/www.sabine-seyffert.de\/blog\/wp-content\/uploads\/2015\/08\/3.jpg\"><img loading=\"lazy\" decoding=\"async\" class=\"alignnone size-full wp-image-5821\" src=\"http:\/\/www.sabine-seyffert.de\/blog\/wp-content\/uploads\/2015\/08\/3.jpg\" alt=\"3\" width=\"800\" height=\"600\" srcset=\"https:\/\/www.sabine-seyffert.de\/blog\/wp-content\/uploads\/2015\/08\/3.jpg 800w, https:\/\/www.sabine-seyffert.de\/blog\/wp-content\/uploads\/2015\/08\/3-300x225.jpg 300w\" sizes=\"auto, (max-width: 800px) 100vw, 800px\" \/><\/a><\/p>\n<p style=\"text-align: justify;\">Auf eine Seite darf man seiner Kreativit\u00e4t freien Lauf lassen und nach Herzenslust malen, kleben und gestalten. In unserem Fall waren dies farbige Papierreste, die nun f\u00fcr ein farbenfrohes Upcycling herhalten durften und Wasserfarben. Jede gestaltete Karte sollte im Anschluss gut trocknen.<\/p>\n<p style=\"text-align: center;\"><a href=\"http:\/\/www.sabine-seyffert.de\/blog\/wp-content\/uploads\/2015\/08\/6.jpg\"><img loading=\"lazy\" decoding=\"async\" class=\"alignnone size-full wp-image-5822\" src=\"http:\/\/www.sabine-seyffert.de\/blog\/wp-content\/uploads\/2015\/08\/6.jpg\" alt=\"6\" width=\"800\" height=\"600\" srcset=\"https:\/\/www.sabine-seyffert.de\/blog\/wp-content\/uploads\/2015\/08\/6.jpg 800w, https:\/\/www.sabine-seyffert.de\/blog\/wp-content\/uploads\/2015\/08\/6-300x225.jpg 300w\" sizes=\"auto, (max-width: 800px) 100vw, 800px\" \/><\/a><\/p>\n<p style=\"text-align: justify;\">Sobald die Farbe wirklich gut durchgetrocknet ist und nichts mehr feucht ist, dreht man die gestalte Seite um und darf nun allein oder mit Hilfe eines Erwachsenen einen Feriengru\u00df auf der R\u00fcckseite notieren. Zum Schluss die Anschrift des gew\u00fcnschten Empf\u00e4ngers nicht vergessen, Briefmarke drauf und ab geht die Post!<\/p>\n<p style=\"text-align: center;\"><a href=\"http:\/\/www.sabine-seyffert.de\/blog\/wp-content\/uploads\/2015\/08\/1.jpg\"><img loading=\"lazy\" decoding=\"async\" class=\"alignnone size-full wp-image-5823\" src=\"http:\/\/www.sabine-seyffert.de\/blog\/wp-content\/uploads\/2015\/08\/1.jpg\" alt=\"1\" width=\"800\" height=\"601\" srcset=\"https:\/\/www.sabine-seyffert.de\/blog\/wp-content\/uploads\/2015\/08\/1.jpg 800w, https:\/\/www.sabine-seyffert.de\/blog\/wp-content\/uploads\/2015\/08\/1-300x225.jpg 300w\" sizes=\"auto, (max-width: 800px) 100vw, 800px\" \/><\/a><\/p>\n<p style=\"text-align: justify;\"><strong>Ein kleiner Tipp:<\/strong><br \/>\nWer m\u00f6chte, kann die Karte auch in einem Umschlag stecken und versenden. Dann ist der kunstvolle Feriengru\u00df auf dem Postweg etwas gesch\u00fctzter \ud83d\ude42<\/p>\n<p>Kreatives f\u00fcr kleine Kinderh\u00e4nde findet Ihr <a href=\"http:\/\/www.sabine-seyffert.de\/blog\/?cat=32\" target=\"_blank\">hier<\/a>, Ideen f\u00fcr die Ferienzeit <a href=\"http:\/\/www.sabine-seyffert.de\/blog\/?cat=38\" target=\"_blank\">dort<\/a>, allerhand Ausfl\u00fcge tummeln sich in <a href=\"http:\/\/www.sabine-seyffert.de\/blog\/?cat=39\" target=\"_blank\">dieser Rubrik<\/a> und weitere kreative Dinge <a href=\"http:\/\/kiddikram.blogspot.de\/2015\/07\/kiddikram-august-2015.html\" target=\"_blank\">da<\/a>.<\/p>\n<p><a href=\"http:\/\/www.sabine-seyffert.de\/blog\/?page_id=32#urheberrecht\">urheberrechtlich gesch\u00fctzt<\/a>, \u00a9 Sabine Seyffert<\/p>\n","protected":false},"excerpt":{"rendered":"<p>Die Ferienzeit ist gerade im Sommer recht lang. Wenn man selbst verreist ist, vergehen die Tage wie im Fluge und eh man sich versieht, ist der Urlaub zu Ende. Doch was f\u00e4ngt man mit dem Rest der Ferien an? Ausfl\u00fcge, Ferienaktionen und Nachmittage am Bach sind zwar eine willkommene Abwechslung, aber auch nicht t\u00e4glich m\u00f6glich&#8230;. <a href=\"https:\/\/www.sabine-seyffert.de\/blog\/ein-selbst-gemalter-feriengruss\/\" class=\"more-link\">Read more: Ein selbst gemalter Feriengru\u00df<\/a><\/p>\n","protected":false},"author":2,"featured_media":5819,"comment_status":"open","ping_status":"open","sticky":false,"template":"","format":"standard","meta":{"_metis_text_type":"","_metis_text_length":2202,"_post_count":0,"footnotes":""},"categories":[32,38,51,24],"tags":[],"class_list":["post-5817","post","type-post","status-publish","format-standard","has-post-thumbnail","hentry","category-kreatives-fur-kleine-kinderhande","category-ferien","category-postkarten-grusskarten","category-sommer"],"_links":{"self":[{"href":"https:\/\/www.sabine-seyffert.de\/blog\/wp-json\/wp\/v2\/posts\/5817","targetHints":{"allow":["GET"]}}],"collection":[{"href":"https:\/\/www.sabine-seyffert.de\/blog\/wp-json\/wp\/v2\/posts"}],"about":[{"href":"https:\/\/www.sabine-seyffert.de\/blog\/wp-json\/wp\/v2\/types\/post"}],"author":[{"embeddable":true,"href":"https:\/\/www.sabine-seyffert.de\/blog\/wp-json\/wp\/v2\/users\/2"}],"replies":[{"embeddable":true,"href":"https:\/\/www.sabine-seyffert.de\/blog\/wp-json\/wp\/v2\/comments?post=5817"}],"version-history":[{"count":4,"href":"https:\/\/www.sabine-seyffert.de\/blog\/wp-json\/wp\/v2\/posts\/5817\/revisions"}],"predecessor-version":[{"id":9676,"href":"https:\/\/www.sabine-seyffert.de\/blog\/wp-json\/wp\/v2\/posts\/5817\/revisions\/9676"}],"wp:featuredmedia":[{"embeddable":true,"href":"https:\/\/www.sabine-seyffert.de\/blog\/wp-json\/wp\/v2\/media\/5819"}],"wp:attachment":[{"href":"https:\/\/www.sabine-seyffert.de\/blog\/wp-json\/wp\/v2\/media?parent=5817"}],"wp:term":[{"taxonomy":"category","embeddable":true,"href":"https:\/\/www.sabine-seyffert.de\/blog\/wp-json\/wp\/v2\/categories?post=5817"},{"taxonomy":"post_tag","embeddable":true,"href":"https:\/\/www.sabine-seyffert.de\/blog\/wp-json\/wp\/v2\/tags?post=5817"}],"curies":[{"name":"wp","href":"https:\/\/api.w.org\/{rel}","templated":true}]}}