{"id":5761,"date":"2015-06-16T05:52:25","date_gmt":"2015-06-16T03:52:25","guid":{"rendered":"http:\/\/www.sabine-seyffert.de\/blog\/?p=5761"},"modified":"2017-03-02T12:37:06","modified_gmt":"2017-03-02T10:37:06","slug":"der-sommer-im-glas-perfekt-verpackt-oder-wieder-geschenke-aus-der-kueche","status":"publish","type":"post","link":"https:\/\/www.sabine-seyffert.de\/blog\/der-sommer-im-glas-perfekt-verpackt-oder-wieder-geschenke-aus-der-kueche\/","title":{"rendered":"Der Sommer im Glas \u2013 perfekt verpackt oder wieder Geschenke aus der K\u00fcche"},"content":{"rendered":"<p style=\"text-align: justify;\"><img loading=\"lazy\" decoding=\"async\" src=\"https:\/\/ssl-vg03.met.vgwort.de\/na\/2db963d0fb8f48a680b1f2de87f33706\" alt=\"\" width=\"1\" height=\"1\" \/>Wenn Drau\u00dfen erst einmal alles kr\u00e4ftig bl\u00fcht, w\u00e4chst und gedeiht, macht es doppelt Spa\u00df <a href=\"http:\/\/www.sabine-seyffert.de\/blog\/?cat=43\" target=\"_blank\">Geschenke aus der K\u00fcche<\/a> herzustellen. Schlie\u00dflich gibt es im Garten, auf dem Wochenmarkt, im Obstladen &amp; Co. allerhand leckere Dinge, die sich hierf\u00fcr bestens verarbeiten lassen!<\/p>\n<p style=\"text-align: center;\"><a href=\"http:\/\/www.sabine-seyffert.de\/blog\/wp-content\/uploads\/2015\/06\/B-0.jpg\"><img loading=\"lazy\" decoding=\"async\" class=\"alignnone size-full wp-image-5762\" src=\"http:\/\/www.sabine-seyffert.de\/blog\/wp-content\/uploads\/2015\/06\/B-0.jpg\" alt=\"B 0\" width=\"600\" height=\"800\" srcset=\"https:\/\/www.sabine-seyffert.de\/blog\/wp-content\/uploads\/2015\/06\/B-0.jpg 600w, https:\/\/www.sabine-seyffert.de\/blog\/wp-content\/uploads\/2015\/06\/B-0-225x300.jpg 225w\" sizes=\"auto, (max-width: 600px) 100vw, 600px\" \/><\/a><\/p>\n<p style=\"text-align: justify;\">Nachdem wir schon einen ganzen Schwung <a href=\"http:\/\/www.sabine-seyffert.de\/blog\/?p=5400\" target=\"_blank\">selbst gemachtes Pesto<\/a> als Mitbringsel in die Welt getragen haben, ist nun etwas Sommer im Glas an der Reihe. Was man f\u00fcr diesen Erdbeer-Vanilletraum ben\u00f6tigt, k\u00f6nnt Ihr in <a href=\"http:\/\/www.sabine-seyffert.de\/blog\/?p=5726\" target=\"_blank\">diesem Rezept<\/a> nachlesen.<\/p>\n<p style=\"text-align: center;\"><a href=\"http:\/\/www.sabine-seyffert.de\/blog\/wp-content\/uploads\/2015\/06\/B-1.jpg\"><img loading=\"lazy\" decoding=\"async\" class=\"alignnone size-full wp-image-5763\" src=\"http:\/\/www.sabine-seyffert.de\/blog\/wp-content\/uploads\/2015\/06\/B-1.jpg\" alt=\"B 1\" width=\"800\" height=\"600\" srcset=\"https:\/\/www.sabine-seyffert.de\/blog\/wp-content\/uploads\/2015\/06\/B-1.jpg 800w, https:\/\/www.sabine-seyffert.de\/blog\/wp-content\/uploads\/2015\/06\/B-1-300x225.jpg 300w\" sizes=\"auto, (max-width: 800px) 100vw, 800px\" \/><\/a><\/p>\n<p style=\"text-align: justify;\">Da ist alles mit Mengenangabe und Anleitung detailliert beschrieben. Aber ebenso gut k\u00f6nnt Ihr jede andere selbst gekochte Marmelade daf\u00fcr verwenden. Um diese in ein schickes Sommerkleid zu verpacken, braucht es nicht viel. Bei mir war es folgendes:<\/p>\n<p style=\"text-align: center;\"><a href=\"http:\/\/www.sabine-seyffert.de\/blog\/wp-content\/uploads\/2015\/06\/B-21.jpg\"><img loading=\"lazy\" decoding=\"async\" class=\"alignnone size-full wp-image-5764\" src=\"http:\/\/www.sabine-seyffert.de\/blog\/wp-content\/uploads\/2015\/06\/B-21.jpg\" alt=\"B 2\" width=\"800\" height=\"600\" srcset=\"https:\/\/www.sabine-seyffert.de\/blog\/wp-content\/uploads\/2015\/06\/B-21.jpg 800w, https:\/\/www.sabine-seyffert.de\/blog\/wp-content\/uploads\/2015\/06\/B-21-300x225.jpg 300w\" sizes=\"auto, (max-width: 800px) 100vw, 800px\" \/><\/a><\/p>\n<p style=\"text-align: justify;\"><strong>Das wird gebraucht:<\/strong><br \/>\nEtwas Packpapier, eine gr\u00f6\u00dfere Kreisschablone, ein Bleistift, eine Schere, sch\u00f6ne Kordel, farbige Papierreste, zwei Motivlocher \u201eKreis\u201c in verschiedenen Gr\u00f6\u00dfen (alternativ einen Kreisschneider), einen Klebestift, eine Lochzange, Metall\u00f6sen, Nietenzange, ein Blatt wei\u00dfes Papier und einen Drucker<\/p>\n<p style=\"text-align: center;\"><a href=\"http:\/\/www.sabine-seyffert.de\/blog\/wp-content\/uploads\/2015\/06\/B-3.jpg\"><img loading=\"lazy\" decoding=\"async\" class=\"alignnone size-full wp-image-5765\" src=\"http:\/\/www.sabine-seyffert.de\/blog\/wp-content\/uploads\/2015\/06\/B-3.jpg\" alt=\"B 3\" width=\"600\" height=\"800\" srcset=\"https:\/\/www.sabine-seyffert.de\/blog\/wp-content\/uploads\/2015\/06\/B-3.jpg 600w, https:\/\/www.sabine-seyffert.de\/blog\/wp-content\/uploads\/2015\/06\/B-3-225x300.jpg 225w\" sizes=\"auto, (max-width: 600px) 100vw, 600px\" \/><\/a><\/p>\n<p style=\"text-align: justify;\"><strong>So wird\u2019s gemacht:<\/strong><br \/>\nAuf das wei\u00dfe Packpapier habe ich einige gro\u00dfe Kreise gezeichnet. Wer keine Schablone zur Hand hat, nimmt einfach eine gro\u00dfe Dessertschale, eine Untertasse o.\u00e4. zur Hilfe. Die Kreise schneidet man aus und legt diese mittig auf die Marmeladendeckel.<\/p>\n<p style=\"text-align: justify;\"><a href=\"http:\/\/www.sabine-seyffert.de\/blog\/wp-content\/uploads\/2015\/06\/B-51.jpg\"><img loading=\"lazy\" decoding=\"async\" class=\" size-full wp-image-5766 aligncenter\" src=\"http:\/\/www.sabine-seyffert.de\/blog\/wp-content\/uploads\/2015\/06\/B-51.jpg\" alt=\"B 5\" width=\"800\" height=\"600\" srcset=\"https:\/\/www.sabine-seyffert.de\/blog\/wp-content\/uploads\/2015\/06\/B-51.jpg 800w, https:\/\/www.sabine-seyffert.de\/blog\/wp-content\/uploads\/2015\/06\/B-51-300x225.jpg 300w\" sizes=\"auto, (max-width: 800px) 100vw, 800px\" \/><\/a><\/p>\n<p style=\"text-align: justify;\">Mit dem Motivstanzer habe ich aus farbigen Papierresten gr\u00f6\u00dfere Wellenkreise gestanzt. Am Computer habe ich die &#8220;Etiketten&#8221; gedruckt. Da ich mich \u00fcberhaupt nicht auskenne wie man sich solche mit einem Grafikprogramm erstellt, habe ich einfach nur einen Schriftzug gedruckt \u201eErdbeere liebt Vanille\u201c.<\/p>\n<p style=\"text-align: center;\"><a href=\"http:\/\/www.sabine-seyffert.de\/blog\/wp-content\/uploads\/2015\/06\/B-65.jpg\"><img loading=\"lazy\" decoding=\"async\" class=\"alignnone size-full wp-image-5767\" src=\"http:\/\/www.sabine-seyffert.de\/blog\/wp-content\/uploads\/2015\/06\/B-65.jpg\" alt=\"B 6,5\" width=\"600\" height=\"800\" srcset=\"https:\/\/www.sabine-seyffert.de\/blog\/wp-content\/uploads\/2015\/06\/B-65.jpg 600w, https:\/\/www.sabine-seyffert.de\/blog\/wp-content\/uploads\/2015\/06\/B-65-225x300.jpg 225w\" sizes=\"auto, (max-width: 600px) 100vw, 600px\" \/><\/a><\/p>\n<p style=\"text-align: justify;\">Die W\u00f6rter habe ich so untereinander gereiht, dass ich diese mit einem kleinen Kreisstanzer ausgestanzt und auf die farbigen Kreise geklebt habe. Diese locht man, steckt eine \u00d6se hindurch und macht diese mit der \u00d6senzange fest. Nun l\u00e4sst sich ganz leicht ein St\u00fcck Kordel hindurchziehen und der wei\u00dfe Papierkreis um den Marmeladendeckel binden \u2013 fertig!<\/p>\n<p style=\"text-align: center;\"><a href=\"http:\/\/www.sabine-seyffert.de\/blog\/wp-content\/uploads\/2015\/06\/B-6.jpg\"><img loading=\"lazy\" decoding=\"async\" class=\"alignnone size-full wp-image-5768\" src=\"http:\/\/www.sabine-seyffert.de\/blog\/wp-content\/uploads\/2015\/06\/B-6.jpg\" alt=\"B 6\" width=\"800\" height=\"600\" srcset=\"https:\/\/www.sabine-seyffert.de\/blog\/wp-content\/uploads\/2015\/06\/B-6.jpg 800w, https:\/\/www.sabine-seyffert.de\/blog\/wp-content\/uploads\/2015\/06\/B-6-300x225.jpg 300w\" sizes=\"auto, (max-width: 800px) 100vw, 800px\" \/><\/a><\/p>\n<p>Geschenkideen aus der K\u00fcche gibt es \u00fcbrigens in <a href=\"http:\/\/www.sabine-seyffert.de\/blog\/?cat=43\" target=\"_blank\">dieser Rubrik<\/a>, s\u00fc\u00dfe Rezepte <a href=\"http:\/\/www.sabine-seyffert.de\/blog\/?cat=31\" target=\"_blank\">da<\/a> und andere kreative Dinge <a href=\"http:\/\/www.creadienstag.de\/2015\/06\/180.html\" target=\"_blank\">hier<\/a>.<\/p>\n<p style=\"text-align: center;\"><a href=\"http:\/\/www.sabine-seyffert.de\/blog\/wp-content\/uploads\/2015\/06\/B-7.jpg\"><img loading=\"lazy\" decoding=\"async\" class=\"alignnone size-full wp-image-5769\" src=\"http:\/\/www.sabine-seyffert.de\/blog\/wp-content\/uploads\/2015\/06\/B-7.jpg\" alt=\"B 7\" width=\"800\" height=\"600\" srcset=\"https:\/\/www.sabine-seyffert.de\/blog\/wp-content\/uploads\/2015\/06\/B-7.jpg 800w, https:\/\/www.sabine-seyffert.de\/blog\/wp-content\/uploads\/2015\/06\/B-7-300x225.jpg 300w\" sizes=\"auto, (max-width: 800px) 100vw, 800px\" \/><\/a><br \/>\n<a href=\"http:\/\/www.sabine-seyffert.de\/blog\/?page_id=32#urheberrecht\">urheberrechtlich gesch\u00fctzt<\/a>, \u00a9 Sabine Seyffert<\/p>\n","protected":false},"excerpt":{"rendered":"<p>Wenn Drau\u00dfen erst einmal alles kr\u00e4ftig bl\u00fcht, w\u00e4chst und gedeiht, macht es doppelt Spa\u00df Geschenke aus der K\u00fcche herzustellen. Schlie\u00dflich gibt es im Garten, auf dem Wochenmarkt, im Obstladen &amp; Co. allerhand leckere Dinge, die sich hierf\u00fcr bestens verarbeiten lassen! Nachdem wir schon einen ganzen Schwung selbst gemachtes Pesto als Mitbringsel in die Welt getragen&#8230; <a href=\"https:\/\/www.sabine-seyffert.de\/blog\/der-sommer-im-glas-perfekt-verpackt-oder-wieder-geschenke-aus-der-kueche\/\" class=\"more-link\">Read more: Der Sommer im Glas \u2013 perfekt verpackt oder wieder Geschenke aus der K\u00fcche<\/a><\/p>\n","protected":false},"author":2,"featured_media":5766,"comment_status":"open","ping_status":"open","sticky":false,"template":"","format":"standard","meta":{"_metis_text_type":"","_metis_text_length":2163,"_post_count":0,"footnotes":""},"categories":[43,36,49,31],"tags":[],"class_list":["post-5761","post","type-post","status-publish","format-standard","has-post-thumbnail","hentry","category-geschenke-aus-der-kueche","category-klitzekleine-geschenkideen","category-verpackungsideen","category-rezepte-suse-kuchen-co"],"_links":{"self":[{"href":"https:\/\/www.sabine-seyffert.de\/blog\/wp-json\/wp\/v2\/posts\/5761","targetHints":{"allow":["GET"]}}],"collection":[{"href":"https:\/\/www.sabine-seyffert.de\/blog\/wp-json\/wp\/v2\/posts"}],"about":[{"href":"https:\/\/www.sabine-seyffert.de\/blog\/wp-json\/wp\/v2\/types\/post"}],"author":[{"embeddable":true,"href":"https:\/\/www.sabine-seyffert.de\/blog\/wp-json\/wp\/v2\/users\/2"}],"replies":[{"embeddable":true,"href":"https:\/\/www.sabine-seyffert.de\/blog\/wp-json\/wp\/v2\/comments?post=5761"}],"version-history":[{"count":6,"href":"https:\/\/www.sabine-seyffert.de\/blog\/wp-json\/wp\/v2\/posts\/5761\/revisions"}],"predecessor-version":[{"id":5775,"href":"https:\/\/www.sabine-seyffert.de\/blog\/wp-json\/wp\/v2\/posts\/5761\/revisions\/5775"}],"wp:featuredmedia":[{"embeddable":true,"href":"https:\/\/www.sabine-seyffert.de\/blog\/wp-json\/wp\/v2\/media\/5766"}],"wp:attachment":[{"href":"https:\/\/www.sabine-seyffert.de\/blog\/wp-json\/wp\/v2\/media?parent=5761"}],"wp:term":[{"taxonomy":"category","embeddable":true,"href":"https:\/\/www.sabine-seyffert.de\/blog\/wp-json\/wp\/v2\/categories?post=5761"},{"taxonomy":"post_tag","embeddable":true,"href":"https:\/\/www.sabine-seyffert.de\/blog\/wp-json\/wp\/v2\/tags?post=5761"}],"curies":[{"name":"wp","href":"https:\/\/api.w.org\/{rel}","templated":true}]}}