{"id":5693,"date":"2015-06-02T05:53:03","date_gmt":"2015-06-02T03:53:03","guid":{"rendered":"http:\/\/www.sabine-seyffert.de\/blog\/?p=5693"},"modified":"2017-03-02T12:43:38","modified_gmt":"2017-03-02T10:43:38","slug":"fuchsgeburtstag-feierliche-deko-ideen-fuers-fuchs-fest","status":"publish","type":"post","link":"https:\/\/www.sabine-seyffert.de\/blog\/fuchsgeburtstag-feierliche-deko-ideen-fuers-fuchs-fest\/","title":{"rendered":"Fuchsgeburtstag: Feierliche Deko Ideen f\u00fcrs Fuchs Fest"},"content":{"rendered":"<p style=\"text-align: justify;\"><img loading=\"lazy\" decoding=\"async\" src=\"https:\/\/ssl-vg03.met.vgwort.de\/na\/309d08e66e854314a5a8f26c4039f6ee\" alt=\"\" width=\"1\" height=\"1\" \/>Auch dieses Geburtstagsfest geht einmal zu Ende. Und daher m\u00f6chte ich Euch zum Schluss noch ein paar Ideen und Deko Vorschl\u00e4ge mit auf den Weg geben, <em>wie<\/em> sich ein solcher Fuchs Geburtstag noch etwas ausschm\u00fccken l\u00e4sst. Denn bei einer richtigen Motto Party sollte auch ein bisschen Raumschmuck oder Tischdeko f\u00fcr eine stimmungsvolle Atmosph\u00e4re sorgen.<\/p>\n<p style=\"text-align: center;\"><a href=\"http:\/\/www.sabine-seyffert.de\/blog\/wp-content\/uploads\/2015\/06\/D-1.jpg\"><img loading=\"lazy\" decoding=\"async\" class=\"alignnone size-full wp-image-5694\" src=\"http:\/\/www.sabine-seyffert.de\/blog\/wp-content\/uploads\/2015\/06\/D-1.jpg\" alt=\"D 1\" width=\"800\" height=\"584\" srcset=\"https:\/\/www.sabine-seyffert.de\/blog\/wp-content\/uploads\/2015\/06\/D-1.jpg 800w, https:\/\/www.sabine-seyffert.de\/blog\/wp-content\/uploads\/2015\/06\/D-1-300x219.jpg 300w\" sizes=\"auto, (max-width: 800px) 100vw, 800px\" \/><\/a><\/p>\n<p style=\"text-align: justify;\"><strong>Das wird gebraucht:<\/strong><br \/>\nPackpapier, eine Schere, orangefarbener Tonkarton, ein St\u00fcck wei\u00dfes Papier, einige Bl\u00e4tter orangefarbenes Kopierpapier, etwas Tapetenkleister (1-2 Essl\u00f6ffel Pulver reichen aus), etwas Wasser und ggf. einen breiten Pinsel<\/p>\n<p style=\"text-align: center;\"><a href=\"http:\/\/www.sabine-seyffert.de\/blog\/wp-content\/uploads\/2015\/06\/D-2.jpg\"><img loading=\"lazy\" decoding=\"async\" class=\"alignnone size-full wp-image-5695\" src=\"http:\/\/www.sabine-seyffert.de\/blog\/wp-content\/uploads\/2015\/06\/D-2.jpg\" alt=\"D 2\" width=\"600\" height=\"800\" srcset=\"https:\/\/www.sabine-seyffert.de\/blog\/wp-content\/uploads\/2015\/06\/D-2.jpg 600w, https:\/\/www.sabine-seyffert.de\/blog\/wp-content\/uploads\/2015\/06\/D-2-225x300.jpg 225w\" sizes=\"auto, (max-width: 600px) 100vw, 600px\" \/><\/a><\/p>\n<p style=\"text-align: justify;\"><strong>So wird\u2019s gemacht:<\/strong><br \/>\nUnsere <a href=\"http:\/\/www.sabine-seyffert.de\/blog\/?p=4880\" target=\"_blank\">K\u00fcchent\u00fcr<\/a> haben wir f\u00fcr diesen Zweck wieder einmal umgestaltet. Und zwar als Eingang, der in den \u201eFuchsbau\u201c f\u00fchrt. Daf\u00fcr habe ich in Gr\u00f6\u00dfe des Glaseinsatzes ein St\u00fcck Packpapier ausgeschnitten und mittig eine Art H\u00f6hleneingang rausgerissen. Damit allen G\u00e4sten klar ist, wer hier zu Hause ist, schaut ein St\u00fcck vom Fuchsschwanz hervor. Den habe ich aus einem St\u00fcck orangefarbenen Tonkarton geschnitten. Au\u00dferdem habe ich mit einer gro\u00dfen Schrift die Buchstaben \u201eFuchsbau\u201c auf orangefarbenes Kopierpapier gedruckt, ausgeschnitten und \u00fcber den H\u00f6hleneingang geklebt.<\/p>\n<p style=\"text-align: center;\"><a href=\"http:\/\/www.sabine-seyffert.de\/blog\/wp-content\/uploads\/2015\/06\/1.jpg\"><img loading=\"lazy\" decoding=\"async\" class=\"alignnone size-full wp-image-5696\" src=\"http:\/\/www.sabine-seyffert.de\/blog\/wp-content\/uploads\/2015\/06\/1.jpg\" alt=\"1\" width=\"600\" height=\"800\" srcset=\"https:\/\/www.sabine-seyffert.de\/blog\/wp-content\/uploads\/2015\/06\/1.jpg 600w, https:\/\/www.sabine-seyffert.de\/blog\/wp-content\/uploads\/2015\/06\/1-225x300.jpg 225w\" sizes=\"auto, (max-width: 600px) 100vw, 600px\" \/><\/a><\/p>\n<p style=\"text-align: justify;\">Dazu habe ich etwas Tapetenkleister anger\u00fchrt und als Klebstoff genutzt. Denn dieser l\u00e4sst sich ganz leicht &amp; r\u00fcckstandslos im Anschluss wieder vom Glas entfernen (eine <span style=\"text-decoration: underline;\">detaillierte Anleitung<\/span> findet Ihr <a href=\"http:\/\/www.sabine-seyffert.de\/blog\/?p=1587\" target=\"_blank\">hier<\/a>). Entweder man bestreicht das Fenster mit einem breiten Pinsel und verteilt den Kleber so oder man streicht diesen einfach mit der Hand an die Scheibe.<\/p>\n<p style=\"text-align: center;\"><a href=\"http:\/\/www.sabine-seyffert.de\/blog\/wp-content\/uploads\/2015\/06\/2.jpg\"><img loading=\"lazy\" decoding=\"async\" class=\"alignnone size-full wp-image-5697\" src=\"http:\/\/www.sabine-seyffert.de\/blog\/wp-content\/uploads\/2015\/06\/2.jpg\" alt=\"2\" width=\"800\" height=\"600\" srcset=\"https:\/\/www.sabine-seyffert.de\/blog\/wp-content\/uploads\/2015\/06\/2.jpg 800w, https:\/\/www.sabine-seyffert.de\/blog\/wp-content\/uploads\/2015\/06\/2-300x225.jpg 300w\" sizes=\"auto, (max-width: 800px) 100vw, 800px\" \/><\/a><\/p>\n<p style=\"text-align: justify;\">Auf den Geburtstagstisch habe ich ein Windlicht aus Glas mit etwas Moos ausgestattet und um das Windlicht einen kleinen Holzfuchs sowie im Wald gesammelte Tannenzapfen verteilt. Die Zapfen waren \u201ebunt\u201c gemischt und in verschiedenen Gr\u00f6\u00dfen. So f\u00fchlt sich der Fuchs gleich etwas heimisch.\u00a0 Neben die Teller kamen die <a href=\"http:\/\/www.sabine-seyffert.de\/blog\/?p=5275\" target=\"_blank\">fuchsm\u00e4\u00dfigen Tischkarten<\/a> und in den Gl\u00e4sern haben wir vorab die <a href=\"http:\/\/www.sabine-seyffert.de\/blog\/?p=5352\" target=\"_blank\">fuchsigen Trinkhalme<\/a> platziert.<\/p>\n<p style=\"text-align: center;\"><a href=\"http:\/\/www.sabine-seyffert.de\/blog\/wp-content\/uploads\/2015\/06\/3.jpg\"><img loading=\"lazy\" decoding=\"async\" class=\"alignnone size-full wp-image-5698\" src=\"http:\/\/www.sabine-seyffert.de\/blog\/wp-content\/uploads\/2015\/06\/3.jpg\" alt=\"3\" width=\"600\" height=\"800\" srcset=\"https:\/\/www.sabine-seyffert.de\/blog\/wp-content\/uploads\/2015\/06\/3.jpg 600w, https:\/\/www.sabine-seyffert.de\/blog\/wp-content\/uploads\/2015\/06\/3-225x300.jpg 225w\" sizes=\"auto, (max-width: 600px) 100vw, 600px\" \/><\/a><\/p>\n<p style=\"text-align: justify;\">Au\u00dferdem haben wir nat\u00fcrlich noch die selbst gemachte <a href=\"http:\/\/www.sabine-seyffert.de\/blog\/?p=5298\" target=\"_blank\">Fuchsgirlande<\/a> \u00fcber dem Tisch aufgeh\u00e4ngt und die <a href=\"http:\/\/www.sabine-seyffert.de\/blog\/?p=5465\" target=\"_blank\">Amulette<\/a> sowie die <a href=\"http:\/\/www.sabine-seyffert.de\/blog\/?p=4809\" target=\"_blank\">Fuchslaterne<\/a> vom letzten <a href=\"http:\/\/www.sabine-seyffert.de\/blog\/?p=4762\" target=\"_blank\">Laternenumzug<\/a> von der Decke baumeln lassen.<\/p>\n<p style=\"text-align: center;\"><a href=\"http:\/\/www.sabine-seyffert.de\/blog\/wp-content\/uploads\/2015\/06\/4.jpg\"><img loading=\"lazy\" decoding=\"async\" class=\"alignnone size-full wp-image-5699\" src=\"http:\/\/www.sabine-seyffert.de\/blog\/wp-content\/uploads\/2015\/06\/4.jpg\" alt=\"4\" width=\"800\" height=\"652\" srcset=\"https:\/\/www.sabine-seyffert.de\/blog\/wp-content\/uploads\/2015\/06\/4.jpg 800w, https:\/\/www.sabine-seyffert.de\/blog\/wp-content\/uploads\/2015\/06\/4-300x245.jpg 300w\" sizes=\"auto, (max-width: 800px) 100vw, 800px\" \/><\/a><\/p>\n<p style=\"text-align: justify;\">In K\u00fcrze gibt es dann, wie von vielen gew\u00fcnscht, eine <a href=\"http:\/\/www.sabine-seyffert.de\/blog\/?p=5742\">Zusammenfassung<\/a> mit \u00dcbersicht der <a href=\"http:\/\/www.sabine-seyffert.de\/blog\/?cat=45\" target=\"_blank\">Fuchsparty<\/a>. Weitere Ideen zum Feiern mit Kindern gibt es in <a href=\"http:\/\/www.sabine-seyffert.de\/blog\/?cat=21\" target=\"_blank\">dieser Rubrik<\/a> und andere kreative Dinge <a href=\"http:\/\/www.creadienstag.de\/2015\/05\/178.html\" target=\"_blank\">hier<\/a> und auch <a href=\"http:\/\/kiddikram.blogspot.de\/2015\/05\/kiddikram-juni-2015.html\" target=\"_blank\">dort<\/a>.<br \/>\n<a href=\"http:\/\/www.sabine-seyffert.de\/blog\/?page_id=32#urheberrecht\">urheberrechtlich gesch\u00fctzt<\/a>, \u00a9 Sabine Seyffert<\/p>\n","protected":false},"excerpt":{"rendered":"<p>Auch dieses Geburtstagsfest geht einmal zu Ende. Und daher m\u00f6chte ich Euch zum Schluss noch ein paar Ideen und Deko Vorschl\u00e4ge mit auf den Weg geben, wie sich ein solcher Fuchs Geburtstag noch etwas ausschm\u00fccken l\u00e4sst. Denn bei einer richtigen Motto Party sollte auch ein bisschen Raumschmuck oder Tischdeko f\u00fcr eine stimmungsvolle Atmosph\u00e4re sorgen. Das&#8230; <a href=\"https:\/\/www.sabine-seyffert.de\/blog\/fuchsgeburtstag-feierliche-deko-ideen-fuers-fuchs-fest\/\" class=\"more-link\">Read more: Fuchsgeburtstag: Feierliche Deko Ideen f\u00fcrs Fuchs Fest<\/a><\/p>\n","protected":false},"author":2,"featured_media":5699,"comment_status":"open","ping_status":"open","sticky":false,"template":"","format":"standard","meta":{"_metis_text_type":"","_metis_text_length":2400,"_post_count":0,"footnotes":""},"categories":[12,45,21],"tags":[],"class_list":["post-5693","post","type-post","status-publish","format-standard","has-post-thumbnail","hentry","category-deko-ideen","category-fuchsgeburtstag","category-kinderfeste-partys"],"_links":{"self":[{"href":"https:\/\/www.sabine-seyffert.de\/blog\/wp-json\/wp\/v2\/posts\/5693","targetHints":{"allow":["GET"]}}],"collection":[{"href":"https:\/\/www.sabine-seyffert.de\/blog\/wp-json\/wp\/v2\/posts"}],"about":[{"href":"https:\/\/www.sabine-seyffert.de\/blog\/wp-json\/wp\/v2\/types\/post"}],"author":[{"embeddable":true,"href":"https:\/\/www.sabine-seyffert.de\/blog\/wp-json\/wp\/v2\/users\/2"}],"replies":[{"embeddable":true,"href":"https:\/\/www.sabine-seyffert.de\/blog\/wp-json\/wp\/v2\/comments?post=5693"}],"version-history":[{"count":3,"href":"https:\/\/www.sabine-seyffert.de\/blog\/wp-json\/wp\/v2\/posts\/5693\/revisions"}],"predecessor-version":[{"id":5776,"href":"https:\/\/www.sabine-seyffert.de\/blog\/wp-json\/wp\/v2\/posts\/5693\/revisions\/5776"}],"wp:featuredmedia":[{"embeddable":true,"href":"https:\/\/www.sabine-seyffert.de\/blog\/wp-json\/wp\/v2\/media\/5699"}],"wp:attachment":[{"href":"https:\/\/www.sabine-seyffert.de\/blog\/wp-json\/wp\/v2\/media?parent=5693"}],"wp:term":[{"taxonomy":"category","embeddable":true,"href":"https:\/\/www.sabine-seyffert.de\/blog\/wp-json\/wp\/v2\/categories?post=5693"},{"taxonomy":"post_tag","embeddable":true,"href":"https:\/\/www.sabine-seyffert.de\/blog\/wp-json\/wp\/v2\/tags?post=5693"}],"curies":[{"name":"wp","href":"https:\/\/api.w.org\/{rel}","templated":true}]}}