{"id":5613,"date":"2015-05-21T11:03:56","date_gmt":"2015-05-21T09:03:56","guid":{"rendered":"http:\/\/www.sabine-seyffert.de\/blog\/?p=5613"},"modified":"2017-03-02T12:47:35","modified_gmt":"2017-03-02T10:47:35","slug":"alles-neu-macht-der-mai-oder-eine-neue-tasche-nur-fuer-mich","status":"publish","type":"post","link":"https:\/\/www.sabine-seyffert.de\/blog\/alles-neu-macht-der-mai-oder-eine-neue-tasche-nur-fuer-mich\/","title":{"rendered":"Alles neu macht der Mai oder eine neue Tasche nur f\u00fcr mich"},"content":{"rendered":"<p style=\"text-align: center;\"><img loading=\"lazy\" decoding=\"async\" src=\"https:\/\/ssl-vg03.met.vgwort.de\/na\/5cbc0e41d3664cd79c8242003acea4f0\" alt=\"\" width=\"1\" height=\"1\" \/><a href=\"http:\/\/www.sabine-seyffert.de\/blog\/wp-content\/uploads\/2015\/05\/A-24.jpg\"><img loading=\"lazy\" decoding=\"async\" class=\"alignnone size-full wp-image-5614\" src=\"http:\/\/www.sabine-seyffert.de\/blog\/wp-content\/uploads\/2015\/05\/A-24.jpg\" alt=\"A 2\" width=\"600\" height=\"800\" srcset=\"https:\/\/www.sabine-seyffert.de\/blog\/wp-content\/uploads\/2015\/05\/A-24.jpg 600w, https:\/\/www.sabine-seyffert.de\/blog\/wp-content\/uploads\/2015\/05\/A-24-225x300.jpg 225w\" sizes=\"auto, (max-width: 600px) 100vw, 600px\" \/><\/a><\/p>\n<p style=\"text-align: justify;\">Schon lange bin ich auf der Suche nach einer ger\u00e4umigen Tasche, in die ordentlich was hinein passt. Aber irgendwie habe ich nie eine solche gefunden, die mir gefallen hat. Vor einiger Zeit ist mir dann auf dem Stoffmarkt eine solche begegnet. An einem Stand hing das gute St\u00fcck und hat mir auf Anhieb gefallen.<\/p>\n<p style=\"text-align: center;\"><a href=\"http:\/\/www.sabine-seyffert.de\/blog\/wp-content\/uploads\/2015\/05\/A-34.jpg\"><img loading=\"lazy\" decoding=\"async\" class=\"alignnone size-full wp-image-5615\" src=\"http:\/\/www.sabine-seyffert.de\/blog\/wp-content\/uploads\/2015\/05\/A-34.jpg\" alt=\"A 3\" width=\"800\" height=\"600\" srcset=\"https:\/\/www.sabine-seyffert.de\/blog\/wp-content\/uploads\/2015\/05\/A-34.jpg 800w, https:\/\/www.sabine-seyffert.de\/blog\/wp-content\/uploads\/2015\/05\/A-34-300x225.jpg 300w\" sizes=\"auto, (max-width: 800px) 100vw, 800px\" \/><\/a><\/p>\n<p style=\"text-align: justify;\">Leider jedoch war diese nicht verk\u00e4uflich, sondern nur als Musterst\u00fcck f\u00fcr den Stand und Stoffverkauf gedacht, schade\u2026 Mich selbst an so eine Tasche zu wagen, daf\u00fcr reichte der Mut nicht. Und einfach Aufs-Gerade-Wohl probieren, bei dem zahlreichen Material was f\u00fcr eine gro\u00dfe Tasche anf\u00e4llt, konnte ich mich nicht durchringen.<\/p>\n<p style=\"text-align: center;\"><a href=\"http:\/\/www.sabine-seyffert.de\/blog\/wp-content\/uploads\/2015\/05\/A-44.jpg\"><img loading=\"lazy\" decoding=\"async\" class=\"alignnone size-full wp-image-5616\" src=\"http:\/\/www.sabine-seyffert.de\/blog\/wp-content\/uploads\/2015\/05\/A-44.jpg\" alt=\"A 4\" width=\"600\" height=\"800\" srcset=\"https:\/\/www.sabine-seyffert.de\/blog\/wp-content\/uploads\/2015\/05\/A-44.jpg 600w, https:\/\/www.sabine-seyffert.de\/blog\/wp-content\/uploads\/2015\/05\/A-44-225x300.jpg 225w\" sizes=\"auto, (max-width: 600px) 100vw, 600px\" \/><\/a><\/p>\n<p style=\"text-align: justify;\">Aber es gibt ja <a href=\"http:\/\/de-hansedeern.blogspot.de\/\" target=\"_blank\">Mickey<\/a>, meine Retterin in der Not! Mickey war derart motivierend und ist mir gleich helfend zur Hand gegangen, dass ich gar nicht anders konnte als loszulegen. Denn nachdem das ben\u00f6tigte Material schlie\u00dflich bei mir eintrudelte, hatte ich auch gar keine Ausrede mehr, es nicht doch mal zu probieren \ud83d\ude09<\/p>\n<p style=\"text-align: center;\"><a href=\"http:\/\/www.sabine-seyffert.de\/blog\/wp-content\/uploads\/2015\/05\/A-63.jpg\"><img loading=\"lazy\" decoding=\"async\" class=\"alignnone size-full wp-image-5617\" src=\"http:\/\/www.sabine-seyffert.de\/blog\/wp-content\/uploads\/2015\/05\/A-63.jpg\" alt=\"A 6\" width=\"600\" height=\"800\" srcset=\"https:\/\/www.sabine-seyffert.de\/blog\/wp-content\/uploads\/2015\/05\/A-63.jpg 600w, https:\/\/www.sabine-seyffert.de\/blog\/wp-content\/uploads\/2015\/05\/A-63-225x300.jpg 225w\" sizes=\"auto, (max-width: 600px) 100vw, 600px\" \/><\/a><\/p>\n<p style=\"text-align: justify;\">Ein weiterer Anlauf in den hiesigen Stoffladen, f\u00fcr hier und da fehlende Kleinigkeiten, war zwar noch n\u00f6tig, aber schlie\u00dflich war die Tasche fertig. Ich kann es selbst noch nicht ganz glauben, aber so ist es. Allerdings mit einem kleinen Sch\u00f6nheitsfehler, der wohl bei der ersten N\u00e4herei dieser Art dazugeh\u00f6rt. Denn ich habe die Magnetverschl\u00fcsse vergessen vor dem N\u00e4hen einzuarbeiten und hatte dann keine Lust alles wieder m\u00fchsam aufzutrennen.<\/p>\n<p style=\"text-align: center;\"><a href=\"http:\/\/www.sabine-seyffert.de\/blog\/wp-content\/uploads\/2015\/05\/A-73.jpg\"><img loading=\"lazy\" decoding=\"async\" class=\"alignnone size-full wp-image-5618\" src=\"http:\/\/www.sabine-seyffert.de\/blog\/wp-content\/uploads\/2015\/05\/A-73.jpg\" alt=\"A 7\" width=\"600\" height=\"800\" srcset=\"https:\/\/www.sabine-seyffert.de\/blog\/wp-content\/uploads\/2015\/05\/A-73.jpg 600w, https:\/\/www.sabine-seyffert.de\/blog\/wp-content\/uploads\/2015\/05\/A-73-225x300.jpg 225w\" sizes=\"auto, (max-width: 600px) 100vw, 600px\" \/><\/a><\/p>\n<p style=\"text-align: justify;\">Die meiste Arbeit fordert \u00fcbrigens das Anfertigen des Schnittbogens bzw. Zuschneiden der ben\u00f6tigten Teile. Das N\u00e4hen als solches geht wirklich fix und ist durch das Volumenvlies und die Tascheneinlage sogar viel einfacher zu n\u00e4hen als Stoff \u201esolo\u201c. Und da ich mich so \u00fcber mein selbst gen\u00e4htes St\u00fcck freue, schicke ich die bunte Tasche heute mal zu <a href=\"http:\/\/rundumsweib.blogspot.de\/2015\/05\/rums-2115.html\" target=\"_blank\">RUMS<\/a>!<\/p>\n<p style=\"text-align: center;\"><a href=\"http:\/\/www.sabine-seyffert.de\/blog\/wp-content\/uploads\/2015\/05\/A-14.jpg\"><img loading=\"lazy\" decoding=\"async\" class=\"alignnone size-full wp-image-5619\" src=\"http:\/\/www.sabine-seyffert.de\/blog\/wp-content\/uploads\/2015\/05\/A-14.jpg\" alt=\"A 1\" width=\"800\" height=\"600\" srcset=\"https:\/\/www.sabine-seyffert.de\/blog\/wp-content\/uploads\/2015\/05\/A-14.jpg 800w, https:\/\/www.sabine-seyffert.de\/blog\/wp-content\/uploads\/2015\/05\/A-14-300x225.jpg 300w\" sizes=\"auto, (max-width: 800px) 100vw, 800px\" \/><\/a><\/p>\n<p style=\"text-align: justify;\">Ein gro\u00dfer Dank an dieser Stelle auch an die liebe <a href=\"http:\/\/bastelnmalenkuchenbacken.blogspot.de\/\" target=\"_blank\">Nica<\/a>, die mir zwei ihrer wundersch\u00f6nen Holzbrettchen in Hausform geschickt hat. Du hast mir eine riesengro\u00dfe Freude gemacht!<\/p>\n<p style=\"text-align: center;\"><a href=\"http:\/\/www.sabine-seyffert.de\/blog\/wp-content\/uploads\/2015\/05\/Unbenannt-1.jpg\"><img loading=\"lazy\" decoding=\"async\" class=\"alignnone size-full wp-image-5620\" src=\"http:\/\/www.sabine-seyffert.de\/blog\/wp-content\/uploads\/2015\/05\/Unbenannt-1.jpg\" alt=\"Unbenannt - 1\" width=\"800\" height=\"600\" srcset=\"https:\/\/www.sabine-seyffert.de\/blog\/wp-content\/uploads\/2015\/05\/Unbenannt-1.jpg 800w, https:\/\/www.sabine-seyffert.de\/blog\/wp-content\/uploads\/2015\/05\/Unbenannt-1-300x225.jpg 300w\" sizes=\"auto, (max-width: 800px) 100vw, 800px\" \/><\/a><\/p>\n<p><a href=\"http:\/\/www.sabine-seyffert.de\/blog\/?page_id=32#urheberrecht\">urheberrechtlich gesch\u00fctzt<\/a>, \u00a9 Sabine Seyffert<\/p>\n","protected":false},"excerpt":{"rendered":"<p>Schon lange bin ich auf der Suche nach einer ger\u00e4umigen Tasche, in die ordentlich was hinein passt. Aber irgendwie habe ich nie eine solche gefunden, die mir gefallen hat. Vor einiger Zeit ist mir dann auf dem Stoffmarkt eine solche begegnet. An einem Stand hing das gute St\u00fcck und hat mir auf Anhieb gefallen. Leider&#8230; <a href=\"https:\/\/www.sabine-seyffert.de\/blog\/alles-neu-macht-der-mai-oder-eine-neue-tasche-nur-fuer-mich\/\" class=\"more-link\">Read more: Alles neu macht der Mai oder eine neue Tasche nur f\u00fcr mich<\/a><\/p>\n","protected":false},"author":2,"featured_media":5619,"comment_status":"open","ping_status":"open","sticky":false,"template":"","format":"standard","meta":{"_metis_text_type":"","_metis_text_length":1976,"_post_count":0,"footnotes":""},"categories":[33],"tags":[],"class_list":["post-5613","post","type-post","status-publish","format-standard","has-post-thumbnail","hentry","category-kreative-naherein"],"_links":{"self":[{"href":"https:\/\/www.sabine-seyffert.de\/blog\/wp-json\/wp\/v2\/posts\/5613","targetHints":{"allow":["GET"]}}],"collection":[{"href":"https:\/\/www.sabine-seyffert.de\/blog\/wp-json\/wp\/v2\/posts"}],"about":[{"href":"https:\/\/www.sabine-seyffert.de\/blog\/wp-json\/wp\/v2\/types\/post"}],"author":[{"embeddable":true,"href":"https:\/\/www.sabine-seyffert.de\/blog\/wp-json\/wp\/v2\/users\/2"}],"replies":[{"embeddable":true,"href":"https:\/\/www.sabine-seyffert.de\/blog\/wp-json\/wp\/v2\/comments?post=5613"}],"version-history":[{"count":3,"href":"https:\/\/www.sabine-seyffert.de\/blog\/wp-json\/wp\/v2\/posts\/5613\/revisions"}],"predecessor-version":[{"id":5623,"href":"https:\/\/www.sabine-seyffert.de\/blog\/wp-json\/wp\/v2\/posts\/5613\/revisions\/5623"}],"wp:featuredmedia":[{"embeddable":true,"href":"https:\/\/www.sabine-seyffert.de\/blog\/wp-json\/wp\/v2\/media\/5619"}],"wp:attachment":[{"href":"https:\/\/www.sabine-seyffert.de\/blog\/wp-json\/wp\/v2\/media?parent=5613"}],"wp:term":[{"taxonomy":"category","embeddable":true,"href":"https:\/\/www.sabine-seyffert.de\/blog\/wp-json\/wp\/v2\/categories?post=5613"},{"taxonomy":"post_tag","embeddable":true,"href":"https:\/\/www.sabine-seyffert.de\/blog\/wp-json\/wp\/v2\/tags?post=5613"}],"curies":[{"name":"wp","href":"https:\/\/api.w.org\/{rel}","templated":true}]}}