{"id":558,"date":"2013-02-26T07:23:24","date_gmt":"2013-02-26T05:23:24","guid":{"rendered":"http:\/\/www.sabine-seyffert.de\/blog\/?p=558"},"modified":"2023-01-11T17:18:17","modified_gmt":"2023-01-11T15:18:17","slug":"tipps-gegen-den-winterblues","status":"publish","type":"post","link":"https:\/\/www.sabine-seyffert.de\/blog\/tipps-gegen-den-winterblues\/","title":{"rendered":"Tipps gegen den Winterblues\u2026"},"content":{"rendered":"<p style=\"text-align: justify;\"><img loading=\"lazy\" decoding=\"async\" src=\"https:\/\/ssl-vg03.met.vgwort.de\/na\/e4c6e3f19c164618858d748529e98648\" alt=\"\" width=\"1\" height=\"1\" \/><br \/>\nVon allen Seiten h\u00f6rt man mittlerweile, dass der Winterblues sein Unwesen treibt. Alles sehnt sich nach dem Fr\u00fchling, der aber rein kalendarisch gesehen noch l\u00e4ngst nicht da ist. Ich selbst bin\u00a0 ein absoluter Winterfan und kann mich an dem vielen Wei\u00df so gar nicht satt sehen. Manchmal w\u00fcnsche ich mir dort zu wohnen, wo wirklich viel Schnee liegt. Dennoch kann ich nachvollziehen, dass bei Vielen der Wunsch nach etwas mehr Sonne und Farben gro\u00df ist. Aus diesem Grunde gibt es heute mal ein paar Ideen und Tipps, die hoffentlich gegen den dr\u00fcckenden Winterblues helfen und ein kleiner Lichtblick f\u00fcr all diejenigen sind, die so gar nicht l\u00e4nger auf den Fr\u00fchling warten k\u00f6nnen. Los geht\u2019s:<\/p>\n<p><a href=\"http:\/\/www.sabine-seyffert.de\/blog\/wp-content\/uploads\/2013\/02\/Winterblues-Zapfen.jpg\"><img loading=\"lazy\" decoding=\"async\" class=\"size-full wp-image-575 aligncenter\" src=\"http:\/\/www.sabine-seyffert.de\/blog\/wp-content\/uploads\/2013\/02\/Winterblues-Zapfen.jpg\" alt=\"Winterblues Zapfen\" width=\"435\" height=\"573\" \/><\/a><\/p>\n<p style=\"text-align: justify;\">* <strong>Den Winter nehmen wie er ist<\/strong>: Der Kalender zeigt an, es ist Winter, daran l\u00e4sst sich durch nichts etwas \u00e4ndern. Auch N\u00f6rgeln hilft da in keinster Weise weiter, ganz im Gegenteil. Das dr\u00fcckt die Stimmung nur noch mehr und macht schlechte Laune. Darum mein Tipp \u2013 genie\u00df den Winter einfach wie er ist. Falls das nicht klappt, einfach mal \u00fcberlegen, was den Winter denn ausmacht! Was ist so besonders an dieser Jahreszeit und was gibt es nur dann, wenn es wirklich Winter ist? Da fallen wir auf Anhieb viele Sachen ein: Lustige Schlittenfahrten, einen dicken Schneemann bauen, eine vergn\u00fcgte Schneeballschlacht, ein gem\u00fctlicher Spaziergang durch die winterliche Landschaft, der einen durchatmen l\u00e4sst, ein ruhiger Nachmittag mit hei\u00dfem Tee und leckeren Pl\u00e4tzchen, die frische, k\u00fchle Luft im Winter, die im Nu einen freien Kopf macht, kuschelig auf dem Sofa sitzen in aller Ruhe lesen, malen, basteln, n\u00e4hen, Briefe schreiben und die Dinge tun, die Drinnen gemacht werden und zu denen man an warmen Sommertagen, wenn es einen nach Drau\u00dfen zieht, keinerlei Lust hat!<\/p>\n<p><a href=\"http:\/\/www.sabine-seyffert.de\/blog\/wp-content\/uploads\/2013\/02\/Winterblues-Wald.jpg\"><img loading=\"lazy\" decoding=\"async\" class=\"size-full wp-image-576 aligncenter\" src=\"http:\/\/www.sabine-seyffert.de\/blog\/wp-content\/uploads\/2013\/02\/Winterblues-Wald.jpg\" alt=\"Winterblues Wald\" width=\"437\" height=\"583\" srcset=\"https:\/\/www.sabine-seyffert.de\/blog\/wp-content\/uploads\/2013\/02\/Winterblues-Wald.jpg 600w, https:\/\/www.sabine-seyffert.de\/blog\/wp-content\/uploads\/2013\/02\/Winterblues-Wald-225x300.jpg 225w\" sizes=\"auto, (max-width: 437px) 100vw, 437px\" \/><\/a><\/p>\n<p style=\"text-align: justify;\">* <strong>Der Winter ist meist kalt und grau<\/strong> \u2013 kein Problem, einfach ein paar \u201ewarme\u201c Gedanken machen und dem k\u00fchlen Grau da Drau\u00dfen gedanklich eine Weile entfliehen. Dazu f\u00e4llt mir der Bilderbuchklassiker \u201e<a href=\"https:\/\/www.sabine-seyffert.de\/blog\/?p=21378\" target=\"_blank\" rel=\"noopener\">Frederick<\/a>\u201c von Leo Lionni ein. Die kleine Maus sammelt Sonnenstrahlen f\u00fcr kalte Wintertage. Einfach Augen zu und einen Moment davontr\u00e4umen, eine <a href=\"https:\/\/www.sabine-seyffert.de\/blog\/?cat=4\" target=\"_blank\" rel=\"noopener\">Fantasiereise<\/a> unternehmen und dabei neue Kraft sammeln. Wo ein Wille ist, ist auch ein Weg!<\/p>\n<p><a href=\"http:\/\/www.sabine-seyffert.de\/blog\/wp-content\/uploads\/2013\/02\/Winterblues-Herz.jpg\"><img loading=\"lazy\" decoding=\"async\" class=\"size-full wp-image-577 aligncenter\" src=\"http:\/\/www.sabine-seyffert.de\/blog\/wp-content\/uploads\/2013\/02\/Winterblues-Herz.jpg\" alt=\"Winterblues Herz\" width=\"524\" height=\"393\" srcset=\"https:\/\/www.sabine-seyffert.de\/blog\/wp-content\/uploads\/2013\/02\/Winterblues-Herz.jpg 800w, https:\/\/www.sabine-seyffert.de\/blog\/wp-content\/uploads\/2013\/02\/Winterblues-Herz-300x225.jpg 300w\" sizes=\"auto, (max-width: 524px) 100vw, 524px\" \/><\/a><\/p>\n<p style=\"text-align: justify;\">*<strong> Der Winter ist sch\u00f6n<\/strong>, warum nicht mal diese Jahreszeit in seiner ganzen Sch\u00f6nheit betrachten? Man muss ihm nur mit offenen Augen begegnen: Letzte Woche bei einem morgendlichen Spaziergang war ich vollkommen fasziniert von dem Wald. Ich hatte die Kamera mit dabei und habe jeden zweiten Baum von unten aus in Richtung Himmel fotografiert. Das war so wundersch\u00f6n zu sehen, wie unterschiedlich und einzigartig jeder Baum ist, die Form der Zweige und \u00c4ste zu sehen und ihren Unterschied auszumachen. Das war mir bislang so noch nie aufgefallen. Ebenso den Frost, der sich wie ein Schleier \u00fcber Wiesen und Felder legt, der eiskalte Morgennebel, kleine, gefrorene Wassertropfen an kahlen Zweigen, gro\u00dfe Eiszapfen\u2026 All das macht den Winter zu etwas Besonderem!<\/p>\n<p><a href=\"http:\/\/www.sabine-seyffert.de\/blog\/wp-content\/uploads\/2013\/02\/Winterblues-Wipfel.jpg\"><img loading=\"lazy\" decoding=\"async\" class=\"size-full wp-image-583 aligncenter\" src=\"http:\/\/www.sabine-seyffert.de\/blog\/wp-content\/uploads\/2013\/02\/Winterblues-Wipfel.jpg\" alt=\"Winterblues Wipfel\" width=\"515\" height=\"403\" \/><\/a><\/p>\n<p style=\"text-align: justify;\">* <strong>Abwarten &amp; Teetrinken<\/strong>: Warten kann so lange dauern und sich dahin ziehen wie z\u00e4hes Kaugummi. Dann doch lieber die Zeit f\u00fcr sch\u00f6ne Dinge nutzen! Wie w\u00e4re es mit einem gem\u00fctlichen Nachmittag mit der besten Freundin? Die Kinder k\u00f6nnen spielen und man selbst kann bei einem warmen Tee oder Kaffee endlich mal wieder in aller Ruhe plaudern und sein Herz aussch\u00fctten.<\/p>\n<p><a href=\"http:\/\/www.sabine-seyffert.de\/blog\/wp-content\/uploads\/2013\/02\/Winterblues-himmel.jpg\"><img loading=\"lazy\" decoding=\"async\" class=\"size-full wp-image-578 aligncenter\" src=\"http:\/\/www.sabine-seyffert.de\/blog\/wp-content\/uploads\/2013\/02\/Winterblues-himmel.jpg\" alt=\"Winterblues himmel\" width=\"510\" height=\"383\" srcset=\"https:\/\/www.sabine-seyffert.de\/blog\/wp-content\/uploads\/2013\/02\/Winterblues-himmel.jpg 800w, https:\/\/www.sabine-seyffert.de\/blog\/wp-content\/uploads\/2013\/02\/Winterblues-himmel-300x225.jpg 300w\" sizes=\"auto, (max-width: 510px) 100vw, 510px\" \/><\/a><\/p>\n<p style=\"text-align: justify;\">* <strong>Trist und grau &#8211; nein, kunterbunt!<\/strong> Der Winter ist zu wei\u00df, zu grau, schlichtweg zu farblos \u2013 kein Problem, dem kann man Abhilfe schaffen. Denn dann sorgt man eben Drinnen f\u00fcr willkommene Abwechslung und entsprechende Farbtupfer. Ein paar frische Blumen in der Vase, Zweige, in die man bunte Anh\u00e4nger h\u00e4ngt, bunte Tischsets und dergleichen bringen die gew\u00fcnschte Farbe und machen gute Laune. Also nicht l\u00e4nger Tr\u00fcbsal blasen, sondern ans Werk gehen!<\/p>\n<p><a href=\"http:\/\/www.sabine-seyffert.de\/blog\/wp-content\/uploads\/2013\/02\/Winterblues-schnee.jpg\"><img loading=\"lazy\" decoding=\"async\" class=\"size-full wp-image-579 aligncenter\" src=\"http:\/\/www.sabine-seyffert.de\/blog\/wp-content\/uploads\/2013\/02\/Winterblues-schnee.jpg\" alt=\"Winterblues schnee\" width=\"512\" height=\"321\" srcset=\"https:\/\/www.sabine-seyffert.de\/blog\/wp-content\/uploads\/2013\/02\/Winterblues-schnee.jpg 800w, https:\/\/www.sabine-seyffert.de\/blog\/wp-content\/uploads\/2013\/02\/Winterblues-schnee-300x187.jpg 300w\" sizes=\"auto, (max-width: 512px) 100vw, 512px\" \/><\/a><\/p>\n<p style=\"text-align: justify;\">* <strong>Der Winter ist kalt<\/strong> \u2013 ja, so ist es wohl meistens. Aber frieren muss man nun auch nicht. Ein dicker Wollpulli, selbst gestrickte Socken oder eine kuschelige Decke spendet W\u00e4rme und sorgt f\u00fcr Gem\u00fctlichkeit. Zur Not helfen sicher auch ein paar Gedanken an den bevorstehenden Fr\u00fchling und Sonnenschein (s.o.)!<\/p>\n<p><a href=\"http:\/\/www.sabine-seyffert.de\/blog\/wp-content\/uploads\/2013\/02\/Winterblues-gras.jpg\"><img loading=\"lazy\" decoding=\"async\" class=\"size-full wp-image-580 aligncenter\" src=\"http:\/\/www.sabine-seyffert.de\/blog\/wp-content\/uploads\/2013\/02\/Winterblues-gras.jpg\" alt=\"Winterblues gras\" width=\"506\" height=\"380\" srcset=\"https:\/\/www.sabine-seyffert.de\/blog\/wp-content\/uploads\/2013\/02\/Winterblues-gras.jpg 600w, https:\/\/www.sabine-seyffert.de\/blog\/wp-content\/uploads\/2013\/02\/Winterblues-gras-300x225.jpg 300w\" sizes=\"auto, (max-width: 506px) 100vw, 506px\" \/><\/a><\/p>\n<p style=\"text-align: justify;\">* <strong>Nur nicht h\u00e4ngen lassen<\/strong> \u2013 es gibt keinen Grund Tr\u00fcbsal zu blasen. Und der Wintersm\u00fcdigkeit kann man aktiv entgegenwirken, in dem man sich einmal am Tag ausgiebig bewegt oder Dinge tut, die einem Freude machen, die man gerne tut. Ob im Verein, im Fitnessstudio oder beim Spazierengehen, Bewegung tut gut und man kommt auf andere Gedanken! Oder wer sich nicht gerne bewegt kann auch anders f\u00fcr Abwechslung sorgen und einen Kino Besuch in Angriff nehmen, sich Verabreden, Freude zum Essen einladen oder den n\u00e4chsten Urlaub planen. Dabei kommt man sicher schnell auf andere Gedanken!<\/p>\n<p style=\"text-align: justify;\">* Und wem all die Tipps nicht helfen, dem sei zu guter Letzt zum Trost gesagt: <strong>Der n\u00e4chste Fr\u00fchling kommt bestimmt!<\/strong><\/p>\n<p><a href=\"http:\/\/www.sabine-seyffert.de\/blog\/wp-content\/uploads\/2013\/02\/Winterblues-moos.jpg\"><img loading=\"lazy\" decoding=\"async\" class=\"size-full wp-image-581 aligncenter\" src=\"http:\/\/www.sabine-seyffert.de\/blog\/wp-content\/uploads\/2013\/02\/Winterblues-moos.jpg\" alt=\"Winterblues moos\" width=\"521\" height=\"392\" srcset=\"https:\/\/www.sabine-seyffert.de\/blog\/wp-content\/uploads\/2013\/02\/Winterblues-moos.jpg 800w, https:\/\/www.sabine-seyffert.de\/blog\/wp-content\/uploads\/2013\/02\/Winterblues-moos-300x225.jpg 300w\" sizes=\"auto, (max-width: 521px) 100vw, 521px\" \/><\/a><br \/>\n<a href=\"http:\/\/www.sabine-seyffert.de\/blog\/?page_id=32#urheberrecht\">urherrechtlich gesch\u00fctzt<\/a>, \u00a9 Sabine Seyffert<\/p>\n","protected":false},"excerpt":{"rendered":"<p>Von allen Seiten h\u00f6rt man mittlerweile, dass der Winterblues sein Unwesen treibt. Alles sehnt sich nach dem Fr\u00fchling, der aber rein kalendarisch gesehen noch l\u00e4ngst nicht da ist. Ich selbst bin\u00a0 ein absoluter Winterfan und kann mich an dem vielen Wei\u00df so gar nicht satt sehen. Manchmal w\u00fcnsche ich mir dort zu wohnen, wo wirklich&#8230; <a href=\"https:\/\/www.sabine-seyffert.de\/blog\/tipps-gegen-den-winterblues\/\" class=\"more-link\">Read more: Tipps gegen den Winterblues\u2026<\/a><\/p>\n","protected":false},"author":1,"featured_media":0,"comment_status":"open","ping_status":"open","sticky":false,"template":"","format":"standard","meta":{"_metis_text_type":"","_metis_text_length":4821,"_post_count":0,"footnotes":""},"categories":[22],"tags":[],"class_list":["post-558","post","type-post","status-publish","format-standard","hentry","category-winter"],"_links":{"self":[{"href":"https:\/\/www.sabine-seyffert.de\/blog\/wp-json\/wp\/v2\/posts\/558","targetHints":{"allow":["GET"]}}],"collection":[{"href":"https:\/\/www.sabine-seyffert.de\/blog\/wp-json\/wp\/v2\/posts"}],"about":[{"href":"https:\/\/www.sabine-seyffert.de\/blog\/wp-json\/wp\/v2\/types\/post"}],"author":[{"embeddable":true,"href":"https:\/\/www.sabine-seyffert.de\/blog\/wp-json\/wp\/v2\/users\/1"}],"replies":[{"embeddable":true,"href":"https:\/\/www.sabine-seyffert.de\/blog\/wp-json\/wp\/v2\/comments?post=558"}],"version-history":[{"count":27,"href":"https:\/\/www.sabine-seyffert.de\/blog\/wp-json\/wp\/v2\/posts\/558\/revisions"}],"predecessor-version":[{"id":24902,"href":"https:\/\/www.sabine-seyffert.de\/blog\/wp-json\/wp\/v2\/posts\/558\/revisions\/24902"}],"wp:attachment":[{"href":"https:\/\/www.sabine-seyffert.de\/blog\/wp-json\/wp\/v2\/media?parent=558"}],"wp:term":[{"taxonomy":"category","embeddable":true,"href":"https:\/\/www.sabine-seyffert.de\/blog\/wp-json\/wp\/v2\/categories?post=558"},{"taxonomy":"post_tag","embeddable":true,"href":"https:\/\/www.sabine-seyffert.de\/blog\/wp-json\/wp\/v2\/tags?post=558"}],"curies":[{"name":"wp","href":"https:\/\/api.w.org\/{rel}","templated":true}]}}