{"id":5561,"date":"2015-05-13T17:15:45","date_gmt":"2015-05-13T15:15:45","guid":{"rendered":"http:\/\/www.sabine-seyffert.de\/blog\/?p=5561"},"modified":"2018-06-26T14:23:31","modified_gmt":"2018-06-26T12:23:31","slug":"ein-sonniger-ausflug-nach-altenberg","status":"publish","type":"post","link":"https:\/\/www.sabine-seyffert.de\/blog\/ein-sonniger-ausflug-nach-altenberg\/","title":{"rendered":"Ein sonniger Ausflug nach Altenberg"},"content":{"rendered":"<p style=\"text-align: justify;\"><img loading=\"lazy\" decoding=\"async\" src=\"https:\/\/ssl-vg03.met.vgwort.de\/na\/9a33c11e61bf45688dd879838a74fbb4\" alt=\"\" width=\"1\" height=\"1\" \/>Ein langes Wochenende liegt vor uns \u2013 eine wunderbare Gelegenheit wieder mal einen Ausflug zu unternehmen. Dieses Mal nehme ich euch wieder einmal mit nach <a href=\"https:\/\/de.wikipedia.org\/wiki\/Altenberg_(Bergisches_Land)\" target=\"_blank\" rel=\"noopener\">Altenberg<\/a>!<\/p>\n<p style=\"text-align: center;\"><a href=\"http:\/\/www.sabine-seyffert.de\/blog\/wp-content\/uploads\/2015\/05\/12.jpg\"><img loading=\"lazy\" decoding=\"async\" class=\"alignnone size-full wp-image-5562\" src=\"http:\/\/www.sabine-seyffert.de\/blog\/wp-content\/uploads\/2015\/05\/12.jpg\" alt=\"1\" width=\"600\" height=\"800\" srcset=\"https:\/\/www.sabine-seyffert.de\/blog\/wp-content\/uploads\/2015\/05\/12.jpg 600w, https:\/\/www.sabine-seyffert.de\/blog\/wp-content\/uploads\/2015\/05\/12-225x300.jpg 225w\" sizes=\"auto, (max-width: 600px) 100vw, 600px\" \/><\/a><\/p>\n<p style=\"text-align: justify;\">Wer einmal nach Altenberg reist, sollte sich ruhig etwas Zeit nehmen. U.a. gibt es dort den <a href=\"https:\/\/de.wikipedia.org\/wiki\/Altenberger_Dom\" target=\"_blank\" rel=\"noopener\">Altenberger Dom<\/a>, der gleich neben dem Deutschen M\u00e4rchenwald liegt (von dem ich <a href=\"http:\/\/www.sabine-seyffert.de\/blog\/?p=4701\" target=\"_blank\" rel=\"noopener\">hier<\/a> schonmal ausf\u00fchrlich erz\u00e4hlt habe) und von dort aus problemlos zu Fu\u00df zu erreichen ist.<\/p>\n<p style=\"text-align: center;\"><a href=\"http:\/\/www.sabine-seyffert.de\/blog\/wp-content\/uploads\/2015\/05\/Unbenannt-26.jpg\"><img loading=\"lazy\" decoding=\"async\" class=\"alignnone size-full wp-image-5564\" src=\"http:\/\/www.sabine-seyffert.de\/blog\/wp-content\/uploads\/2015\/05\/Unbenannt-26.jpg\" alt=\"Unbenannt - 26\" width=\"600\" height=\"800\" srcset=\"https:\/\/www.sabine-seyffert.de\/blog\/wp-content\/uploads\/2015\/05\/Unbenannt-26.jpg 600w, https:\/\/www.sabine-seyffert.de\/blog\/wp-content\/uploads\/2015\/05\/Unbenannt-26-225x300.jpg 225w\" sizes=\"auto, (max-width: 600px) 100vw, 600px\" \/><\/a><\/p>\n<p style=\"text-align: justify;\">Von dem gro\u00dfen Parkplatz aus, wurde nach der langen Autofahrt erst einmal der Bach (Dh\u00fcnn) ausgiebig erforscht. Mittlerweile kenne ich diese \u201enasse Auszeit\u201c und habe in weiser Voraussicht immer ein Handtuch im Rucksack.<\/p>\n<p style=\"text-align: center;\"><a href=\"http:\/\/www.sabine-seyffert.de\/blog\/wp-content\/uploads\/2015\/05\/Unbenannt-41.jpg\"><img loading=\"lazy\" decoding=\"async\" class=\"alignnone size-full wp-image-5570\" src=\"http:\/\/www.sabine-seyffert.de\/blog\/wp-content\/uploads\/2015\/05\/Unbenannt-41.jpg\" alt=\"Unbenannt - 41\" width=\"800\" height=\"600\" srcset=\"https:\/\/www.sabine-seyffert.de\/blog\/wp-content\/uploads\/2015\/05\/Unbenannt-41.jpg 800w, https:\/\/www.sabine-seyffert.de\/blog\/wp-content\/uploads\/2015\/05\/Unbenannt-41-300x225.jpg 300w\" sizes=\"auto, (max-width: 800px) 100vw, 800px\" \/><\/a><\/p>\n<p style=\"text-align: justify;\">Das Wasser ist an vielen Stellen gut zu erreichen nicht so tief. Unter Aufsicht (!) kann sich der Nachwuchs dann eine Weile die F\u00fc\u00dfe k\u00fchlen, einen Staudamm bauen etc. sowie bei <a href=\"http:\/\/www.sabine-seyffert.de\/blog\/?p=2391\" target=\"_blank\" rel=\"noopener\">unseren Nachmittagen am Bach<\/a>, die sich gro\u00dfer Beliebtheit bei den Kindern erfreuen.<\/p>\n<p style=\"text-align: center;\"><a href=\"http:\/\/www.sabine-seyffert.de\/blog\/wp-content\/uploads\/2015\/05\/Unbenannt-42.jpg\"><img loading=\"lazy\" decoding=\"async\" class=\"alignnone size-full wp-image-5569\" src=\"http:\/\/www.sabine-seyffert.de\/blog\/wp-content\/uploads\/2015\/05\/Unbenannt-42.jpg\" alt=\"Unbenannt - 42\" width=\"800\" height=\"600\" srcset=\"https:\/\/www.sabine-seyffert.de\/blog\/wp-content\/uploads\/2015\/05\/Unbenannt-42.jpg 800w, https:\/\/www.sabine-seyffert.de\/blog\/wp-content\/uploads\/2015\/05\/Unbenannt-42-300x225.jpg 300w\" sizes=\"auto, (max-width: 800px) 100vw, 800px\" \/><\/a><\/p>\n<p style=\"text-align: justify;\">Anschlie\u00dfend spaziert man durch eine sch\u00f6ne Gr\u00fcnanlage mit gro\u00dfen Wiesen, B\u00e4nken und Tischen, die sich bestens f\u00fcr ein kleines Picknick eignen. Hier kann man wirklich mitten im Gr\u00fcnen verschnaufen und das gute Wetter genie\u00dfen.<\/p>\n<p style=\"text-align: center;\"><a href=\"http:\/\/www.sabine-seyffert.de\/blog\/wp-content\/uploads\/2015\/05\/Unbenannt-27.jpg\"><img loading=\"lazy\" decoding=\"async\" class=\"alignnone size-full wp-image-5565\" src=\"http:\/\/www.sabine-seyffert.de\/blog\/wp-content\/uploads\/2015\/05\/Unbenannt-27.jpg\" alt=\"Unbenannt - 27\" width=\"600\" height=\"800\" srcset=\"https:\/\/www.sabine-seyffert.de\/blog\/wp-content\/uploads\/2015\/05\/Unbenannt-27.jpg 600w, https:\/\/www.sabine-seyffert.de\/blog\/wp-content\/uploads\/2015\/05\/Unbenannt-27-225x300.jpg 225w\" sizes=\"auto, (max-width: 600px) 100vw, 600px\" \/><\/a><\/p>\n<p style=\"text-align: justify;\">Auf dem kleinen Teich bl\u00fchen Seerosen, das Ufer ist bewachsen und zahlreiche B\u00e4ume spenden an warmen Tagen ausreichend Schatten.<\/p>\n<p style=\"text-align: center;\"><a href=\"http:\/\/www.sabine-seyffert.de\/blog\/wp-content\/uploads\/2015\/05\/Unbenannt-28.jpg\"><img loading=\"lazy\" decoding=\"async\" class=\"alignnone size-full wp-image-5566\" src=\"http:\/\/www.sabine-seyffert.de\/blog\/wp-content\/uploads\/2015\/05\/Unbenannt-28.jpg\" alt=\"Unbenannt - 28\" width=\"600\" height=\"800\" srcset=\"https:\/\/www.sabine-seyffert.de\/blog\/wp-content\/uploads\/2015\/05\/Unbenannt-28.jpg 600w, https:\/\/www.sabine-seyffert.de\/blog\/wp-content\/uploads\/2015\/05\/Unbenannt-28-225x300.jpg 225w\" sizes=\"auto, (max-width: 600px) 100vw, 600px\" \/><\/a><\/p>\n<p style=\"text-align: justify;\">Wer nun neugierig ist und was entdecken m\u00f6chte, der kann weiter durch diesen kleinen Park hindurchschlendern oder, um diesen herum, durch die sch\u00f6ne Allee neben der Stra\u00dfe hergehen.<\/p>\n<p style=\"text-align: center;\">\u00a0\u00a0\u00a0\u00a0\u00a0\u00a0\u00a0\u00a0 <a href=\"http:\/\/www.sabine-seyffert.de\/blog\/wp-content\/uploads\/2015\/05\/Unbenannt-45.jpg\"><img loading=\"lazy\" decoding=\"async\" class=\"alignnone size-full wp-image-5571\" src=\"http:\/\/www.sabine-seyffert.de\/blog\/wp-content\/uploads\/2015\/05\/Unbenannt-45.jpg\" alt=\"Unbenannt - 45\" width=\"600\" height=\"800\" srcset=\"https:\/\/www.sabine-seyffert.de\/blog\/wp-content\/uploads\/2015\/05\/Unbenannt-45.jpg 600w, https:\/\/www.sabine-seyffert.de\/blog\/wp-content\/uploads\/2015\/05\/Unbenannt-45-225x300.jpg 225w\" sizes=\"auto, (max-width: 600px) 100vw, 600px\" \/><\/a><\/p>\n<p style=\"text-align: justify;\">Diese f\u00fchrt geradewegs zum Altenberger Dom, den man auch den \u201eBergischen Dom\u201c nennt.<\/p>\n<p style=\"text-align: center;\"><a href=\"http:\/\/www.sabine-seyffert.de\/blog\/wp-content\/uploads\/2015\/05\/Unbenannt-29.jpg\"><img loading=\"lazy\" decoding=\"async\" class=\"alignnone size-full wp-image-5567\" src=\"http:\/\/www.sabine-seyffert.de\/blog\/wp-content\/uploads\/2015\/05\/Unbenannt-29.jpg\" alt=\"Unbenannt - 29\" width=\"600\" height=\"800\" srcset=\"https:\/\/www.sabine-seyffert.de\/blog\/wp-content\/uploads\/2015\/05\/Unbenannt-29.jpg 600w, https:\/\/www.sabine-seyffert.de\/blog\/wp-content\/uploads\/2015\/05\/Unbenannt-29-225x300.jpg 225w\" sizes=\"auto, (max-width: 600px) 100vw, 600px\" \/><\/a><\/p>\n<p style=\"text-align: justify;\">Der Grundstein f\u00fcr den Bau wurde im Jahre 1133 gelegt. Erinnert Ihr Euch noch an die <a href=\"http:\/\/www.sabine-seyffert.de\/blog\/?p=3994\" target=\"_blank\" rel=\"noopener\">Grafen von Berg<\/a>? Diese wurden hier begraben.<\/p>\n<p style=\"text-align: center;\"><a href=\"http:\/\/www.sabine-seyffert.de\/blog\/wp-content\/uploads\/2015\/05\/Unbenannt-46.jpg\"><img loading=\"lazy\" decoding=\"async\" class=\"alignnone size-full wp-image-5568\" src=\"http:\/\/www.sabine-seyffert.de\/blog\/wp-content\/uploads\/2015\/05\/Unbenannt-46.jpg\" alt=\"Unbenannt - 46\" width=\"600\" height=\"800\" srcset=\"https:\/\/www.sabine-seyffert.de\/blog\/wp-content\/uploads\/2015\/05\/Unbenannt-46.jpg 600w, https:\/\/www.sabine-seyffert.de\/blog\/wp-content\/uploads\/2015\/05\/Unbenannt-46-225x300.jpg 225w\" sizes=\"auto, (max-width: 600px) 100vw, 600px\" \/><\/a><\/p>\n<p style=\"text-align: justify;\">Der Dom wurde im Jahre 1815 durch einen Brand zerst\u00f6rt und musste im Anschluss wieder neu aufgebaut werden. Der Wiederaufbau begann 1833 und dauerte mehrere Jahre.<\/p>\n<p style=\"text-align: center;\"><a href=\"http:\/\/www.sabine-seyffert.de\/blog\/wp-content\/uploads\/2015\/05\/Unbenannt-31.jpg\"><img loading=\"lazy\" decoding=\"async\" class=\"alignnone size-full wp-image-5575\" src=\"http:\/\/www.sabine-seyffert.de\/blog\/wp-content\/uploads\/2015\/05\/Unbenannt-31.jpg\" alt=\"Unbenannt - 31\" width=\"600\" height=\"800\" srcset=\"https:\/\/www.sabine-seyffert.de\/blog\/wp-content\/uploads\/2015\/05\/Unbenannt-31.jpg 600w, https:\/\/www.sabine-seyffert.de\/blog\/wp-content\/uploads\/2015\/05\/Unbenannt-31-225x300.jpg 225w\" sizes=\"auto, (max-width: 600px) 100vw, 600px\" \/><\/a><\/p>\n<p style=\"text-align: justify;\">Direkt neben dem Dom gibt es einen sch\u00f6nen Museumsshop, in dem man bei Bedarf ein wenig st\u00f6bern kann. Daneben liegt das Haus Altenberg, das meines Wissen nach als Tagungshaus &amp; Herberge sowie als Jugendbildungsst\u00e4tte dient.<\/p>\n<p style=\"text-align: center;\"><a href=\"http:\/\/www.sabine-seyffert.de\/blog\/wp-content\/uploads\/2015\/05\/Unbenannt-32.jpg\"><img loading=\"lazy\" decoding=\"async\" class=\"alignnone size-full wp-image-5576\" src=\"http:\/\/www.sabine-seyffert.de\/blog\/wp-content\/uploads\/2015\/05\/Unbenannt-32.jpg\" alt=\"Unbenannt - 32\" width=\"600\" height=\"800\" srcset=\"https:\/\/www.sabine-seyffert.de\/blog\/wp-content\/uploads\/2015\/05\/Unbenannt-32.jpg 600w, https:\/\/www.sabine-seyffert.de\/blog\/wp-content\/uploads\/2015\/05\/Unbenannt-32-225x300.jpg 225w\" sizes=\"auto, (max-width: 600px) 100vw, 600px\" \/><\/a><\/p>\n<p style=\"text-align: justify;\">Ebenso gibt es hier den Altenberger Hof, ein Hotel mit Gastronomie f\u00fcr die G\u00e4ste. Besonders gefallen hat mir der so genannte \u201eK\u00fcchenhof\u201c.<\/p>\n<p style=\"text-align: center;\"><a href=\"http:\/\/www.sabine-seyffert.de\/blog\/wp-content\/uploads\/2015\/05\/Unbenannt-33.jpg\"><img loading=\"lazy\" decoding=\"async\" class=\"alignnone size-full wp-image-5577\" src=\"http:\/\/www.sabine-seyffert.de\/blog\/wp-content\/uploads\/2015\/05\/Unbenannt-33.jpg\" alt=\"Unbenannt - 33\" width=\"600\" height=\"800\" srcset=\"https:\/\/www.sabine-seyffert.de\/blog\/wp-content\/uploads\/2015\/05\/Unbenannt-33.jpg 600w, https:\/\/www.sabine-seyffert.de\/blog\/wp-content\/uploads\/2015\/05\/Unbenannt-33-225x300.jpg 225w\" sizes=\"auto, (max-width: 600px) 100vw, 600px\" \/><\/a><\/p>\n<p style=\"text-align: justify;\">Wer hier durch den Torbogen wandert, kommt in einen gem\u00fctlichen Innenhof mit Restaurant, einer T\u00f6pferei (bei der mir nat\u00fcrlich gleich Lotta in den Sinn kam), einem Kr\u00e4utergarten, einem Atelier und einigen anderen sehenswerten Sachen.<\/p>\n<p style=\"text-align: center;\"><a href=\"http:\/\/www.sabine-seyffert.de\/blog\/wp-content\/uploads\/2015\/05\/Unbenannt-39.jpg\"><img loading=\"lazy\" decoding=\"async\" class=\"alignnone size-full wp-image-5572\" src=\"http:\/\/www.sabine-seyffert.de\/blog\/wp-content\/uploads\/2015\/05\/Unbenannt-39.jpg\" alt=\"Unbenannt - 39\" width=\"600\" height=\"800\" srcset=\"https:\/\/www.sabine-seyffert.de\/blog\/wp-content\/uploads\/2015\/05\/Unbenannt-39.jpg 600w, https:\/\/www.sabine-seyffert.de\/blog\/wp-content\/uploads\/2015\/05\/Unbenannt-39-225x300.jpg 225w\" sizes=\"auto, (max-width: 600px) 100vw, 600px\" \/><\/a><\/p>\n<p style=\"text-align: justify;\">Um den Altenberger Dom herum befinden sich \u00fcbrigens zahlreiche, sch\u00f6ne Wanderwege. Wer sich noch nicht genug die Beine vertreten hat, kann sich somit gleich hier auf eine Wanderung begeben!<\/p>\n<p style=\"text-align: center;\"><a href=\"http:\/\/www.sabine-seyffert.de\/blog\/wp-content\/uploads\/2015\/05\/Unbenannt-36.jpg\"><img loading=\"lazy\" decoding=\"async\" class=\"alignnone size-full wp-image-5573\" src=\"http:\/\/www.sabine-seyffert.de\/blog\/wp-content\/uploads\/2015\/05\/Unbenannt-36.jpg\" alt=\"Unbenannt - 36\" width=\"600\" height=\"800\" srcset=\"https:\/\/www.sabine-seyffert.de\/blog\/wp-content\/uploads\/2015\/05\/Unbenannt-36.jpg 600w, https:\/\/www.sabine-seyffert.de\/blog\/wp-content\/uploads\/2015\/05\/Unbenannt-36-225x300.jpg 225w\" sizes=\"auto, (max-width: 600px) 100vw, 600px\" \/><\/a><\/p>\n<p style=\"text-align: justify;\">Zum Schluss ein herzlicher Dank Eva Ehrnstorfer vom <a href=\"http:\/\/www.altenberger-dom.de\/\" target=\"_blank\" rel=\"noopener\">Altenberger Dom<\/a> f\u00fcr die Genehmigung meine im Dom gemachten Fotos hier ver\u00f6ffentlichen zu d\u00fcrfen!<\/p>\n<p style=\"text-align: center;\"><a href=\"http:\/\/www.sabine-seyffert.de\/blog\/wp-content\/uploads\/2015\/05\/Unbenannt-35.jpg\"><img loading=\"lazy\" decoding=\"async\" class=\"alignnone size-full wp-image-5579\" src=\"http:\/\/www.sabine-seyffert.de\/blog\/wp-content\/uploads\/2015\/05\/Unbenannt-35.jpg\" alt=\"Unbenannt - 35\" width=\"600\" height=\"800\" srcset=\"https:\/\/www.sabine-seyffert.de\/blog\/wp-content\/uploads\/2015\/05\/Unbenannt-35.jpg 600w, https:\/\/www.sabine-seyffert.de\/blog\/wp-content\/uploads\/2015\/05\/Unbenannt-35-225x300.jpg 225w\" sizes=\"auto, (max-width: 600px) 100vw, 600px\" \/><\/a><br \/>\n<a href=\"http:\/\/www.sabine-seyffert.de\/blog\/?page_id=32#urheberrecht\">urheberrechtlich gesch\u00fctzt<\/a>, \u00a9 Sabine Seyffert<\/p>\n","protected":false},"excerpt":{"rendered":"<p>Ein langes Wochenende liegt vor uns \u2013 eine wunderbare Gelegenheit wieder mal einen Ausflug zu unternehmen. Dieses Mal nehme ich euch wieder einmal mit nach Altenberg! Wer einmal nach Altenberg reist, sollte sich ruhig etwas Zeit nehmen. U.a. gibt es dort den Altenberger Dom, der gleich neben dem Deutschen M\u00e4rchenwald liegt (von dem ich hier&#8230; <a href=\"https:\/\/www.sabine-seyffert.de\/blog\/ein-sonniger-ausflug-nach-altenberg\/\" class=\"more-link\">Read more: Ein sonniger Ausflug nach Altenberg<\/a><\/p>\n","protected":false},"author":2,"featured_media":5576,"comment_status":"open","ping_status":"open","sticky":false,"template":"","format":"standard","meta":{"_metis_text_type":"","_metis_text_length":2822,"_post_count":0,"footnotes":""},"categories":[39],"tags":[],"class_list":["post-5561","post","type-post","status-publish","format-standard","has-post-thumbnail","hentry","category-ausfluge-co"],"_links":{"self":[{"href":"https:\/\/www.sabine-seyffert.de\/blog\/wp-json\/wp\/v2\/posts\/5561","targetHints":{"allow":["GET"]}}],"collection":[{"href":"https:\/\/www.sabine-seyffert.de\/blog\/wp-json\/wp\/v2\/posts"}],"about":[{"href":"https:\/\/www.sabine-seyffert.de\/blog\/wp-json\/wp\/v2\/types\/post"}],"author":[{"embeddable":true,"href":"https:\/\/www.sabine-seyffert.de\/blog\/wp-json\/wp\/v2\/users\/2"}],"replies":[{"embeddable":true,"href":"https:\/\/www.sabine-seyffert.de\/blog\/wp-json\/wp\/v2\/comments?post=5561"}],"version-history":[{"count":9,"href":"https:\/\/www.sabine-seyffert.de\/blog\/wp-json\/wp\/v2\/posts\/5561\/revisions"}],"predecessor-version":[{"id":12841,"href":"https:\/\/www.sabine-seyffert.de\/blog\/wp-json\/wp\/v2\/posts\/5561\/revisions\/12841"}],"wp:featuredmedia":[{"embeddable":true,"href":"https:\/\/www.sabine-seyffert.de\/blog\/wp-json\/wp\/v2\/media\/5576"}],"wp:attachment":[{"href":"https:\/\/www.sabine-seyffert.de\/blog\/wp-json\/wp\/v2\/media?parent=5561"}],"wp:term":[{"taxonomy":"category","embeddable":true,"href":"https:\/\/www.sabine-seyffert.de\/blog\/wp-json\/wp\/v2\/categories?post=5561"},{"taxonomy":"post_tag","embeddable":true,"href":"https:\/\/www.sabine-seyffert.de\/blog\/wp-json\/wp\/v2\/tags?post=5561"}],"curies":[{"name":"wp","href":"https:\/\/api.w.org\/{rel}","templated":true}]}}