{"id":5533,"date":"2015-05-08T10:42:49","date_gmt":"2015-05-08T08:42:49","guid":{"rendered":"http:\/\/www.sabine-seyffert.de\/blog\/?p=5533"},"modified":"2017-03-02T13:46:06","modified_gmt":"2017-03-02T11:46:06","slug":"wuerziger-brotaufstrich-mit-feta-baerlauch-blitzschnell-selbst-gemacht","status":"publish","type":"post","link":"https:\/\/www.sabine-seyffert.de\/blog\/wuerziger-brotaufstrich-mit-feta-baerlauch-blitzschnell-selbst-gemacht\/","title":{"rendered":"W\u00fcrziger Brotaufstrich mit Feta &#038; B\u00e4rlauch &#8211; blitzschnell selbst gemacht"},"content":{"rendered":"<p style=\"text-align: justify;\"><img loading=\"lazy\" decoding=\"async\" src=\"https:\/\/ssl-vg03.met.vgwort.de\/na\/642b54434c3c4d8e93d64eb1d214d84e\" alt=\"\" width=\"1\" height=\"1\" \/>Bevor unser Vorrat zu Ende geht und wir sehns\u00fcchtig wieder bis zum n\u00e4chsten Jahr warten m\u00fcssen, gibt es noch schnell einen super leckeren Frischk\u00e4seaufstrich mit B\u00e4rlauch\u2026 Also schnell eine handvoll B\u00e4rlauch abgeschnitten und ab damit in den Messbecher!<\/p>\n<p style=\"text-align: center;\"><a href=\"http:\/\/www.sabine-seyffert.de\/blog\/wp-content\/uploads\/2015\/05\/A-21.jpg\"><img loading=\"lazy\" decoding=\"async\" class=\"alignnone size-full wp-image-5534\" src=\"http:\/\/www.sabine-seyffert.de\/blog\/wp-content\/uploads\/2015\/05\/A-21.jpg\" alt=\"A 2\" width=\"800\" height=\"600\" srcset=\"https:\/\/www.sabine-seyffert.de\/blog\/wp-content\/uploads\/2015\/05\/A-21.jpg 800w, https:\/\/www.sabine-seyffert.de\/blog\/wp-content\/uploads\/2015\/05\/A-21-300x225.jpg 300w\" sizes=\"auto, (max-width: 800px) 100vw, 800px\" \/><\/a><\/p>\n<p style=\"text-align: justify;\"><strong>Das wird gebraucht:<\/strong><br \/>\n1 Bund B\u00e4rlauch (ca. 100 gr), 200 gr echter (!) Schafsk\u00e4se, 200 gr Frischk\u00e4se, frisch gemahlener Pfeffer, etwas Kr\u00e4utersalz<\/p>\n<p style=\"text-align: center;\"><a href=\"http:\/\/www.sabine-seyffert.de\/blog\/wp-content\/uploads\/2015\/05\/A-11.jpg\"><img loading=\"lazy\" decoding=\"async\" class=\"alignnone size-full wp-image-5535\" src=\"http:\/\/www.sabine-seyffert.de\/blog\/wp-content\/uploads\/2015\/05\/A-11.jpg\" alt=\"A 1\" width=\"800\" height=\"600\" srcset=\"https:\/\/www.sabine-seyffert.de\/blog\/wp-content\/uploads\/2015\/05\/A-11.jpg 800w, https:\/\/www.sabine-seyffert.de\/blog\/wp-content\/uploads\/2015\/05\/A-11-300x225.jpg 300w\" sizes=\"auto, (max-width: 800px) 100vw, 800px\" \/><\/a><\/p>\n<p style=\"text-align: justify;\"><strong>So wird\u2019s gemacht:<\/strong><br \/>\nIhr ahnt es sicher schon &#8211; mein P\u00fcrierstab kommt einfach nicht zur Ruhe. Aber das macht nichts. Heute wird der frisch geerntete B\u00e4rlauch ganz ratzfatz zu einem k\u00f6stlichen Brotaufstrich verarbeitet.<\/p>\n<p style=\"text-align: center;\"><a href=\"http:\/\/www.sabine-seyffert.de\/blog\/wp-content\/uploads\/2015\/05\/A-31.jpg\"><img loading=\"lazy\" decoding=\"async\" class=\"alignnone size-full wp-image-5536\" src=\"http:\/\/www.sabine-seyffert.de\/blog\/wp-content\/uploads\/2015\/05\/A-31.jpg\" alt=\"A 3\" width=\"600\" height=\"800\" srcset=\"https:\/\/www.sabine-seyffert.de\/blog\/wp-content\/uploads\/2015\/05\/A-31.jpg 600w, https:\/\/www.sabine-seyffert.de\/blog\/wp-content\/uploads\/2015\/05\/A-31-225x300.jpg 225w\" sizes=\"auto, (max-width: 600px) 100vw, 600px\" \/><\/a><\/p>\n<p style=\"text-align: justify;\">Dazu p\u00fcriert man den B\u00e4rlauch genau wie beim <a href=\"http:\/\/www.sabine-seyffert.de\/blog\/?p=5400\" target=\"_blank\">selbst gemachten Pesto<\/a> ganz fein. Anschlie\u00dfend gibt man den Schafsk\u00e4se, den Frischk\u00e4se sowie die Gew\u00fcrze dazu und p\u00fcriert nochmals alles gut durch bis eine cremige Masse entsteht.<\/p>\n<p style=\"text-align: center;\"><a href=\"http:\/\/www.sabine-seyffert.de\/blog\/wp-content\/uploads\/2015\/05\/A-41.jpg\"><img loading=\"lazy\" decoding=\"async\" class=\"alignnone size-full wp-image-5537\" src=\"http:\/\/www.sabine-seyffert.de\/blog\/wp-content\/uploads\/2015\/05\/A-41.jpg\" alt=\"A 4\" width=\"800\" height=\"600\" srcset=\"https:\/\/www.sabine-seyffert.de\/blog\/wp-content\/uploads\/2015\/05\/A-41.jpg 800w, https:\/\/www.sabine-seyffert.de\/blog\/wp-content\/uploads\/2015\/05\/A-41-300x225.jpg 300w\" sizes=\"auto, (max-width: 800px) 100vw, 800px\" \/><\/a><\/p>\n<p style=\"text-align: justify;\">Den Aufstrich kann man nun mit etwas frischem Pfeffer abschmecken und etwas Kr\u00e4utersalz dazu geben. Aber <span style=\"text-decoration: underline;\"><strong>Vorsicht<\/strong><\/span> \u2013 der B\u00e4rlauch ist sehr w\u00fcrzig und der Feta K\u00e4se als solches schon recht salzig. Daher mit dem Salz wirklich sparsam umgehen und lieber bei Bedarf nochmals nachw\u00fcrzen!<\/p>\n<p style=\"text-align: center;\"><a href=\"http:\/\/www.sabine-seyffert.de\/blog\/wp-content\/uploads\/2015\/05\/A-51.jpg\"><img loading=\"lazy\" decoding=\"async\" class=\"alignnone size-full wp-image-5538\" src=\"http:\/\/www.sabine-seyffert.de\/blog\/wp-content\/uploads\/2015\/05\/A-51.jpg\" alt=\"A 5\" width=\"800\" height=\"600\" srcset=\"https:\/\/www.sabine-seyffert.de\/blog\/wp-content\/uploads\/2015\/05\/A-51.jpg 800w, https:\/\/www.sabine-seyffert.de\/blog\/wp-content\/uploads\/2015\/05\/A-51-300x225.jpg 300w\" sizes=\"auto, (max-width: 800px) 100vw, 800px\" \/><\/a><\/p>\n<p style=\"text-align: justify;\">Wem der Aufstrich zu feste ist, der kann problemlos etwas fl\u00fcssige Sahne, einen Essl\u00f6ffel Sojaso\u00dfe und ein wenig Naturjoghurt unterheben, dann wird das Ganze etwas lockerer und l\u00e4sst sich auf dem Brot besser verstreichen.<\/p>\n<p style=\"text-align: center;\"><a href=\"http:\/\/www.sabine-seyffert.de\/blog\/wp-content\/uploads\/2015\/05\/A-7.jpg\"><img loading=\"lazy\" decoding=\"async\" class=\"alignnone size-full wp-image-5539\" src=\"http:\/\/www.sabine-seyffert.de\/blog\/wp-content\/uploads\/2015\/05\/A-7.jpg\" alt=\"A 7\" width=\"800\" height=\"600\" srcset=\"https:\/\/www.sabine-seyffert.de\/blog\/wp-content\/uploads\/2015\/05\/A-7.jpg 800w, https:\/\/www.sabine-seyffert.de\/blog\/wp-content\/uploads\/2015\/05\/A-7-300x225.jpg 300w\" sizes=\"auto, (max-width: 800px) 100vw, 800px\" \/><\/a><\/p>\n<p style=\"text-align: justify;\">Damit es sch\u00f6ner aussieht, kann man den Aufstrich nun in eine Glassch\u00fcssel oder ein kleines Einmachglas f\u00fcllen. Und beim Essen wandert der B\u00e4rlauchfrischk\u00e4se dann gleich auf ein knuspriges Br\u00f6tchen. Auch auf selbst gebackenem Brot schmeckt der Aufstrich klasse \u2013 ein leckeres Rezept daf\u00fcr findet Ihr \u00fcbrigens <a href=\"http:\/\/www.sabine-seyffert.de\/blog\/?p=5370\" target=\"_blank\">hier<\/a>.<\/p>\n<p style=\"text-align: center;\"><a href=\"http:\/\/www.sabine-seyffert.de\/blog\/wp-content\/uploads\/2015\/05\/A-6.jpg\"><img loading=\"lazy\" decoding=\"async\" class=\"alignnone size-full wp-image-5541\" src=\"http:\/\/www.sabine-seyffert.de\/blog\/wp-content\/uploads\/2015\/05\/A-6.jpg\" alt=\"A 6\" width=\"800\" height=\"588\" srcset=\"https:\/\/www.sabine-seyffert.de\/blog\/wp-content\/uploads\/2015\/05\/A-6.jpg 800w, https:\/\/www.sabine-seyffert.de\/blog\/wp-content\/uploads\/2015\/05\/A-6-300x221.jpg 300w\" sizes=\"auto, (max-width: 800px) 100vw, 800px\" \/><\/a><\/p>\n<p style=\"text-align: justify;\"><strong>Ein kleiner Tipp:<\/strong><br \/>\nDieser Aufstrich l\u00e4sst sich auch in ein kleines Marmeladenglas f\u00fcllen und verschenken. <a href=\"http:\/\/www.sabine-seyffert.de\/blog\/?cat=43\" target=\"_blank\">Geschenke aus der K\u00fcche <\/a>kommen erfahrungsgem\u00e4\u00df immer gut an. Falls Ihr noch eine passende Verpackung sucht, schaut doch einfach mal <a href=\"http:\/\/www.sabine-seyffert.de\/blog\/?p=5414\" target=\"_blank\">hier<\/a> vorbei!<\/p>\n<p style=\"text-align: justify;\"><a href=\"http:\/\/www.sabine-seyffert.de\/blog\/?page_id=32#urheberrecht\">urheberrechtlich gesch\u00fctzt<\/a>, \u00a9 Sabine Seyffert<\/p>\n<p style=\"text-align: justify;\">\n","protected":false},"excerpt":{"rendered":"<p>Bevor unser Vorrat zu Ende geht und wir sehns\u00fcchtig wieder bis zum n\u00e4chsten Jahr warten m\u00fcssen, gibt es noch schnell einen super leckeren Frischk\u00e4seaufstrich mit B\u00e4rlauch\u2026 Also schnell eine handvoll B\u00e4rlauch abgeschnitten und ab damit in den Messbecher! Das wird gebraucht: 1 Bund B\u00e4rlauch (ca. 100 gr), 200 gr echter (!) Schafsk\u00e4se, 200 gr Frischk\u00e4se,&#8230; <a href=\"https:\/\/www.sabine-seyffert.de\/blog\/wuerziger-brotaufstrich-mit-feta-baerlauch-blitzschnell-selbst-gemacht\/\" class=\"more-link\">Read more: W\u00fcrziger Brotaufstrich mit Feta &#038; B\u00e4rlauch &#8211; blitzschnell selbst gemacht<\/a><\/p>\n","protected":false},"author":2,"featured_media":0,"comment_status":"open","ping_status":"open","sticky":false,"template":"","format":"standard","meta":{"_metis_text_type":"","_metis_text_length":1960,"_post_count":0,"footnotes":""},"categories":[23,30],"tags":[],"class_list":["post-5533","post","type-post","status-publish","format-standard","hentry","category-fruhling","category-rezepte-herzhaft"],"_links":{"self":[{"href":"https:\/\/www.sabine-seyffert.de\/blog\/wp-json\/wp\/v2\/posts\/5533","targetHints":{"allow":["GET"]}}],"collection":[{"href":"https:\/\/www.sabine-seyffert.de\/blog\/wp-json\/wp\/v2\/posts"}],"about":[{"href":"https:\/\/www.sabine-seyffert.de\/blog\/wp-json\/wp\/v2\/types\/post"}],"author":[{"embeddable":true,"href":"https:\/\/www.sabine-seyffert.de\/blog\/wp-json\/wp\/v2\/users\/2"}],"replies":[{"embeddable":true,"href":"https:\/\/www.sabine-seyffert.de\/blog\/wp-json\/wp\/v2\/comments?post=5533"}],"version-history":[{"count":2,"href":"https:\/\/www.sabine-seyffert.de\/blog\/wp-json\/wp\/v2\/posts\/5533\/revisions"}],"predecessor-version":[{"id":9693,"href":"https:\/\/www.sabine-seyffert.de\/blog\/wp-json\/wp\/v2\/posts\/5533\/revisions\/9693"}],"wp:attachment":[{"href":"https:\/\/www.sabine-seyffert.de\/blog\/wp-json\/wp\/v2\/media?parent=5533"}],"wp:term":[{"taxonomy":"category","embeddable":true,"href":"https:\/\/www.sabine-seyffert.de\/blog\/wp-json\/wp\/v2\/categories?post=5533"},{"taxonomy":"post_tag","embeddable":true,"href":"https:\/\/www.sabine-seyffert.de\/blog\/wp-json\/wp\/v2\/tags?post=5533"}],"curies":[{"name":"wp","href":"https:\/\/api.w.org\/{rel}","templated":true}]}}