{"id":5494,"date":"2015-05-03T11:08:37","date_gmt":"2015-05-03T09:08:37","guid":{"rendered":"http:\/\/www.sabine-seyffert.de\/blog\/?p=5494"},"modified":"2017-03-02T13:48:24","modified_gmt":"2017-03-02T11:48:24","slug":"fuchsgeburtstag-wir-gehen-auf-fuchs-safari","status":"publish","type":"post","link":"https:\/\/www.sabine-seyffert.de\/blog\/fuchsgeburtstag-wir-gehen-auf-fuchs-safari\/","title":{"rendered":"Fuchsgeburtstag: Wir gehen auf Fuchs-Safari!"},"content":{"rendered":"<p style=\"text-align: center;\"><img loading=\"lazy\" decoding=\"async\" src=\"https:\/\/ssl-vg03.met.vgwort.de\/na\/b8ee123a6da54f3db9309cecc9a93a0a\" alt=\"\" width=\"1\" height=\"1\" \/><a href=\"http:\/\/www.sabine-seyffert.de\/blog\/wp-content\/uploads\/2015\/05\/7.jpg\"><img loading=\"lazy\" decoding=\"async\" class=\"alignnone size-full wp-image-5495\" src=\"http:\/\/www.sabine-seyffert.de\/blog\/wp-content\/uploads\/2015\/05\/7.jpg\" alt=\"7\" width=\"800\" height=\"559\" srcset=\"https:\/\/www.sabine-seyffert.de\/blog\/wp-content\/uploads\/2015\/05\/7.jpg 800w, https:\/\/www.sabine-seyffert.de\/blog\/wp-content\/uploads\/2015\/05\/7-300x210.jpg 300w\" sizes=\"auto, (max-width: 800px) 100vw, 800px\" \/><\/a><\/p>\n<p style=\"text-align: justify;\">Da der Regen freundlicherweise eine Stunde Pause f\u00fcr unsere Fuchsfeier gemacht hat, wurden alle Partyg\u00e4ste mit einem <a href=\"http:\/\/www.sabine-seyffert.de\/blog\/?p=5465\" target=\"_blank\">Fuchsamulett<\/a> ausgestattet und dann ging es auf <a href=\"http:\/\/www.vohwinkel.net\/geschichte\/fuechse.htm\" target=\"_blank\">Fuchs-Safari<\/a>!<\/p>\n<p style=\"text-align: center;\"><a href=\"http:\/\/www.sabine-seyffert.de\/blog\/wp-content\/uploads\/2015\/05\/1.jpg\"><img loading=\"lazy\" decoding=\"async\" class=\"alignnone size-full wp-image-5496\" src=\"http:\/\/www.sabine-seyffert.de\/blog\/wp-content\/uploads\/2015\/05\/1.jpg\" alt=\"1\" width=\"800\" height=\"550\" srcset=\"https:\/\/www.sabine-seyffert.de\/blog\/wp-content\/uploads\/2015\/05\/1.jpg 800w, https:\/\/www.sabine-seyffert.de\/blog\/wp-content\/uploads\/2015\/05\/1-300x206.jpg 300w\" sizes=\"auto, (max-width: 800px) 100vw, 800px\" \/><\/a><\/p>\n<p style=\"text-align: justify;\">Jedes Kind durfte vorab Tipps abgeben: Wie viele F\u00fcchse werden wir unterwegs ersp\u00e4hen und wie viele Tiere sehen wir insgesamt auf unserem Gro\u00dfstadt Abenteuer? Dazu wurden in einer Liste ordnungsgem\u00e4\u00df alle Namen der Kinder notiert und die getippte Anzahl.<\/p>\n<p style=\"text-align: center;\"><a href=\"http:\/\/www.sabine-seyffert.de\/blog\/wp-content\/uploads\/2015\/05\/4.jpg\"><img loading=\"lazy\" decoding=\"async\" class=\"alignnone size-full wp-image-5498\" src=\"http:\/\/www.sabine-seyffert.de\/blog\/wp-content\/uploads\/2015\/05\/4.jpg\" alt=\"4\" width=\"600\" height=\"674\" srcset=\"https:\/\/www.sabine-seyffert.de\/blog\/wp-content\/uploads\/2015\/05\/4.jpg 600w, https:\/\/www.sabine-seyffert.de\/blog\/wp-content\/uploads\/2015\/05\/4-267x300.jpg 267w\" sizes=\"auto, (max-width: 600px) 100vw, 600px\" \/><\/a><\/p>\n<p style=\"text-align: justify;\">Bewaffnet mit einem Block, Stift, Fotoapparat ging es dann nach Drau\u00dfen. Schon auf dem Weg zum Spielplatz hatten wir unz\u00e4hlige Tiere entdeckt, darunter auch sogar den ersten Fuchs! Dabei haben wir versucht jedes Tier mit samt seinem \u201eEntdecker\u201c als Foto abzulichten.<\/p>\n<p style=\"text-align: center;\"><a href=\"http:\/\/www.sabine-seyffert.de\/blog\/wp-content\/uploads\/2015\/05\/5.jpg\"><img loading=\"lazy\" decoding=\"async\" class=\"alignnone size-full wp-image-5499\" src=\"http:\/\/www.sabine-seyffert.de\/blog\/wp-content\/uploads\/2015\/05\/5.jpg\" alt=\"5\" width=\"600\" height=\"379\" srcset=\"https:\/\/www.sabine-seyffert.de\/blog\/wp-content\/uploads\/2015\/05\/5.jpg 600w, https:\/\/www.sabine-seyffert.de\/blog\/wp-content\/uploads\/2015\/05\/5-300x190.jpg 300w\" sizes=\"auto, (max-width: 600px) 100vw, 600px\" \/><\/a><\/p>\n<p style=\"text-align: justify;\">Am Start unserer Fuchs Safari trafen wir auf einen \u00e4lteren Herrn mit Hund, der sich \u00fcber unsere Fuchsbande sehr freute. Er habe auch einen Fuchs an seiner Kappe, erz\u00e4hlte er den Kindern freudig. Diesen Fuchs durften wir freundlicherweise ebenfalls fotografieren. Und als die Kinder dann ihrerseits berichteten, dass wir auf der Suche nach Tieren sind, zeigte der Mann den Kindern voller Eifer weitere Tiere in der N\u00e4he. Am liebsten w\u00e4re er wohl mit marschiert. Allerdings waren die Kinder so im Feuereifer, dass wir mit unserem Block und Kamera kaum hinter her kamen \ud83d\ude09<\/p>\n<p style=\"text-align: center;\"><a href=\"http:\/\/www.sabine-seyffert.de\/blog\/wp-content\/uploads\/2015\/05\/2.jpg\"><img loading=\"lazy\" decoding=\"async\" class=\"alignnone size-full wp-image-5500\" src=\"http:\/\/www.sabine-seyffert.de\/blog\/wp-content\/uploads\/2015\/05\/2.jpg\" alt=\"2\" width=\"800\" height=\"600\" srcset=\"https:\/\/www.sabine-seyffert.de\/blog\/wp-content\/uploads\/2015\/05\/2.jpg 800w, https:\/\/www.sabine-seyffert.de\/blog\/wp-content\/uploads\/2015\/05\/2-300x225.jpg 300w\" sizes=\"auto, (max-width: 800px) 100vw, 800px\" \/><\/a><\/p>\n<p style=\"text-align: justify;\">Sehr erstaunlich war, wie verschieden die Tierarten waren, die die Kinder unterwegs so fanden. Angefangen von einem Hirsch im Schaufenster, \u00fcber Salamander, Seepferdchen, B\u00e4r und Schlange, einen Papageien, bunte Eulen im Auto, bis hin zu fliegenden V\u00f6geln in der Luft waren zahlreiche Tiere mit von der Partie.<\/p>\n<p style=\"text-align: center;\"><a href=\"http:\/\/www.sabine-seyffert.de\/blog\/wp-content\/uploads\/2015\/05\/11.jpg\"><img loading=\"lazy\" decoding=\"async\" class=\"alignnone size-full wp-image-5501\" src=\"http:\/\/www.sabine-seyffert.de\/blog\/wp-content\/uploads\/2015\/05\/11.jpg\" alt=\"11\" width=\"600\" height=\"657\" srcset=\"https:\/\/www.sabine-seyffert.de\/blog\/wp-content\/uploads\/2015\/05\/11.jpg 600w, https:\/\/www.sabine-seyffert.de\/blog\/wp-content\/uploads\/2015\/05\/11-274x300.jpg 274w\" sizes=\"auto, (max-width: 600px) 100vw, 600px\" \/><\/a><\/p>\n<p style=\"text-align: justify;\">Die lebendigen Tiere lie\u00dfen sich hierbei jedoch ausgesprochen schlecht einfangen, da gerade V\u00f6gel bereits verschwunden waren, bevor mein Fotoapparat diese einfangen konnte\u2026<\/p>\n<p style=\"text-align: center;\"><a href=\"http:\/\/www.sabine-seyffert.de\/blog\/wp-content\/uploads\/2015\/05\/6.jpg\"><img loading=\"lazy\" decoding=\"async\" class=\"alignnone size-full wp-image-5502\" src=\"http:\/\/www.sabine-seyffert.de\/blog\/wp-content\/uploads\/2015\/05\/6.jpg\" alt=\"6\" width=\"600\" height=\"800\" srcset=\"https:\/\/www.sabine-seyffert.de\/blog\/wp-content\/uploads\/2015\/05\/6.jpg 600w, https:\/\/www.sabine-seyffert.de\/blog\/wp-content\/uploads\/2015\/05\/6-225x300.jpg 225w\" sizes=\"auto, (max-width: 600px) 100vw, 600px\" \/><\/a><\/p>\n<p style=\"text-align: justify;\">Unterwegs, als es gerade wieder zu regnen begann, haben wir eine Pause im Eiscaf\u00e9 gemacht. Selbst hier haben wir Tiere entdecken k\u00f6nnen. Das au\u00dfergew\u00f6hnlichste war hierbei wohl die \u201eBiene Maja\u201c, die auf der Speisekarte stand.<\/p>\n<p style=\"text-align: center;\"><a href=\"http:\/\/www.sabine-seyffert.de\/blog\/wp-content\/uploads\/2015\/05\/13.jpg\"><img loading=\"lazy\" decoding=\"async\" class=\"alignnone size-full wp-image-5503\" src=\"http:\/\/www.sabine-seyffert.de\/blog\/wp-content\/uploads\/2015\/05\/13.jpg\" alt=\"13\" width=\"800\" height=\"598\" srcset=\"https:\/\/www.sabine-seyffert.de\/blog\/wp-content\/uploads\/2015\/05\/13.jpg 800w, https:\/\/www.sabine-seyffert.de\/blog\/wp-content\/uploads\/2015\/05\/13-300x224.jpg 300w\" sizes=\"auto, (max-width: 800px) 100vw, 800px\" \/><\/a><\/p>\n<p style=\"text-align: justify;\">Als wir nach Hause kamen, hatten wir \u00fcber 20 gez\u00e4hlte F\u00fcchse im Gep\u00e4ck \u2013 eine ganze Menge und vor allen Dingen deutlich mehr, als wir auf unserer <a href=\"http:\/\/www.sabine-seyffert.de\/blog\/?p=3122\" target=\"_blank\">herbstlichen Fuchsjagd<\/a> im Herbst gefunden haben!<\/p>\n<p style=\"text-align: center;\"><a href=\"http:\/\/www.sabine-seyffert.de\/blog\/wp-content\/uploads\/2015\/05\/9.jpg\"><img loading=\"lazy\" decoding=\"async\" class=\"alignnone size-full wp-image-5504\" src=\"http:\/\/www.sabine-seyffert.de\/blog\/wp-content\/uploads\/2015\/05\/9.jpg\" alt=\"9\" width=\"800\" height=\"401\" srcset=\"https:\/\/www.sabine-seyffert.de\/blog\/wp-content\/uploads\/2015\/05\/9.jpg 800w, https:\/\/www.sabine-seyffert.de\/blog\/wp-content\/uploads\/2015\/05\/9-300x150.jpg 300w\" sizes=\"auto, (max-width: 800px) 100vw, 800px\" \/><\/a><br \/>\n<a href=\"http:\/\/www.sabine-seyffert.de\/blog\/?page_id=32#urheberrecht\">urheberrechtlich gesch\u00fctzt<\/a>, \u00a9 Sabine Seyffert<\/p>\n","protected":false},"excerpt":{"rendered":"<p>Da der Regen freundlicherweise eine Stunde Pause f\u00fcr unsere Fuchsfeier gemacht hat, wurden alle Partyg\u00e4ste mit einem Fuchsamulett ausgestattet und dann ging es auf Fuchs-Safari! Jedes Kind durfte vorab Tipps abgeben: Wie viele F\u00fcchse werden wir unterwegs ersp\u00e4hen und wie viele Tiere sehen wir insgesamt auf unserem Gro\u00dfstadt Abenteuer? Dazu wurden in einer Liste ordnungsgem\u00e4\u00df&#8230; <a href=\"https:\/\/www.sabine-seyffert.de\/blog\/fuchsgeburtstag-wir-gehen-auf-fuchs-safari\/\" class=\"more-link\">Read more: Fuchsgeburtstag: Wir gehen auf Fuchs-Safari!<\/a><\/p>\n","protected":false},"author":2,"featured_media":0,"comment_status":"open","ping_status":"open","sticky":false,"template":"","format":"standard","meta":{"_metis_text_type":"","_metis_text_length":2219,"_post_count":0,"footnotes":""},"categories":[39,45,21,10],"tags":[],"class_list":["post-5494","post","type-post","status-publish","format-standard","hentry","category-ausfluge-co","category-fuchsgeburtstag","category-kinderfeste-partys","category-spiel-spas"],"_links":{"self":[{"href":"https:\/\/www.sabine-seyffert.de\/blog\/wp-json\/wp\/v2\/posts\/5494","targetHints":{"allow":["GET"]}}],"collection":[{"href":"https:\/\/www.sabine-seyffert.de\/blog\/wp-json\/wp\/v2\/posts"}],"about":[{"href":"https:\/\/www.sabine-seyffert.de\/blog\/wp-json\/wp\/v2\/types\/post"}],"author":[{"embeddable":true,"href":"https:\/\/www.sabine-seyffert.de\/blog\/wp-json\/wp\/v2\/users\/2"}],"replies":[{"embeddable":true,"href":"https:\/\/www.sabine-seyffert.de\/blog\/wp-json\/wp\/v2\/comments?post=5494"}],"version-history":[{"count":4,"href":"https:\/\/www.sabine-seyffert.de\/blog\/wp-json\/wp\/v2\/posts\/5494\/revisions"}],"predecessor-version":[{"id":9694,"href":"https:\/\/www.sabine-seyffert.de\/blog\/wp-json\/wp\/v2\/posts\/5494\/revisions\/9694"}],"wp:attachment":[{"href":"https:\/\/www.sabine-seyffert.de\/blog\/wp-json\/wp\/v2\/media?parent=5494"}],"wp:term":[{"taxonomy":"category","embeddable":true,"href":"https:\/\/www.sabine-seyffert.de\/blog\/wp-json\/wp\/v2\/categories?post=5494"},{"taxonomy":"post_tag","embeddable":true,"href":"https:\/\/www.sabine-seyffert.de\/blog\/wp-json\/wp\/v2\/tags?post=5494"}],"curies":[{"name":"wp","href":"https:\/\/api.w.org\/{rel}","templated":true}]}}