{"id":5465,"date":"2015-04-28T05:50:57","date_gmt":"2015-04-28T03:50:57","guid":{"rendered":"http:\/\/www.sabine-seyffert.de\/blog\/?p=5465"},"modified":"2017-03-02T13:55:58","modified_gmt":"2017-03-02T11:55:58","slug":"fuchsgeburtstag-ein-amulett-fuer-schlaue-fuechse","status":"publish","type":"post","link":"https:\/\/www.sabine-seyffert.de\/blog\/fuchsgeburtstag-ein-amulett-fuer-schlaue-fuechse\/","title":{"rendered":"Fuchsgeburtstag: Ein Amulett f\u00fcr schlaue F\u00fcchse"},"content":{"rendered":"<p style=\"text-align: justify;\"><img loading=\"lazy\" decoding=\"async\" src=\"https:\/\/ssl-vg03.met.vgwort.de\/na\/f12e8c101ee04efa8eeaf178f5aa73e3\" alt=\"\" width=\"1\" height=\"1\" \/>Wenn man eine Motto Party feiert \u2013 dann auch richtig! Also habe ich einen Vormittag dazu genutzt um f\u00fcr unsere geplante Fuchs Safari einen Schwung an dekorativen Amuletten anzufertigen. Da kam es gerade recht, dass von einem Einkauf ein gr\u00f6\u00dferer, wei\u00dfer Pappkarton \u00fcbrig geblieben war. Den konnte ich praktischerweise f\u00fcr die upcycelten Amulette nutzen.<\/p>\n<p style=\"text-align: center;\"><a href=\"http:\/\/www.sabine-seyffert.de\/blog\/wp-content\/uploads\/2015\/04\/A-18.jpg\"><img loading=\"lazy\" decoding=\"async\" class=\"alignnone size-full wp-image-5466\" src=\"http:\/\/www.sabine-seyffert.de\/blog\/wp-content\/uploads\/2015\/04\/A-18.jpg\" alt=\"A 1\" width=\"600\" height=\"800\" srcset=\"https:\/\/www.sabine-seyffert.de\/blog\/wp-content\/uploads\/2015\/04\/A-18.jpg 600w, https:\/\/www.sabine-seyffert.de\/blog\/wp-content\/uploads\/2015\/04\/A-18-225x300.jpg 225w\" sizes=\"auto, (max-width: 600px) 100vw, 600px\" \/><\/a><\/p>\n<p style=\"text-align: justify;\"><strong>Das wird gebraucht:<\/strong><br \/>\nEinen wei\u00dfen Pappkarton, Bleistift, Radiergummi, ein scharfes Bastelmesser \/ Cutter, eine Nietenzange, kleinere Metall\u00f6sen, Kordel, orangefarbener Tonkarton, ein kleines St\u00fcck braunes Tonpapier, Schere, Klebstoff und eine Lochzange<\/p>\n<p style=\"text-align: center;\"><a href=\"http:\/\/www.sabine-seyffert.de\/blog\/wp-content\/uploads\/2015\/04\/A-27.jpg\"><img loading=\"lazy\" decoding=\"async\" class=\"alignnone size-full wp-image-5467\" src=\"http:\/\/www.sabine-seyffert.de\/blog\/wp-content\/uploads\/2015\/04\/A-27.jpg\" alt=\"A 2\" width=\"800\" height=\"600\" srcset=\"https:\/\/www.sabine-seyffert.de\/blog\/wp-content\/uploads\/2015\/04\/A-27.jpg 800w, https:\/\/www.sabine-seyffert.de\/blog\/wp-content\/uploads\/2015\/04\/A-27-300x225.jpg 300w\" sizes=\"auto, (max-width: 800px) 100vw, 800px\" \/><\/a><\/p>\n<p style=\"text-align: justify;\"><strong>So wird\u2019s gemacht:<\/strong><br \/>\nAls erstes habe ich mir auf einem Restst\u00fcck Pappe eine Schablone f\u00fcr einen Fuchskopf gezeichnet. Dieser hatte in etwa die Gr\u00f6\u00dfe 13 x 18 cm. In der Anzahl der geladenen G\u00e4ste habe ich die Fuchsk\u00f6pfe auf den wei\u00dfen Karton gezeichnet und anschlie\u00dfend mit dem Bastelmesser ausgeritzt.<\/p>\n<p style=\"text-align: center;\"><a href=\"http:\/\/www.sabine-seyffert.de\/blog\/wp-content\/uploads\/2015\/04\/A-36.jpg\"><img loading=\"lazy\" decoding=\"async\" class=\"alignnone size-full wp-image-5468\" src=\"http:\/\/www.sabine-seyffert.de\/blog\/wp-content\/uploads\/2015\/04\/A-36.jpg\" alt=\"A 3\" width=\"800\" height=\"600\" srcset=\"https:\/\/www.sabine-seyffert.de\/blog\/wp-content\/uploads\/2015\/04\/A-36.jpg 800w, https:\/\/www.sabine-seyffert.de\/blog\/wp-content\/uploads\/2015\/04\/A-36-300x225.jpg 300w\" sizes=\"auto, (max-width: 800px) 100vw, 800px\" \/><\/a><\/p>\n<p style=\"text-align: justify;\">Damit die wei\u00dfen Pappst\u00fccke auch wirklich einem Fuchs \u00e4hnlich sehen, habe ich den oberen Teil mit einem St\u00fcck orangefarbenem Tonkarton beklebt. Dazu kann man sich einfach den Kartonfuchs aus das farbige Papier legen und den Rand mit Bleistift nachfahren.<\/p>\n<p style=\"text-align: center;\"><a href=\"http:\/\/www.sabine-seyffert.de\/blog\/wp-content\/uploads\/2015\/04\/A-45.jpg\"><img loading=\"lazy\" decoding=\"async\" class=\"alignnone size-full wp-image-5469\" src=\"http:\/\/www.sabine-seyffert.de\/blog\/wp-content\/uploads\/2015\/04\/A-45.jpg\" alt=\"A 4\" width=\"600\" height=\"800\" srcset=\"https:\/\/www.sabine-seyffert.de\/blog\/wp-content\/uploads\/2015\/04\/A-45.jpg 600w, https:\/\/www.sabine-seyffert.de\/blog\/wp-content\/uploads\/2015\/04\/A-45-225x300.jpg 225w\" sizes=\"auto, (max-width: 600px) 100vw, 600px\" \/><\/a><\/p>\n<p style=\"text-align: justify;\">Aus braunem Papier bekam jeder Fuchs noch ein Paar Augen und eine Nase auf geklebt. Diese habe ich einfach per Hand ausgeschnitten. Dadurch sieht jedes Tier ein klitzekleines bisschen anders aus \ud83d\ude42<br \/>\nDa die Geburtstagsg\u00e4ste die Amulette auch unterwegs auf der Fuchssafari tragen d\u00fcrfen, habe ich die Fuchsohren auf beiden Seiten mit der Lochzange bearbeitet und in den \u00d6ffnungen jeweils eine Metall\u00f6se befestigt. So rei\u00dft der Karton nicht gleich auf, sollten die Kinder mal an den Amuletten ziehen.<\/p>\n<p style=\"text-align: center;\"><a href=\"http:\/\/www.sabine-seyffert.de\/blog\/wp-content\/uploads\/2015\/04\/A-54.jpg\"><img loading=\"lazy\" decoding=\"async\" class=\"alignnone size-full wp-image-5470\" src=\"http:\/\/www.sabine-seyffert.de\/blog\/wp-content\/uploads\/2015\/04\/A-54.jpg\" alt=\"A 5\" width=\"800\" height=\"600\" srcset=\"https:\/\/www.sabine-seyffert.de\/blog\/wp-content\/uploads\/2015\/04\/A-54.jpg 800w, https:\/\/www.sabine-seyffert.de\/blog\/wp-content\/uploads\/2015\/04\/A-54-300x225.jpg 300w\" sizes=\"auto, (max-width: 800px) 100vw, 800px\" \/><\/a><\/p>\n<p style=\"text-align: justify;\">Der Einfachheit halber habe ich durch die \u00d6sen ein l\u00e4ngeres St\u00fcck Kordel gesteckt und auf der R\u00fcckseite mit mehreren Knoten versehen, damit das Kordelende auch fest sitzt. Die restlichen noch sichtbaren Bleistiftr\u00e4nder habe ich mit einem Radiergummi verschwinden lassen. Jetzt kann die Fuchssuche starten\u2026<\/p>\n<p style=\"text-align: center;\"><a href=\"http:\/\/www.sabine-seyffert.de\/blog\/wp-content\/uploads\/2015\/04\/A-65.jpg\"><img loading=\"lazy\" decoding=\"async\" class=\"alignnone size-full wp-image-5471\" src=\"http:\/\/www.sabine-seyffert.de\/blog\/wp-content\/uploads\/2015\/04\/A-65.jpg\" alt=\"A 6\" width=\"600\" height=\"800\" srcset=\"https:\/\/www.sabine-seyffert.de\/blog\/wp-content\/uploads\/2015\/04\/A-65.jpg 600w, https:\/\/www.sabine-seyffert.de\/blog\/wp-content\/uploads\/2015\/04\/A-65-225x300.jpg 225w\" sizes=\"auto, (max-width: 600px) 100vw, 600px\" \/><\/a><\/p>\n<p style=\"text-align: justify;\">Hier gibt es die bisherigen Ideen des Fuchsgeburtstages: Die <a href=\"http:\/\/www.sabine-seyffert.de\/blog\/?p=5243\" target=\"_blank\">Einladungen<\/a> am Stiel, die <a href=\"http:\/\/www.sabine-seyffert.de\/blog\/?p=5275\" target=\"_blank\">Tischdeko<\/a>, die <a href=\"http:\/\/www.sabine-seyffert.de\/blog\/?p=5298\" target=\"_blank\">Geburtstagsgirlande<\/a>, personalisierte <a href=\"http:\/\/www.sabine-seyffert.de\/blog\/?p=5352\" target=\"_blank\">Trinkhalme,<\/a> die essbaren <a href=\"http:\/\/www.sabine-seyffert.de\/blog\/?p=5383\" target=\"_blank\">Fuchs-Amerikaner<\/a> sowie die <a href=\"http:\/\/www.sabine-seyffert.de\/blog\/?p=5742\" target=\"_blank\">detaillierte \u00dcbersicht mit allen Fuchsideen<\/a>. Weitere Ideen zu Kinderpartys gibt es <a href=\"http:\/\/www.sabine-seyffert.de\/blog\/?cat=21\" target=\"_blank\">hier<\/a>, upcyceltes <a href=\"http:\/\/zepideh.blogspot.de\/2015\/04\/upcycling-dienstag-tuesday-april-2015.html\" target=\"_blank\">dort<\/a> und andere kreative Ideen <a href=\"http:\/\/www.creadienstag.de\/2015\/04\/173.html\" target=\"_blank\">da<\/a> und auch <a href=\"http:\/\/kiddikram.blogspot.de\/2015\/04\/kiddikram-april-2015.html\" target=\"_blank\">da<\/a>!<br \/>\n<a href=\"http:\/\/www.sabine-seyffert.de\/blog\/?page_id=32#urheberrecht\">urheberrechtlich gesch\u00fctzt<\/a>, \u00a9 Sabine Seyffert<\/p>\n","protected":false},"excerpt":{"rendered":"<p>Wenn man eine Motto Party feiert \u2013 dann auch richtig! Also habe ich einen Vormittag dazu genutzt um f\u00fcr unsere geplante Fuchs Safari einen Schwung an dekorativen Amuletten anzufertigen. Da kam es gerade recht, dass von einem Einkauf ein gr\u00f6\u00dferer, wei\u00dfer Pappkarton \u00fcbrig geblieben war. Den konnte ich praktischerweise f\u00fcr die upcycelten Amulette nutzen. Das&#8230; <a href=\"https:\/\/www.sabine-seyffert.de\/blog\/fuchsgeburtstag-ein-amulett-fuer-schlaue-fuechse\/\" class=\"more-link\">Read more: Fuchsgeburtstag: Ein Amulett f\u00fcr schlaue F\u00fcchse<\/a><\/p>\n","protected":false},"author":2,"featured_media":5471,"comment_status":"open","ping_status":"open","sticky":false,"template":"","format":"standard","meta":{"_metis_text_type":"","_metis_text_length":2346,"_post_count":0,"footnotes":""},"categories":[45,21,47],"tags":[],"class_list":["post-5465","post","type-post","status-publish","format-standard","has-post-thumbnail","hentry","category-fuchsgeburtstag","category-kinderfeste-partys","category-upcyceltes"],"_links":{"self":[{"href":"https:\/\/www.sabine-seyffert.de\/blog\/wp-json\/wp\/v2\/posts\/5465","targetHints":{"allow":["GET"]}}],"collection":[{"href":"https:\/\/www.sabine-seyffert.de\/blog\/wp-json\/wp\/v2\/posts"}],"about":[{"href":"https:\/\/www.sabine-seyffert.de\/blog\/wp-json\/wp\/v2\/types\/post"}],"author":[{"embeddable":true,"href":"https:\/\/www.sabine-seyffert.de\/blog\/wp-json\/wp\/v2\/users\/2"}],"replies":[{"embeddable":true,"href":"https:\/\/www.sabine-seyffert.de\/blog\/wp-json\/wp\/v2\/comments?post=5465"}],"version-history":[{"count":3,"href":"https:\/\/www.sabine-seyffert.de\/blog\/wp-json\/wp\/v2\/posts\/5465\/revisions"}],"predecessor-version":[{"id":5779,"href":"https:\/\/www.sabine-seyffert.de\/blog\/wp-json\/wp\/v2\/posts\/5465\/revisions\/5779"}],"wp:featuredmedia":[{"embeddable":true,"href":"https:\/\/www.sabine-seyffert.de\/blog\/wp-json\/wp\/v2\/media\/5471"}],"wp:attachment":[{"href":"https:\/\/www.sabine-seyffert.de\/blog\/wp-json\/wp\/v2\/media?parent=5465"}],"wp:term":[{"taxonomy":"category","embeddable":true,"href":"https:\/\/www.sabine-seyffert.de\/blog\/wp-json\/wp\/v2\/categories?post=5465"},{"taxonomy":"post_tag","embeddable":true,"href":"https:\/\/www.sabine-seyffert.de\/blog\/wp-json\/wp\/v2\/tags?post=5465"}],"curies":[{"name":"wp","href":"https:\/\/api.w.org\/{rel}","templated":true}]}}