{"id":5414,"date":"2015-04-21T05:57:58","date_gmt":"2015-04-21T03:57:58","guid":{"rendered":"http:\/\/www.sabine-seyffert.de\/blog\/?p=5414"},"modified":"2017-03-02T13:51:13","modified_gmt":"2017-03-02T11:51:13","slug":"geschenke-aus-der-kueche-nett-verpackt","status":"publish","type":"post","link":"https:\/\/www.sabine-seyffert.de\/blog\/geschenke-aus-der-kueche-nett-verpackt\/","title":{"rendered":"Geschenke aus der K\u00fcche nett verpackt!"},"content":{"rendered":"<p style=\"text-align: justify;\"><img loading=\"lazy\" decoding=\"async\" src=\"https:\/\/ssl-vg03.met.vgwort.de\/na\/5ddd0c2078a54975a2927ee81d1b8971\" alt=\"\" width=\"1\" height=\"1\" \/>Ganz ehrlich \u2013 ich liebe Geschenke aus der K\u00fcche! Und ebenso gerne wie ich diese bekomme, verschenke ich solche auch. Da trifft es sich gut, wenn der B\u00e4rlauch im Garten sprie\u00dft. Daraus hat man im Nu ein wirklich k\u00f6stliches Pesto gemacht. Wie das geht, k\u00f6nnt Ihr <a href=\"http:\/\/www.sabine-seyffert.de\/blog\/?p=5400\" target=\"_blank\">hier<\/a> nochmals nachlesen. In jedem Fall sind f\u00fcr dieses Rezept keinerlei Kochk\u00fcnste von N\u00f6ten. Das einzig wichtige dabei ist ein guter P\u00fcrierstab, der alles gleichm\u00e4\u00dfig und fein zerkleinert. So, nun aber zum eigentlichen Vorhaben. N\u00e4mlich das selbst gemachte, gr\u00fcne Pesto geschenktauglich zu verpacken.<\/p>\n<p style=\"text-align: center;\"><a href=\"http:\/\/www.sabine-seyffert.de\/blog\/wp-content\/uploads\/2015\/04\/b-3.jpg\"><img loading=\"lazy\" decoding=\"async\" class=\"alignnone size-full wp-image-5415\" src=\"http:\/\/www.sabine-seyffert.de\/blog\/wp-content\/uploads\/2015\/04\/b-3.jpg\" alt=\"b 3\" width=\"600\" height=\"800\" srcset=\"https:\/\/www.sabine-seyffert.de\/blog\/wp-content\/uploads\/2015\/04\/b-3.jpg 600w, https:\/\/www.sabine-seyffert.de\/blog\/wp-content\/uploads\/2015\/04\/b-3-225x300.jpg 225w\" sizes=\"auto, (max-width: 600px) 100vw, 600px\" \/><\/a><\/p>\n<p style=\"text-align: justify;\"><strong>Das wird gebraucht:<\/strong><br \/>\nEin Marmeladenglas mit Deckel (gut ausgesp\u00fclt &amp; trocken!), ein St\u00fcck Kordel, ein ca. kuchentellergro\u00dfes St\u00fcck Packpapier, eine Lochzange, eine Metall\u00f6se, eine Nietenzange, Buchstabenstempel, ein St\u00fcck Kraftpapier, ein Stempelkissen, eine Schere.<\/p>\n<p style=\"text-align: center;\"><a href=\"http:\/\/www.sabine-seyffert.de\/blog\/wp-content\/uploads\/2015\/04\/B-42.jpg\"><img loading=\"lazy\" decoding=\"async\" class=\"alignnone size-full wp-image-5416\" src=\"http:\/\/www.sabine-seyffert.de\/blog\/wp-content\/uploads\/2015\/04\/B-42.jpg\" alt=\"B 4\" width=\"800\" height=\"600\" srcset=\"https:\/\/www.sabine-seyffert.de\/blog\/wp-content\/uploads\/2015\/04\/B-42.jpg 800w, https:\/\/www.sabine-seyffert.de\/blog\/wp-content\/uploads\/2015\/04\/B-42-300x225.jpg 300w\" sizes=\"auto, (max-width: 800px) 100vw, 800px\" \/><\/a><\/p>\n<p style=\"text-align: justify;\"><strong>So wird\u2019s gemacht:<\/strong><br \/>\nIn der Regel kann man f\u00fcr solche Geschenke prima alte Marmeladengl\u00e4ser nehmen. Die sind zum Wegwerfen n\u00e4mlich viel zu schade. Zuerst f\u00fcllt man das frisch ger\u00fchrte Pesto in das Glas und achtet darauf, dass alles gut mit \u00d6l bedeckt ist. Dann schraubt man den Deckel fest darauf.<\/p>\n<p style=\"text-align: center;\"><a href=\"http:\/\/www.sabine-seyffert.de\/blog\/wp-content\/uploads\/2015\/04\/B-51.jpg\"><img loading=\"lazy\" decoding=\"async\" class=\"alignnone size-full wp-image-5417\" src=\"http:\/\/www.sabine-seyffert.de\/blog\/wp-content\/uploads\/2015\/04\/B-51.jpg\" alt=\"B 5\" width=\"800\" height=\"602\" srcset=\"https:\/\/www.sabine-seyffert.de\/blog\/wp-content\/uploads\/2015\/04\/B-51.jpg 800w, https:\/\/www.sabine-seyffert.de\/blog\/wp-content\/uploads\/2015\/04\/B-51-300x226.jpg 300w\" sizes=\"auto, (max-width: 800px) 100vw, 800px\" \/><\/a><\/p>\n<p style=\"text-align: justify;\">Um das Glas etwas zu Versch\u00f6nern, habe ich aus Packpapier einen gro\u00dfen Kreis geschnitten. Au\u00dferdem brauchte ich einen kleinen Streifen Kraftpapier. Den habe ich als eine Art Wimpel geschnitten und mit den Buchstabenstempeln als \u201eVEGAN\u201c gekennzeichnet. Jetzt bekommt der Anh\u00e4nger noch ein Loch sowie eine \u00d6se, damit es edler aussieht und der Anh\u00e4nger nicht ausrei\u00dft. Nun legt man das Packpapier mittig auf den Deckel und bindet die Kordel fest darum. Zum Schluss zieht man den Anh\u00e4nger mit auf und bindet eine Schleife \u2013 fertig!<\/p>\n<p style=\"text-align: center;\"><a href=\"http:\/\/www.sabine-seyffert.de\/blog\/wp-content\/uploads\/2015\/04\/B-61.jpg\"><img loading=\"lazy\" decoding=\"async\" class=\"alignnone size-full wp-image-5418\" src=\"http:\/\/www.sabine-seyffert.de\/blog\/wp-content\/uploads\/2015\/04\/B-61.jpg\" alt=\"B 6\" width=\"600\" height=\"800\" srcset=\"https:\/\/www.sabine-seyffert.de\/blog\/wp-content\/uploads\/2015\/04\/B-61.jpg 600w, https:\/\/www.sabine-seyffert.de\/blog\/wp-content\/uploads\/2015\/04\/B-61-225x300.jpg 225w\" sizes=\"auto, (max-width: 600px) 100vw, 600px\" \/><\/a><\/p>\n<p style=\"text-align: justify;\"><strong>Ein kleiner Tipp:<\/strong><br \/>\nDamit das Geschenk etwas fr\u00fchlingshafter daher kommt, habe ich auf den Deckel noch einen kleinen Schmetterling geklebt.<\/p>\n<p style=\"text-align: center;\"><a href=\"http:\/\/www.sabine-seyffert.de\/blog\/wp-content\/uploads\/2015\/04\/B-1.jpg\"><img loading=\"lazy\" decoding=\"async\" class=\"alignnone size-full wp-image-5419\" src=\"http:\/\/www.sabine-seyffert.de\/blog\/wp-content\/uploads\/2015\/04\/B-1.jpg\" alt=\"B 1\" width=\"800\" height=\"600\" srcset=\"https:\/\/www.sabine-seyffert.de\/blog\/wp-content\/uploads\/2015\/04\/B-1.jpg 800w, https:\/\/www.sabine-seyffert.de\/blog\/wp-content\/uploads\/2015\/04\/B-1-300x225.jpg 300w\" sizes=\"auto, (max-width: 800px) 100vw, 800px\" \/><\/a><\/p>\n<p style=\"text-align: justify;\">Weitere Geschenke aus der K\u00fcche findet Ihr in <a href=\"http:\/\/www.sabine-seyffert.de\/blog\/?cat=43\" target=\"_blank\">dieser Rubrik<\/a> und andere kreative Dinge <a href=\"http:\/\/www.creadienstag.de\/2015\/04\/172.html\" target=\"_blank\">da<\/a> und <a href=\"http:\/\/kiddikram.blogspot.de\/2015\/04\/kiddikram-april-2015.html\" target=\"_blank\">dort<\/a>.<\/p>\n<p style=\"text-align: center;\"><a href=\"http:\/\/www.sabine-seyffert.de\/blog\/wp-content\/uploads\/2015\/04\/B-21.jpg\"><img loading=\"lazy\" decoding=\"async\" class=\"alignnone size-full wp-image-5420\" src=\"http:\/\/www.sabine-seyffert.de\/blog\/wp-content\/uploads\/2015\/04\/B-21.jpg\" alt=\"B 2\" width=\"800\" height=\"600\" srcset=\"https:\/\/www.sabine-seyffert.de\/blog\/wp-content\/uploads\/2015\/04\/B-21.jpg 800w, https:\/\/www.sabine-seyffert.de\/blog\/wp-content\/uploads\/2015\/04\/B-21-300x225.jpg 300w\" sizes=\"auto, (max-width: 800px) 100vw, 800px\" \/><\/a><\/p>\n<p style=\"text-align: justify;\"><a href=\"http:\/\/www.sabine-seyffert.de\/blog\/?page_id=32#urheberrecht\">urheberrechtlich gesch\u00fctzt<\/a>, \u00a9 Sabine Seyffert<\/p>\n","protected":false},"excerpt":{"rendered":"<p>Ganz ehrlich \u2013 ich liebe Geschenke aus der K\u00fcche! Und ebenso gerne wie ich diese bekomme, verschenke ich solche auch. Da trifft es sich gut, wenn der B\u00e4rlauch im Garten sprie\u00dft. Daraus hat man im Nu ein wirklich k\u00f6stliches Pesto gemacht. Wie das geht, k\u00f6nnt Ihr hier nochmals nachlesen. In jedem Fall sind f\u00fcr dieses&#8230; <a href=\"https:\/\/www.sabine-seyffert.de\/blog\/geschenke-aus-der-kueche-nett-verpackt\/\" class=\"more-link\">Read more: Geschenke aus der K\u00fcche nett verpackt!<\/a><\/p>\n","protected":false},"author":2,"featured_media":0,"comment_status":"open","ping_status":"open","sticky":false,"template":"","format":"standard","meta":{"_metis_text_type":"","_metis_text_length":1940,"_post_count":0,"footnotes":""},"categories":[23,43,49],"tags":[],"class_list":["post-5414","post","type-post","status-publish","format-standard","hentry","category-fruhling","category-geschenke-aus-der-kueche","category-verpackungsideen"],"_links":{"self":[{"href":"https:\/\/www.sabine-seyffert.de\/blog\/wp-json\/wp\/v2\/posts\/5414","targetHints":{"allow":["GET"]}}],"collection":[{"href":"https:\/\/www.sabine-seyffert.de\/blog\/wp-json\/wp\/v2\/posts"}],"about":[{"href":"https:\/\/www.sabine-seyffert.de\/blog\/wp-json\/wp\/v2\/types\/post"}],"author":[{"embeddable":true,"href":"https:\/\/www.sabine-seyffert.de\/blog\/wp-json\/wp\/v2\/users\/2"}],"replies":[{"embeddable":true,"href":"https:\/\/www.sabine-seyffert.de\/blog\/wp-json\/wp\/v2\/comments?post=5414"}],"version-history":[{"count":1,"href":"https:\/\/www.sabine-seyffert.de\/blog\/wp-json\/wp\/v2\/posts\/5414\/revisions"}],"predecessor-version":[{"id":5421,"href":"https:\/\/www.sabine-seyffert.de\/blog\/wp-json\/wp\/v2\/posts\/5414\/revisions\/5421"}],"wp:attachment":[{"href":"https:\/\/www.sabine-seyffert.de\/blog\/wp-json\/wp\/v2\/media?parent=5414"}],"wp:term":[{"taxonomy":"category","embeddable":true,"href":"https:\/\/www.sabine-seyffert.de\/blog\/wp-json\/wp\/v2\/categories?post=5414"},{"taxonomy":"post_tag","embeddable":true,"href":"https:\/\/www.sabine-seyffert.de\/blog\/wp-json\/wp\/v2\/tags?post=5414"}],"curies":[{"name":"wp","href":"https:\/\/api.w.org\/{rel}","templated":true}]}}