{"id":5370,"date":"2015-04-12T09:20:02","date_gmt":"2015-04-12T07:20:02","guid":{"rendered":"http:\/\/www.sabine-seyffert.de\/blog\/?p=5370"},"modified":"2017-03-02T13:58:01","modified_gmt":"2017-03-02T11:58:01","slug":"leckeres-brot-frisch-aus-dem-ofen","status":"publish","type":"post","link":"https:\/\/www.sabine-seyffert.de\/blog\/leckeres-brot-frisch-aus-dem-ofen\/","title":{"rendered":"Leckeres Brot, frisch aus dem Ofen"},"content":{"rendered":"<p style=\"text-align: justify;\"><img loading=\"lazy\" decoding=\"async\" src=\"https:\/\/ssl-vg03.met.vgwort.de\/na\/fc362fbacbc54f95af0b622ba85fa335\" alt=\"\" width=\"1\" height=\"1\" \/>Nachdem ich zum wiederholten Male selbstgebackenes Brot verschenkt habe, ist es mir nun endlich gelungen die genauen Zutaten mit Menge aufzuschreiben. Denn das leckere Brot eignet sich nicht nur prima zum Verschenken und als Mitbringsel f\u00fcr Grillfeste, sondern nat\u00fcrlich auch zum selber essen! Daher m\u00f6chte ich Euch das Rezept nicht l\u00e4nger vorenthalten.<\/p>\n<p style=\"text-align: center;\"><a href=\"http:\/\/www.sabine-seyffert.de\/blog\/wp-content\/uploads\/2015\/04\/A-62.jpg\"><img loading=\"lazy\" decoding=\"async\" class=\"alignnone size-full wp-image-5371\" src=\"http:\/\/www.sabine-seyffert.de\/blog\/wp-content\/uploads\/2015\/04\/A-62.jpg\" alt=\"A 6\" width=\"800\" height=\"604\" srcset=\"https:\/\/www.sabine-seyffert.de\/blog\/wp-content\/uploads\/2015\/04\/A-62.jpg 800w, https:\/\/www.sabine-seyffert.de\/blog\/wp-content\/uploads\/2015\/04\/A-62-300x227.jpg 300w\" sizes=\"auto, (max-width: 800px) 100vw, 800px\" \/><\/a><\/p>\n<p style=\"text-align: justify;\"><strong>Das wird gebraucht:<\/strong><br \/>\n250 gr Weizenmehl, 250 gr Roggenmehl, 1 P\u00e4ckchen Backpulver, \u00bd W\u00fcrfel frische Hefe, 80 gr Naturjoghurt (wer das Brot vegan genie\u00dfen m\u00f6chte, verwendet stattdessen einfach Sojajoghurt!) , 1 gestrichener TL Salz, 100 Oliven\u00f6l, 150 ml lauwarmes Wasser sowie einige Zutaten um das Brot zu verfeinern (bsp. Oliven, getrocknete Tomaten, Schafsk\u00e4se, Kr\u00e4uter, frischer Parmesan\u2026)<\/p>\n<p style=\"text-align: center;\"><a href=\"http:\/\/www.sabine-seyffert.de\/blog\/wp-content\/uploads\/2015\/04\/A-32.jpg\"><img loading=\"lazy\" decoding=\"async\" class=\"alignnone size-full wp-image-5372\" src=\"http:\/\/www.sabine-seyffert.de\/blog\/wp-content\/uploads\/2015\/04\/A-32.jpg\" alt=\"A 3\" width=\"800\" height=\"600\" srcset=\"https:\/\/www.sabine-seyffert.de\/blog\/wp-content\/uploads\/2015\/04\/A-32.jpg 800w, https:\/\/www.sabine-seyffert.de\/blog\/wp-content\/uploads\/2015\/04\/A-32-300x225.jpg 300w\" sizes=\"auto, (max-width: 800px) 100vw, 800px\" \/><\/a><\/p>\n<p style=\"text-align: justify;\"><strong>So wird\u2019s gemacht:<\/strong><br \/>\nDamit das Brot einen kr\u00e4ftigeren Geschmack bekommt, verwende ich hierf\u00fcr Weizen- und Roggenmehl zu gleichen Teilen. Aus dem Mehl, Backpulver, Hefe, Joghurt, Salz, Oliven\u00f6l und Wasser bereite ich einen Hefeteig zu wie in <a href=\"http:\/\/www.sabine-seyffert.de\/blog\/?p=2123\" target=\"_blank\">diesem Rezept<\/a> ausf\u00fchrlich beschrieben.<\/p>\n<p style=\"text-align: center;\"><a href=\"http:\/\/www.sabine-seyffert.de\/blog\/wp-content\/uploads\/2015\/04\/A-41.jpg\"><img loading=\"lazy\" decoding=\"async\" class=\"alignnone size-full wp-image-5373\" src=\"http:\/\/www.sabine-seyffert.de\/blog\/wp-content\/uploads\/2015\/04\/A-41.jpg\" alt=\"A 4\" width=\"800\" height=\"600\" srcset=\"https:\/\/www.sabine-seyffert.de\/blog\/wp-content\/uploads\/2015\/04\/A-41.jpg 800w, https:\/\/www.sabine-seyffert.de\/blog\/wp-content\/uploads\/2015\/04\/A-41-300x225.jpg 300w\" sizes=\"auto, (max-width: 800px) 100vw, 800px\" \/><\/a><\/p>\n<p style=\"text-align: justify;\">W\u00e4hrend der Teig ruht (in der Regel rund eine Stunde) bereite ich die Zutaten vor, die ins Brot sollen. Daf\u00fcr werde ich einen Blick in den K\u00fchlschrank und schau was die heimischen Vorr\u00e4te so hergeben. Denn zum Verfeinern des Teigs braucht man nur eine kleine Menge. Je nach Auswahl reibe ich frischen Parmesan, w\u00fcrfele w\u00fcrzigen Feta, zerkleinere getrocknete Tomaten oder Oliven. Manchmal gebe ich auch einen Schwung an Kr\u00e4utern in den Teig oder w\u00fcrze diesen zus\u00e4tzlich mit etwas <a href=\"http:\/\/www.sabine-seyffert.de\/blog\/?p=1671\" target=\"_blank\">Bruschetta<\/a> Gew\u00fcrz, Kr\u00e4utern der Provence o.\u00e4.<\/p>\n<p style=\"text-align: center;\"><a href=\"http:\/\/www.sabine-seyffert.de\/blog\/wp-content\/uploads\/2015\/04\/A-51.jpg\"><img loading=\"lazy\" decoding=\"async\" class=\"alignnone size-full wp-image-5374\" src=\"http:\/\/www.sabine-seyffert.de\/blog\/wp-content\/uploads\/2015\/04\/A-51.jpg\" alt=\"A 5\" width=\"800\" height=\"600\" srcset=\"https:\/\/www.sabine-seyffert.de\/blog\/wp-content\/uploads\/2015\/04\/A-51.jpg 800w, https:\/\/www.sabine-seyffert.de\/blog\/wp-content\/uploads\/2015\/04\/A-51-300x225.jpg 300w\" sizes=\"auto, (max-width: 800px) 100vw, 800px\" \/><\/a><\/p>\n<p style=\"text-align: justify;\">Wenn der Teig fertig ist, teilt man ihn in zwei H\u00e4lften und kann nun zwei l\u00e4ngliche Brote daraus rollen. Vorab gibt man die gew\u00fcnschten Zutaten in die Teigh\u00e4lfte und knetet alles gleichm\u00e4\u00dfig durch. Dann rollt man dies zu einer langen Rolle und b\u00e4ckt diese bei 175\u00b0 C Grad f\u00fcr ungef\u00e4hr 35-40 Minuten, bis diese leicht gebr\u00e4unt sind.<\/p>\n<p style=\"text-align: center;\"><a href=\"http:\/\/www.sabine-seyffert.de\/blog\/wp-content\/uploads\/2015\/04\/A-22.jpg\"><img loading=\"lazy\" decoding=\"async\" class=\"alignnone size-full wp-image-5375\" src=\"http:\/\/www.sabine-seyffert.de\/blog\/wp-content\/uploads\/2015\/04\/A-22.jpg\" alt=\"A 2\" width=\"800\" height=\"600\" srcset=\"https:\/\/www.sabine-seyffert.de\/blog\/wp-content\/uploads\/2015\/04\/A-22.jpg 800w, https:\/\/www.sabine-seyffert.de\/blog\/wp-content\/uploads\/2015\/04\/A-22-300x225.jpg 300w\" sizes=\"auto, (max-width: 800px) 100vw, 800px\" \/><\/a><\/p>\n<p style=\"text-align: justify;\">Die oben angegebene Teigmenge reicht f\u00fcr 2 Brote aus und kann nat\u00fcrlich beliebig ver\u00e4ndert werden.<\/p>\n<p style=\"text-align: center;\"><a href=\"http:\/\/www.sabine-seyffert.de\/blog\/wp-content\/uploads\/2015\/04\/A-11.jpg\"><img loading=\"lazy\" decoding=\"async\" class=\"alignnone size-full wp-image-5376\" src=\"http:\/\/www.sabine-seyffert.de\/blog\/wp-content\/uploads\/2015\/04\/A-11.jpg\" alt=\"A 1\" width=\"800\" height=\"600\" srcset=\"https:\/\/www.sabine-seyffert.de\/blog\/wp-content\/uploads\/2015\/04\/A-11.jpg 800w, https:\/\/www.sabine-seyffert.de\/blog\/wp-content\/uploads\/2015\/04\/A-11-300x225.jpg 300w\" sizes=\"auto, (max-width: 800px) 100vw, 800px\" \/><\/a><\/p>\n<p style=\"text-align: justify;\">Wenn Ihr die Brote nicht selber essen, sondern verschenken m\u00f6chtet, habe ich hier eine sch\u00f6ne <a href=\"http:\/\/www.sabine-seyffert.de\/blog\/?p=4597\" target=\"_blank\">DIY Verpackungsidee<\/a> f\u00fcr Euch!<\/p>\n<p><a href=\"http:\/\/www.sabine-seyffert.de\/blog\/?page_id=32#urheberrecht\">urheberrechtlich gesch\u00fctzt<\/a>, \u00a9 Sabine Seyffert<\/p>\n","protected":false},"excerpt":{"rendered":"<p>Nachdem ich zum wiederholten Male selbstgebackenes Brot verschenkt habe, ist es mir nun endlich gelungen die genauen Zutaten mit Menge aufzuschreiben. Denn das leckere Brot eignet sich nicht nur prima zum Verschenken und als Mitbringsel f\u00fcr Grillfeste, sondern nat\u00fcrlich auch zum selber essen! Daher m\u00f6chte ich Euch das Rezept nicht l\u00e4nger vorenthalten. Das wird gebraucht:&#8230; <a href=\"https:\/\/www.sabine-seyffert.de\/blog\/leckeres-brot-frisch-aus-dem-ofen\/\" class=\"more-link\">Read more: Leckeres Brot, frisch aus dem Ofen<\/a><\/p>\n","protected":false},"author":2,"featured_media":0,"comment_status":"open","ping_status":"open","sticky":false,"template":"","format":"standard","meta":{"_metis_text_type":"","_metis_text_length":2148,"_post_count":0,"footnotes":""},"categories":[43,30],"tags":[],"class_list":["post-5370","post","type-post","status-publish","format-standard","hentry","category-geschenke-aus-der-kueche","category-rezepte-herzhaft"],"_links":{"self":[{"href":"https:\/\/www.sabine-seyffert.de\/blog\/wp-json\/wp\/v2\/posts\/5370","targetHints":{"allow":["GET"]}}],"collection":[{"href":"https:\/\/www.sabine-seyffert.de\/blog\/wp-json\/wp\/v2\/posts"}],"about":[{"href":"https:\/\/www.sabine-seyffert.de\/blog\/wp-json\/wp\/v2\/types\/post"}],"author":[{"embeddable":true,"href":"https:\/\/www.sabine-seyffert.de\/blog\/wp-json\/wp\/v2\/users\/2"}],"replies":[{"embeddable":true,"href":"https:\/\/www.sabine-seyffert.de\/blog\/wp-json\/wp\/v2\/comments?post=5370"}],"version-history":[{"count":6,"href":"https:\/\/www.sabine-seyffert.de\/blog\/wp-json\/wp\/v2\/posts\/5370\/revisions"}],"predecessor-version":[{"id":5382,"href":"https:\/\/www.sabine-seyffert.de\/blog\/wp-json\/wp\/v2\/posts\/5370\/revisions\/5382"}],"wp:attachment":[{"href":"https:\/\/www.sabine-seyffert.de\/blog\/wp-json\/wp\/v2\/media?parent=5370"}],"wp:term":[{"taxonomy":"category","embeddable":true,"href":"https:\/\/www.sabine-seyffert.de\/blog\/wp-json\/wp\/v2\/categories?post=5370"},{"taxonomy":"post_tag","embeddable":true,"href":"https:\/\/www.sabine-seyffert.de\/blog\/wp-json\/wp\/v2\/tags?post=5370"}],"curies":[{"name":"wp","href":"https:\/\/api.w.org\/{rel}","templated":true}]}}