{"id":5319,"date":"2015-03-27T19:14:30","date_gmt":"2015-03-27T17:14:30","guid":{"rendered":"http:\/\/www.sabine-seyffert.de\/blog\/?p=5319"},"modified":"2018-06-26T16:13:52","modified_gmt":"2018-06-26T14:13:52","slug":"die-ersten-sonnenstrahlen-lockten-nach-draussen","status":"publish","type":"post","link":"https:\/\/www.sabine-seyffert.de\/blog\/die-ersten-sonnenstrahlen-lockten-nach-draussen\/","title":{"rendered":"Die ersten Sonnenstrahlen lockten nach Drau\u00dfen"},"content":{"rendered":"<p style=\"text-align: justify;\"><img loading=\"lazy\" decoding=\"async\" src=\"https:\/\/ssl-vg03.met.vgwort.de\/na\/180b1917a0b642d3bce1ccd3b409de7d\" alt=\"\" width=\"1\" height=\"1\" \/>Da die Ferien hier gerade gestartet sind, kommt dieser Ausflugstipp genau zur rechten Zeit:<\/p>\n<p style=\"text-align: justify;\"><a href=\"http:\/\/www.sabine-seyffert.de\/blog\/wp-content\/uploads\/2015\/03\/A-17.jpg\"><img loading=\"lazy\" decoding=\"async\" class=\"size-full wp-image-5321 aligncenter\" src=\"http:\/\/www.sabine-seyffert.de\/blog\/wp-content\/uploads\/2015\/03\/A-17.jpg\" alt=\"A 1\" width=\"800\" height=\"600\" srcset=\"https:\/\/www.sabine-seyffert.de\/blog\/wp-content\/uploads\/2015\/03\/A-17.jpg 800w, https:\/\/www.sabine-seyffert.de\/blog\/wp-content\/uploads\/2015\/03\/A-17-300x225.jpg 300w\" sizes=\"auto, (max-width: 800px) 100vw, 800px\" \/><\/a><br \/>\nDie Sonne lachte am vorletzten Wochenende schon beim Fr\u00fchst\u00fcck so herrlich vom Himmel, dass wir spontan einen kleinen Familienausflug unternommen haben. Der Nachwuchs durfte mit Fahrrad mit, denn derzeit gibt es sonst leider Gezeter, da Spazierg\u00e4nge pl\u00f6tzlich so gar nicht mehr zu den T\u00e4tigkeiten geh\u00f6ren, die Spa\u00df machen\u2026<\/p>\n<p style=\"text-align: center;\"><a href=\"http:\/\/www.sabine-seyffert.de\/blog\/wp-content\/uploads\/2015\/03\/A-0.jpg\"><img loading=\"lazy\" decoding=\"async\" class=\"alignnone size-full wp-image-5320\" src=\"http:\/\/www.sabine-seyffert.de\/blog\/wp-content\/uploads\/2015\/03\/A-0.jpg\" alt=\"A 0\" width=\"600\" height=\"800\" srcset=\"https:\/\/www.sabine-seyffert.de\/blog\/wp-content\/uploads\/2015\/03\/A-0.jpg 600w, https:\/\/www.sabine-seyffert.de\/blog\/wp-content\/uploads\/2015\/03\/A-0-225x300.jpg 225w\" sizes=\"auto, (max-width: 600px) 100vw, 600px\" \/><\/a><\/p>\n<p style=\"text-align: justify;\">So fuhren wir nach Solingen und folgten vom Wanderparkplatz am Waldrand dem Wanderweg A1. So spazierten wir mitten durch die <a href=\"http:\/\/de.wikipedia.org\/wiki\/Ohligser_Heide\" target=\"_blank\" rel=\"noopener\">Ohligser Heide<\/a> und genossen es in vollen Z\u00fcgen, die ersten warmen Sonnenstrahlen zu sp\u00fcren. Es duftete um uns herum schon so richtig nach Fr\u00fchling!<\/p>\n<p style=\"text-align: center;\"><a href=\"http:\/\/www.sabine-seyffert.de\/blog\/wp-content\/uploads\/2015\/03\/A-35.jpg\"><img loading=\"lazy\" decoding=\"async\" class=\"alignnone size-full wp-image-5322\" src=\"http:\/\/www.sabine-seyffert.de\/blog\/wp-content\/uploads\/2015\/03\/A-35.jpg\" alt=\"A 3\" width=\"800\" height=\"600\" srcset=\"https:\/\/www.sabine-seyffert.de\/blog\/wp-content\/uploads\/2015\/03\/A-35.jpg 800w, https:\/\/www.sabine-seyffert.de\/blog\/wp-content\/uploads\/2015\/03\/A-35-300x225.jpg 300w\" sizes=\"auto, (max-width: 800px) 100vw, 800px\" \/><\/a><\/p>\n<p style=\"text-align: justify;\">Der Wanderweg gefiel sogar dem spazierunfreudigen Nachwuchs. Denn \u00fcberall schl\u00e4ngelten sich kleine B\u00e4che rechts und links vom Wege durch die Natur.<\/p>\n<p style=\"text-align: center;\"><a href=\"http:\/\/www.sabine-seyffert.de\/blog\/wp-content\/uploads\/2015\/03\/A-44.jpg\"><img loading=\"lazy\" decoding=\"async\" class=\"alignnone size-full wp-image-5323\" src=\"http:\/\/www.sabine-seyffert.de\/blog\/wp-content\/uploads\/2015\/03\/A-44.jpg\" alt=\"A 4\" width=\"800\" height=\"600\" srcset=\"https:\/\/www.sabine-seyffert.de\/blog\/wp-content\/uploads\/2015\/03\/A-44.jpg 800w, https:\/\/www.sabine-seyffert.de\/blog\/wp-content\/uploads\/2015\/03\/A-44-300x225.jpg 300w\" sizes=\"auto, (max-width: 800px) 100vw, 800px\" \/><\/a><\/p>\n<p style=\"text-align: justify;\">An einer Stelle lag ein ganzer Schwung umgefallener Baumst\u00e4mme, auf denen erst einmal ausgiebig balanciert werden konnte. Diese \u201espielerischen\u201c Pausen auf einer Wanderung lassen zumindest bei Kindern die Laune wieder steigen und bieten willkommene Abwechslung. Denn das macht dem kleinen Volk erfahrungsgem\u00e4\u00df mehr Spa\u00df als st\u00e4ndig geradeaus zu marschieren \ud83d\ude42<\/p>\n<p style=\"text-align: center;\"><a href=\"http:\/\/www.sabine-seyffert.de\/blog\/wp-content\/uploads\/2015\/03\/A-55.jpg\"><img loading=\"lazy\" decoding=\"async\" class=\"alignnone size-full wp-image-5325\" src=\"http:\/\/www.sabine-seyffert.de\/blog\/wp-content\/uploads\/2015\/03\/A-55.jpg\" alt=\"A 5\" width=\"600\" height=\"800\" srcset=\"https:\/\/www.sabine-seyffert.de\/blog\/wp-content\/uploads\/2015\/03\/A-55.jpg 600w, https:\/\/www.sabine-seyffert.de\/blog\/wp-content\/uploads\/2015\/03\/A-55-225x300.jpg 225w\" sizes=\"auto, (max-width: 600px) 100vw, 600px\" \/><\/a><\/p>\n<p style=\"text-align: justify;\">Zwischendrin fand man am Wegesrand immer wieder B\u00e4nke f\u00fcr kleine Pausen. Etwa auf der H\u00e4lfte des Weges ersp\u00e4hten wir den <a href=\"http:\/\/www2.solingen.de\/C12573970063EF58\/html\/D589334BBDAA4993C1257838003D217C?opendocument\" target=\"_blank\" rel=\"noopener\">drei Insel Teich<\/a>.<\/p>\n<p style=\"text-align: center;\"><a href=\"http:\/\/www.sabine-seyffert.de\/blog\/wp-content\/uploads\/2015\/03\/A-65.jpg\"><img loading=\"lazy\" decoding=\"async\" class=\"alignnone size-full wp-image-5326\" src=\"http:\/\/www.sabine-seyffert.de\/blog\/wp-content\/uploads\/2015\/03\/A-65.jpg\" alt=\"A 6\" width=\"800\" height=\"600\" srcset=\"https:\/\/www.sabine-seyffert.de\/blog\/wp-content\/uploads\/2015\/03\/A-65.jpg 800w, https:\/\/www.sabine-seyffert.de\/blog\/wp-content\/uploads\/2015\/03\/A-65-300x225.jpg 300w\" sizes=\"auto, (max-width: 800px) 100vw, 800px\" \/><\/a><\/p>\n<p style=\"text-align: justify;\">Den konnte man aus dem Holzpavillon auch prima beobachten und sich gleich spannende Abenteuer ausdenken, die man auf den kleinen Inseln am liebsten erleben w\u00fcrde.<\/p>\n<p style=\"text-align: center;\"><a href=\"http:\/\/www.sabine-seyffert.de\/blog\/wp-content\/uploads\/2015\/03\/A-84.jpg\"><img loading=\"lazy\" decoding=\"async\" class=\"alignnone size-full wp-image-5327\" src=\"http:\/\/www.sabine-seyffert.de\/blog\/wp-content\/uploads\/2015\/03\/A-84.jpg\" alt=\"A 8\" width=\"800\" height=\"600\" srcset=\"https:\/\/www.sabine-seyffert.de\/blog\/wp-content\/uploads\/2015\/03\/A-84.jpg 800w, https:\/\/www.sabine-seyffert.de\/blog\/wp-content\/uploads\/2015\/03\/A-84-300x225.jpg 300w\" sizes=\"auto, (max-width: 800px) 100vw, 800px\" \/><\/a><\/p>\n<p style=\"text-align: justify;\">Hier und dort f\u00fchrt der Wanderweg \u00fcber h\u00f6lzerne Stege. Sogar an einem Ausguck kamen wir vorbei. Wenn man dem kleinen Holzpfad an dieser Stelle in das Gel\u00e4nde folgt, kann man von dort aus ein St\u00fcck vom Moor und die Natur beobachten. Und diejenigen, die nochmals nachsehen wollen, was es alles zu entdecken gibt, die k\u00f6nnen dies auf der gro\u00dfen Schautafel machen, die gleich am Start aufgestellt ist.<\/p>\n<p style=\"text-align: center;\"><a href=\"http:\/\/www.sabine-seyffert.de\/blog\/wp-content\/uploads\/2015\/03\/A-102.jpg\"><img loading=\"lazy\" decoding=\"async\" class=\"alignnone size-full wp-image-5328\" src=\"http:\/\/www.sabine-seyffert.de\/blog\/wp-content\/uploads\/2015\/03\/A-102.jpg\" alt=\"A 10\" width=\"800\" height=\"600\" srcset=\"https:\/\/www.sabine-seyffert.de\/blog\/wp-content\/uploads\/2015\/03\/A-102.jpg 800w, https:\/\/www.sabine-seyffert.de\/blog\/wp-content\/uploads\/2015\/03\/A-102-300x225.jpg 300w\" sizes=\"auto, (max-width: 800px) 100vw, 800px\" \/><\/a><\/p>\n<p style=\"text-align: justify;\">Ein St\u00fcck weiter kommt man auch am Waldbad vorbei. Jetzt zu dieser Jahreszeit liegt das landschaftlich ganz <a href=\"http:\/\/www2.solingen.de\/C12573970063EF58\/html\/843AB5658014750BC125789200274685?opendocument&amp;nid1=48151_30521\" target=\"_blank\" rel=\"noopener\">toll gelegene Schwimmbad<\/a> einsam und verlassen. Von hier ist es gar nicht mehr weit bis zu unserem Ausflugsziel, das bei jedem Kind im Nu ein breites L\u00e4cheln aufs Gesicht zaubert. Worum es sich dabei handelt, verrate ich ein anderes Mal!<\/p>\n<p style=\"text-align: center;\"><a href=\"http:\/\/www.sabine-seyffert.de\/blog\/wp-content\/uploads\/2015\/03\/A-94.jpg\"><img loading=\"lazy\" decoding=\"async\" class=\"alignnone size-full wp-image-5329\" src=\"http:\/\/www.sabine-seyffert.de\/blog\/wp-content\/uploads\/2015\/03\/A-94.jpg\" alt=\"A 9\" width=\"600\" height=\"800\" srcset=\"https:\/\/www.sabine-seyffert.de\/blog\/wp-content\/uploads\/2015\/03\/A-94.jpg 600w, https:\/\/www.sabine-seyffert.de\/blog\/wp-content\/uploads\/2015\/03\/A-94-225x300.jpg 225w\" sizes=\"auto, (max-width: 600px) 100vw, 600px\" \/><\/a><\/p>\n<p style=\"text-align: center;\">Ich w\u00fcnsche allen einen tollen Ferienstart!<\/p>\n<p style=\"text-align: justify;\"><a href=\"http:\/\/www.sabine-seyffert.de\/blog\/?page_id=32#urheberrecht\">urheberrechtlich gesch\u00fctzt<\/a>, \u00a9 Sabine Seyffert<\/p>\n","protected":false},"excerpt":{"rendered":"<p>Da die Ferien hier gerade gestartet sind, kommt dieser Ausflugstipp genau zur rechten Zeit: Die Sonne lachte am vorletzten Wochenende schon beim Fr\u00fchst\u00fcck so herrlich vom Himmel, dass wir spontan einen kleinen Familienausflug unternommen haben. Der Nachwuchs durfte mit Fahrrad mit, denn derzeit gibt es sonst leider Gezeter, da Spazierg\u00e4nge pl\u00f6tzlich so gar nicht mehr&#8230; <a href=\"https:\/\/www.sabine-seyffert.de\/blog\/die-ersten-sonnenstrahlen-lockten-nach-draussen\/\" class=\"more-link\">Read more: Die ersten Sonnenstrahlen lockten nach Drau\u00dfen<\/a><\/p>\n","protected":false},"author":2,"featured_media":0,"comment_status":"open","ping_status":"open","sticky":false,"template":"","format":"standard","meta":{"_metis_text_type":"","_metis_text_length":2328,"_post_count":0,"footnotes":""},"categories":[39,23],"tags":[],"class_list":["post-5319","post","type-post","status-publish","format-standard","hentry","category-ausfluge-co","category-fruhling"],"_links":{"self":[{"href":"https:\/\/www.sabine-seyffert.de\/blog\/wp-json\/wp\/v2\/posts\/5319","targetHints":{"allow":["GET"]}}],"collection":[{"href":"https:\/\/www.sabine-seyffert.de\/blog\/wp-json\/wp\/v2\/posts"}],"about":[{"href":"https:\/\/www.sabine-seyffert.de\/blog\/wp-json\/wp\/v2\/types\/post"}],"author":[{"embeddable":true,"href":"https:\/\/www.sabine-seyffert.de\/blog\/wp-json\/wp\/v2\/users\/2"}],"replies":[{"embeddable":true,"href":"https:\/\/www.sabine-seyffert.de\/blog\/wp-json\/wp\/v2\/comments?post=5319"}],"version-history":[{"count":6,"href":"https:\/\/www.sabine-seyffert.de\/blog\/wp-json\/wp\/v2\/posts\/5319\/revisions"}],"predecessor-version":[{"id":12845,"href":"https:\/\/www.sabine-seyffert.de\/blog\/wp-json\/wp\/v2\/posts\/5319\/revisions\/12845"}],"wp:attachment":[{"href":"https:\/\/www.sabine-seyffert.de\/blog\/wp-json\/wp\/v2\/media?parent=5319"}],"wp:term":[{"taxonomy":"category","embeddable":true,"href":"https:\/\/www.sabine-seyffert.de\/blog\/wp-json\/wp\/v2\/categories?post=5319"},{"taxonomy":"post_tag","embeddable":true,"href":"https:\/\/www.sabine-seyffert.de\/blog\/wp-json\/wp\/v2\/tags?post=5319"}],"curies":[{"name":"wp","href":"https:\/\/api.w.org\/{rel}","templated":true}]}}