{"id":531,"date":"2013-02-23T14:06:42","date_gmt":"2013-02-23T12:06:42","guid":{"rendered":"http:\/\/www.sabine-seyffert.de\/blog\/?p=531"},"modified":"2017-03-06T18:31:11","modified_gmt":"2017-03-06T16:31:11","slug":"heute-ein-konig","status":"publish","type":"post","link":"https:\/\/www.sabine-seyffert.de\/blog\/heute-ein-konig\/","title":{"rendered":"Heute ein K\u00f6nig!"},"content":{"rendered":"<p style=\"text-align: justify;\"><img loading=\"lazy\" decoding=\"async\" src=\"https:\/\/ssl-vg03.met.vgwort.de\/na\/e6cfe3742a78443391815a8aa8739245\" alt=\"\" width=\"1\" height=\"1\" \/><br \/>\nAch, wie wunderbar! Meine j\u00fcngste Tochter ist im absoluten Bastelfieber, seitdem ich f\u00fcr ein Buchprojekt hier allerhand kreativ umsetzen musste. Als ich deshalb in der Stadt einen Bastelladen aufsuchte um noch ein paar Kleinigkeiten zu besorgen, war sie v\u00f6llig fasziniert von den vielen Materialien. Besonders angetan hat es ihr das bunte Tonpapier bzw. der gemusterte Fotokarton. Blauer Karton mit wei\u00dfen Schneeflocken, passend zum derzeitigen Winter. Ob sie davon wohl einen Bogen haben k\u00f6nnte\u2026<\/p>\n<p><a href=\"http:\/\/www.sabine-seyffert.de\/blog\/wp-content\/uploads\/2013\/02\/Krone-1.jpg\"><img loading=\"lazy\" decoding=\"async\" class=\"size-full wp-image-532 aligncenter\" src=\"http:\/\/www.sabine-seyffert.de\/blog\/wp-content\/uploads\/2013\/02\/Krone-1.jpg\" alt=\"Krone 1\" width=\"444\" height=\"590\" srcset=\"https:\/\/www.sabine-seyffert.de\/blog\/wp-content\/uploads\/2013\/02\/Krone-1.jpg 820w, https:\/\/www.sabine-seyffert.de\/blog\/wp-content\/uploads\/2013\/02\/Krone-1-226x300.jpg 226w, https:\/\/www.sabine-seyffert.de\/blog\/wp-content\/uploads\/2013\/02\/Krone-1-772x1024.jpg 772w\" sizes=\"auto, (max-width: 444px) 100vw, 444px\" \/><\/a><\/p>\n<p style=\"text-align: justify;\">Den Wunsch konnte ich ihr nicht verwehren, schlie\u00dflich freue ich mich (fast wie ein K\u00f6nig) dar\u00fcber, dass sie offenbar eine gro\u00dfe Portion meiner Kreativit\u00e4t geerbt hat!<\/p>\n<p style=\"text-align: justify;\">Zu Hause zog sich meine Tochter in aller Seelenruhe mit ihrem wahrhaft riesigen Bogen Fotokarton in ihr Zimmer zur\u00fcck. Das Einzige, was ich in meinem Arbeitzimmer noch vernahm war der Satz: \u201eMama, du darfst auf keinen Fall in mein Zimmer!!!\u201c Bei jedem anderen Kind h\u00e4tte mich ein Satz wie dieser schnell aufhorchen lassen und in etwas Unruhe versetzt. Aber bei Kind Nummer 4 brachte mich das nicht aus der Ruhe. Zumindest nicht an diesem Tag.<\/p>\n<p style=\"text-align: justify;\">W\u00e4hrend ich in meinem Arbeitszimmer ein paar Dinge erledigte, werkte sie in aller Ruhe vor sich hin. Dann streckte sie den Kopf in mein B\u00fcro und meinte: \u201eMama, mach mal deine Augen zu!\u201c Vorsichtig wurde im Anschluss mein Kopf vermessen und weiteres Zubeh\u00f6r aus meinem Schreibtisch ausgeliehen. Kurze Zeit sp\u00e4ter kam dann die \u00dcberraschung: \u201eMama, ich habe eine richtige Geburtstagskrone f\u00fcr dich gebastelt!\u201c und schwupp, sa\u00df die Riesenkrone auch schon auf meinem Kopf.<\/p>\n<p style=\"text-align: justify;\"><a href=\"http:\/\/www.sabine-seyffert.de\/blog\/wp-content\/uploads\/2013\/02\/Krone-2.jpg\"><img loading=\"lazy\" decoding=\"async\" class=\"size-full wp-image-533 aligncenter\" src=\"http:\/\/www.sabine-seyffert.de\/blog\/wp-content\/uploads\/2013\/02\/Krone-2.jpg\" alt=\"Krone 2\" width=\"455\" height=\"602\" srcset=\"https:\/\/www.sabine-seyffert.de\/blog\/wp-content\/uploads\/2013\/02\/Krone-2.jpg 620w, https:\/\/www.sabine-seyffert.de\/blog\/wp-content\/uploads\/2013\/02\/Krone-2-226x300.jpg 226w\" sizes=\"auto, (max-width: 455px) 100vw, 455px\" \/><\/a><br \/>\nSogar mit meinem Namen (selbstgeschrieben!) und meinem Alter, wie es sich f\u00fcr eine richtige Geburtstagskrone auch geh\u00f6rt. Weil Delfine meine Lieblingstiere sind, ist um meine Altersangabe herum genau dieses Tier mit Liebe gemalt. Ehrlich gesagt, ich war richtig ger\u00fchrt. So eine Geburtstagskrone hatte ich bislang noch nie, und daran k\u00f6nnte ich mich mit Sicherheit erinnern.<\/p>\n<p style=\"text-align: justify;\">Und weil es zu zweit mehr Spa\u00df macht, hat sich meine Tochter eine Geburtstagskrone mit gebastelt. Man f\u00fchlt sich auch gleich viel besser mit Krone auf dem Kopf \u2013 wie ein K\u00f6nig eben\u2026<\/p>\n<p><a href=\"http:\/\/www.sabine-seyffert.de\/blog\/wp-content\/uploads\/2013\/02\/krone-3.jpg\"><img loading=\"lazy\" decoding=\"async\" class=\"size-full wp-image-534 aligncenter\" src=\"http:\/\/www.sabine-seyffert.de\/blog\/wp-content\/uploads\/2013\/02\/krone-3.jpg\" alt=\"krone 3\" width=\"605\" height=\"437\" srcset=\"https:\/\/www.sabine-seyffert.de\/blog\/wp-content\/uploads\/2013\/02\/krone-3.jpg 605w, https:\/\/www.sabine-seyffert.de\/blog\/wp-content\/uploads\/2013\/02\/krone-3-300x216.jpg 300w\" sizes=\"auto, (max-width: 605px) 100vw, 605px\" \/><\/a><\/p>\n<p><a href=\"http:\/\/www.sabine-seyffert.de\/blog\/?page_id=32#urheberrecht\">urherrechtlich gesch\u00fctzt<\/a>, \u00a9 Sabine Seyffert<\/p>\n","protected":false},"excerpt":{"rendered":"<p>Ach, wie wunderbar! Meine j\u00fcngste Tochter ist im absoluten Bastelfieber, seitdem ich f\u00fcr ein Buchprojekt hier allerhand kreativ umsetzen musste. Als ich deshalb in der Stadt einen Bastelladen aufsuchte um noch ein paar Kleinigkeiten zu besorgen, war sie v\u00f6llig fasziniert von den vielen Materialien. Besonders angetan hat es ihr das bunte Tonpapier bzw. der gemusterte&#8230; <a href=\"https:\/\/www.sabine-seyffert.de\/blog\/heute-ein-konig\/\" class=\"more-link\">Read more: Heute ein K\u00f6nig!<\/a><\/p>\n","protected":false},"author":1,"featured_media":0,"comment_status":"open","ping_status":"open","sticky":false,"template":"","format":"standard","meta":{"_metis_text_type":"","_metis_text_length":2176,"_post_count":0,"footnotes":""},"categories":[32,21],"tags":[],"class_list":["post-531","post","type-post","status-publish","format-standard","hentry","category-kreatives-fur-kleine-kinderhande","category-kinderfeste-partys"],"_links":{"self":[{"href":"https:\/\/www.sabine-seyffert.de\/blog\/wp-json\/wp\/v2\/posts\/531","targetHints":{"allow":["GET"]}}],"collection":[{"href":"https:\/\/www.sabine-seyffert.de\/blog\/wp-json\/wp\/v2\/posts"}],"about":[{"href":"https:\/\/www.sabine-seyffert.de\/blog\/wp-json\/wp\/v2\/types\/post"}],"author":[{"embeddable":true,"href":"https:\/\/www.sabine-seyffert.de\/blog\/wp-json\/wp\/v2\/users\/1"}],"replies":[{"embeddable":true,"href":"https:\/\/www.sabine-seyffert.de\/blog\/wp-json\/wp\/v2\/comments?post=531"}],"version-history":[{"count":14,"href":"https:\/\/www.sabine-seyffert.de\/blog\/wp-json\/wp\/v2\/posts\/531\/revisions"}],"predecessor-version":[{"id":6171,"href":"https:\/\/www.sabine-seyffert.de\/blog\/wp-json\/wp\/v2\/posts\/531\/revisions\/6171"}],"wp:attachment":[{"href":"https:\/\/www.sabine-seyffert.de\/blog\/wp-json\/wp\/v2\/media?parent=531"}],"wp:term":[{"taxonomy":"category","embeddable":true,"href":"https:\/\/www.sabine-seyffert.de\/blog\/wp-json\/wp\/v2\/categories?post=531"},{"taxonomy":"post_tag","embeddable":true,"href":"https:\/\/www.sabine-seyffert.de\/blog\/wp-json\/wp\/v2\/tags?post=531"}],"curies":[{"name":"wp","href":"https:\/\/api.w.org\/{rel}","templated":true}]}}