{"id":5298,"date":"2015-03-24T07:17:17","date_gmt":"2015-03-24T05:17:17","guid":{"rendered":"http:\/\/www.sabine-seyffert.de\/blog\/?p=5298"},"modified":"2017-03-02T14:03:14","modified_gmt":"2017-03-02T12:03:14","slug":"geburtstagsgirlande-und-das-fuchsfieber-geht-um","status":"publish","type":"post","link":"https:\/\/www.sabine-seyffert.de\/blog\/geburtstagsgirlande-und-das-fuchsfieber-geht-um\/","title":{"rendered":"Geburtstagsgirlande &#038; und das Fuchsfieber geht um"},"content":{"rendered":"<p style=\"text-align: justify;\"><img loading=\"lazy\" decoding=\"async\" src=\"https:\/\/ssl-vg03.met.vgwort.de\/na\/b71ad6229bf9457daad506662afc009a\" alt=\"\" width=\"1\" height=\"1\" \/>Was w\u00e4re eine Feier ohne die passende Girlande? Bei uns eigentlich undenkbar! So habe ich auch f\u00fcr diesen Kindergeburtstag eine zum Thema passende Wimpelkette angefertigt.<\/p>\n<p style=\"text-align: center;\"><a href=\"http:\/\/www.sabine-seyffert.de\/blog\/wp-content\/uploads\/2015\/03\/A-16.jpg\"><img loading=\"lazy\" decoding=\"async\" class=\"alignnone size-full wp-image-5299\" src=\"http:\/\/www.sabine-seyffert.de\/blog\/wp-content\/uploads\/2015\/03\/A-16.jpg\" alt=\"A 1\" width=\"800\" height=\"600\" srcset=\"https:\/\/www.sabine-seyffert.de\/blog\/wp-content\/uploads\/2015\/03\/A-16.jpg 800w, https:\/\/www.sabine-seyffert.de\/blog\/wp-content\/uploads\/2015\/03\/A-16-300x225.jpg 300w\" sizes=\"auto, (max-width: 800px) 100vw, 800px\" \/><\/a><\/p>\n<p style=\"text-align: justify;\">Die Wimpel stammen aus ganz normalem Packpapier, wie auch f\u00fcr diese ganz <a href=\"http:\/\/www.sabine-seyffert.de\/blog\/?p=714\" target=\"_blank\">au\u00dfergew\u00f6hnliche Geburtstagsdekoration<\/a> oder auch <a href=\"http:\/\/www.sabine-seyffert.de\/blog\/?p=3423\" target=\"_blank\">diesen Anlass<\/a> verwenden. Das Basteln und N\u00e4hen hat zwar einige Zeit in Anspruch genommen, aber mit dem Ergebnis bin ich sehr zufrieden.<\/p>\n<p style=\"text-align: center;\"><a href=\"http:\/\/www.sabine-seyffert.de\/blog\/wp-content\/uploads\/2015\/03\/A-23.jpg\"><img loading=\"lazy\" decoding=\"async\" class=\"alignnone size-full wp-image-5300\" src=\"http:\/\/www.sabine-seyffert.de\/blog\/wp-content\/uploads\/2015\/03\/A-23.jpg\" alt=\"A 2\" width=\"800\" height=\"600\" srcset=\"https:\/\/www.sabine-seyffert.de\/blog\/wp-content\/uploads\/2015\/03\/A-23.jpg 800w, https:\/\/www.sabine-seyffert.de\/blog\/wp-content\/uploads\/2015\/03\/A-23-300x225.jpg 300w\" sizes=\"auto, (max-width: 800px) 100vw, 800px\" \/><\/a><\/p>\n<p style=\"text-align: justify;\"><strong>Das wird gebraucht:<\/strong><br \/>\nPackpapier, eine Schablone f\u00fcr die Wimpel, Klebstoff, eine N\u00e4hmaschine, orangefarbenes N\u00e4hgarn, Tonkarton in orange, braun und wei\u00df, eine Schere, orangefarbenes Seidenpapier, d\u00fcnne und dicke Kordel, eine Hei\u00dfklebepistole mit Patrone, Kreisstanzer oder Kreisschneider<\/p>\n<p style=\"text-align: center;\"><a href=\"http:\/\/www.sabine-seyffert.de\/blog\/wp-content\/uploads\/2015\/03\/A-34.jpg\"><img loading=\"lazy\" decoding=\"async\" class=\"alignnone size-full wp-image-5301\" src=\"http:\/\/www.sabine-seyffert.de\/blog\/wp-content\/uploads\/2015\/03\/A-34.jpg\" alt=\"A 3\" width=\"800\" height=\"600\" srcset=\"https:\/\/www.sabine-seyffert.de\/blog\/wp-content\/uploads\/2015\/03\/A-34.jpg 800w, https:\/\/www.sabine-seyffert.de\/blog\/wp-content\/uploads\/2015\/03\/A-34-300x225.jpg 300w\" sizes=\"auto, (max-width: 800px) 100vw, 800px\" \/><\/a><\/p>\n<p style=\"text-align: justify;\"><strong>So wird\u2019s gemacht:<\/strong><br \/>\nZuerst habe ich mir aus einem St\u00fcck d\u00fcnne Pappe in der Gr\u00f6\u00dfe eines Din A4 gro\u00dfen Blattes eine Schablone f\u00fcr den Wimpel angefertigt. Dann habe ich das Packpapier auseinandergerollt und gedoppelt wie in <a href=\"http:\/\/www.sabine-seyffert.de\/blog\/?p=3423\" target=\"_blank\">dieser Anleitung<\/a> detailliert beschrieben. Das spart nicht nur Arbeit, sondern sieht beim Zusammenn\u00e4hen auch einfach sch\u00f6ner aus.<\/p>\n<p style=\"text-align: center;\"><a href=\"http:\/\/www.sabine-seyffert.de\/blog\/wp-content\/uploads\/2015\/03\/A-43.jpg\"><img loading=\"lazy\" decoding=\"async\" class=\"alignnone size-full wp-image-5302\" src=\"http:\/\/www.sabine-seyffert.de\/blog\/wp-content\/uploads\/2015\/03\/A-43.jpg\" alt=\"A 4\" width=\"800\" height=\"600\" srcset=\"https:\/\/www.sabine-seyffert.de\/blog\/wp-content\/uploads\/2015\/03\/A-43.jpg 800w, https:\/\/www.sabine-seyffert.de\/blog\/wp-content\/uploads\/2015\/03\/A-43-300x225.jpg 300w\" sizes=\"auto, (max-width: 800px) 100vw, 800px\" \/><\/a><\/p>\n<p style=\"text-align: justify;\">Damit wir die Girlande \u201efrei\u201c im Raum aufh\u00e4ngen k\u00f6nnen, habe ich die Wimpel beidseitig gestaltet und f\u00fcr jede Seite einen kleinen Fuchs gebastelt. Um mir die Arbeit etwas zu erleichtern, habe ich f\u00fcr die Fuchsk\u00f6pfe mit einem gro\u00dfen Motivlocher orangefarbene Kreise ausgestanzt.<\/p>\n<p style=\"text-align: center;\"><a href=\"http:\/\/www.sabine-seyffert.de\/blog\/wp-content\/uploads\/2015\/03\/A-54.jpg\"><img loading=\"lazy\" decoding=\"async\" class=\"alignnone size-full wp-image-5303\" src=\"http:\/\/www.sabine-seyffert.de\/blog\/wp-content\/uploads\/2015\/03\/A-54.jpg\" alt=\"A 5\" width=\"800\" height=\"600\" srcset=\"https:\/\/www.sabine-seyffert.de\/blog\/wp-content\/uploads\/2015\/03\/A-54.jpg 800w, https:\/\/www.sabine-seyffert.de\/blog\/wp-content\/uploads\/2015\/03\/A-54-300x225.jpg 300w\" sizes=\"auto, (max-width: 800px) 100vw, 800px\" \/><\/a><\/p>\n<p style=\"text-align: justify;\">Mit einer kleineren Gr\u00f6\u00dfe habe ich pro Fuchs wei\u00dfe Kreise ausgestochen und daraus jeweils zwei Ovale ausgeschnitten und aufgeklebt. Per Hand bekamen alle F\u00fcchse aus braunem Tonpapier zwei Augen und eine Nase ausgeschnitten. Die Ohren habe ich aus doppelt gelegtem Seidenpapier geschnitten und nur am Rand angeklebt, so dass es etwas plastischer ausschaut.<\/p>\n<p style=\"text-align: center;\"><a href=\"http:\/\/www.sabine-seyffert.de\/blog\/wp-content\/uploads\/2015\/03\/A-64.jpg\"><img loading=\"lazy\" decoding=\"async\" class=\"alignnone size-full wp-image-5304\" src=\"http:\/\/www.sabine-seyffert.de\/blog\/wp-content\/uploads\/2015\/03\/A-64.jpg\" alt=\"A 6\" width=\"800\" height=\"600\" srcset=\"https:\/\/www.sabine-seyffert.de\/blog\/wp-content\/uploads\/2015\/03\/A-64.jpg 800w, https:\/\/www.sabine-seyffert.de\/blog\/wp-content\/uploads\/2015\/03\/A-64-300x225.jpg 300w\" sizes=\"auto, (max-width: 800px) 100vw, 800px\" \/><\/a><\/p>\n<p style=\"text-align: justify;\">Als n\u00e4chstes habe ich ein langes St\u00fcck Kordel abgeschnitten und die einzelnen Wimpel mit einem orangefarbenen Zickzackstich daran gen\u00e4ht. (Bei <a href=\"http:\/\/www.sabine-seyffert.de\/blog\/?p=714\" target=\"_blank\">dieser Girlande<\/a> habe ich den Fehler gemacht und die Kordel erst zum Schluss durch die Wimpel gezogen, was ausgesprochen m\u00fchsam war!)<\/p>\n<p style=\"text-align: center;\"><a href=\"http:\/\/www.sabine-seyffert.de\/blog\/wp-content\/uploads\/2015\/03\/A-74.jpg\"><img loading=\"lazy\" decoding=\"async\" class=\"alignnone size-full wp-image-5305\" src=\"http:\/\/www.sabine-seyffert.de\/blog\/wp-content\/uploads\/2015\/03\/A-74.jpg\" alt=\"A 7\" width=\"800\" height=\"600\" srcset=\"https:\/\/www.sabine-seyffert.de\/blog\/wp-content\/uploads\/2015\/03\/A-74.jpg 800w, https:\/\/www.sabine-seyffert.de\/blog\/wp-content\/uploads\/2015\/03\/A-74-300x225.jpg 300w\" sizes=\"auto, (max-width: 800px) 100vw, 800px\" \/><\/a><\/p>\n<p style=\"text-align: justify;\">Jetzt fehlten den F\u00fcchsen nur noch die Schnurrbarthaare, die ich aus ganz d\u00fcnner, Leinenkordel verknotet und mit Hilfe von Hei\u00dfkleber \u00fcber den Nasen befestigt habe. Wer mag kann zwischen die Wimpel noch orangefarbene Luftschlangen oder Krepppapierb\u00e4nder h\u00e4ngen.<\/p>\n<p style=\"text-align: center;\"><a href=\"http:\/\/www.sabine-seyffert.de\/blog\/wp-content\/uploads\/2015\/03\/A-83.jpg\"><img loading=\"lazy\" decoding=\"async\" class=\"alignnone size-full wp-image-5306\" src=\"http:\/\/www.sabine-seyffert.de\/blog\/wp-content\/uploads\/2015\/03\/A-83.jpg\" alt=\"A 8\" width=\"800\" height=\"600\" srcset=\"https:\/\/www.sabine-seyffert.de\/blog\/wp-content\/uploads\/2015\/03\/A-83.jpg 800w, https:\/\/www.sabine-seyffert.de\/blog\/wp-content\/uploads\/2015\/03\/A-83-300x225.jpg 300w\" sizes=\"auto, (max-width: 800px) 100vw, 800px\" \/><\/a><\/p>\n<p style=\"text-align: justify;\">Die Einladungen zum Fuchsgeburtstag gibt es <a href=\"http:\/\/www.sabine-seyffert.de\/blog\/?p=5243\" target=\"_blank\">hier<\/a>, die upcycelten Tischkarten <a href=\"http:\/\/www.sabine-seyffert.de\/blog\/?p=5275\" target=\"_blank\">dort<\/a>, <a href=\"http:\/\/www.sabine-seyffert.de\/blog\/?p=5352\" target=\"_blank\">fr\u00f6hliche Trinkhalme<\/a> im Fuchsgewand da, hier <a href=\"http:\/\/www.sabine-seyffert.de\/blog\/?p=5383\" target=\"_blank\">vegetarische F\u00fcchse<\/a>, da die <a href=\"http:\/\/www.sabine-seyffert.de\/blog\/?p=5742\" target=\"_blank\">detaillierte \u00dcbersicht \u00fcber alle Fuchsideen<\/a>, alles rund ums Feiern mit Kindern in <a href=\"http:\/\/www.sabine-seyffert.de\/blog\/?cat=21\" target=\"_blank\">dieser Rubrik<\/a> und andere kreative Ideen <a href=\"http:\/\/www.creadienstag.de\/2015\/03\/168.html\" target=\"_blank\">da<\/a> und an <a href=\"http:\/\/kiddikram.blogspot.de\/2015\/03\/kiddikram-marz-2015.html\" target=\"_blank\">dieser Stelle<\/a>.<\/p>\n<p style=\"text-align: center;\"><a href=\"http:\/\/www.sabine-seyffert.de\/blog\/wp-content\/uploads\/2015\/03\/A-93.jpg\"><img loading=\"lazy\" decoding=\"async\" class=\"alignnone size-full wp-image-5307\" src=\"http:\/\/www.sabine-seyffert.de\/blog\/wp-content\/uploads\/2015\/03\/A-93.jpg\" alt=\"A 9\" width=\"800\" height=\"600\" srcset=\"https:\/\/www.sabine-seyffert.de\/blog\/wp-content\/uploads\/2015\/03\/A-93.jpg 800w, https:\/\/www.sabine-seyffert.de\/blog\/wp-content\/uploads\/2015\/03\/A-93-300x225.jpg 300w\" sizes=\"auto, (max-width: 800px) 100vw, 800px\" \/><\/a><\/p>\n<p style=\"text-align: justify;\"><a href=\"http:\/\/www.sabine-seyffert.de\/blog\/?page_id=32#urheberrecht\">urheberrechtlich gesch\u00fctzt<\/a>, \u00a9 Sabine Seyffert<\/p>\n","protected":false},"excerpt":{"rendered":"<p>Was w\u00e4re eine Feier ohne die passende Girlande? Bei uns eigentlich undenkbar! So habe ich auch f\u00fcr diesen Kindergeburtstag eine zum Thema passende Wimpelkette angefertigt. Die Wimpel stammen aus ganz normalem Packpapier, wie auch f\u00fcr diese ganz au\u00dfergew\u00f6hnliche Geburtstagsdekoration oder auch diesen Anlass verwenden. Das Basteln und N\u00e4hen hat zwar einige Zeit in Anspruch genommen,&#8230; <a href=\"https:\/\/www.sabine-seyffert.de\/blog\/geburtstagsgirlande-und-das-fuchsfieber-geht-um\/\" class=\"more-link\">Read more: Geburtstagsgirlande &#038; und das Fuchsfieber geht um<\/a><\/p>\n","protected":false},"author":2,"featured_media":0,"comment_status":"open","ping_status":"open","sticky":false,"template":"","format":"standard","meta":{"_metis_text_type":"","_metis_text_length":2586,"_post_count":0,"footnotes":""},"categories":[12,45,21],"tags":[],"class_list":["post-5298","post","type-post","status-publish","format-standard","hentry","category-deko-ideen","category-fuchsgeburtstag","category-kinderfeste-partys"],"_links":{"self":[{"href":"https:\/\/www.sabine-seyffert.de\/blog\/wp-json\/wp\/v2\/posts\/5298","targetHints":{"allow":["GET"]}}],"collection":[{"href":"https:\/\/www.sabine-seyffert.de\/blog\/wp-json\/wp\/v2\/posts"}],"about":[{"href":"https:\/\/www.sabine-seyffert.de\/blog\/wp-json\/wp\/v2\/types\/post"}],"author":[{"embeddable":true,"href":"https:\/\/www.sabine-seyffert.de\/blog\/wp-json\/wp\/v2\/users\/2"}],"replies":[{"embeddable":true,"href":"https:\/\/www.sabine-seyffert.de\/blog\/wp-json\/wp\/v2\/comments?post=5298"}],"version-history":[{"count":10,"href":"https:\/\/www.sabine-seyffert.de\/blog\/wp-json\/wp\/v2\/posts\/5298\/revisions"}],"predecessor-version":[{"id":5782,"href":"https:\/\/www.sabine-seyffert.de\/blog\/wp-json\/wp\/v2\/posts\/5298\/revisions\/5782"}],"wp:attachment":[{"href":"https:\/\/www.sabine-seyffert.de\/blog\/wp-json\/wp\/v2\/media?parent=5298"}],"wp:term":[{"taxonomy":"category","embeddable":true,"href":"https:\/\/www.sabine-seyffert.de\/blog\/wp-json\/wp\/v2\/categories?post=5298"},{"taxonomy":"post_tag","embeddable":true,"href":"https:\/\/www.sabine-seyffert.de\/blog\/wp-json\/wp\/v2\/tags?post=5298"}],"curies":[{"name":"wp","href":"https:\/\/api.w.org\/{rel}","templated":true}]}}