{"id":5243,"date":"2015-03-10T07:12:57","date_gmt":"2015-03-10T05:12:57","guid":{"rendered":"http:\/\/www.sabine-seyffert.de\/blog\/?p=5243"},"modified":"2017-03-02T14:07:18","modified_gmt":"2017-03-02T12:07:18","slug":"feierst-du-mit-einladung-selbst-gemacht","status":"publish","type":"post","link":"https:\/\/www.sabine-seyffert.de\/blog\/feierst-du-mit-einladung-selbst-gemacht\/","title":{"rendered":"Feierst Du mit? Einladung selbst gemacht!"},"content":{"rendered":"<p style=\"text-align: justify;\"><img loading=\"lazy\" decoding=\"async\" src=\"https:\/\/ssl-vg03.met.vgwort.de\/na\/937452196ba546afb2faa52e30b02752\" alt=\"\" width=\"1\" height=\"1\" \/>Das es zum n\u00e4chsten Geburtstag einen \u201eFuchsgeburtstag\u201c geben sollte, stand bereits seit Monaten fest. Und seitdem gr\u00fcbelte ich verzweifelt dar\u00fcber nach, was man zu so einem Thema \u00fcberhaupt machen k\u00f6nnte\u2026<\/p>\n<p style=\"text-align: center;\"><a href=\"http:\/\/www.sabine-seyffert.de\/blog\/wp-content\/uploads\/2015\/03\/A-13.jpg\"><img loading=\"lazy\" decoding=\"async\" class=\"alignnone size-full wp-image-5248\" src=\"http:\/\/www.sabine-seyffert.de\/blog\/wp-content\/uploads\/2015\/03\/A-13.jpg\" alt=\"A 1\" width=\"800\" height=\"600\" srcset=\"https:\/\/www.sabine-seyffert.de\/blog\/wp-content\/uploads\/2015\/03\/A-13.jpg 800w, https:\/\/www.sabine-seyffert.de\/blog\/wp-content\/uploads\/2015\/03\/A-13-300x225.jpg 300w\" sizes=\"auto, (max-width: 800px) 100vw, 800px\" \/><\/a><\/p>\n<p style=\"text-align: justify;\">Der Geburtstag r\u00fcckte n\u00e4her und der Nachwuchs bestand weiterhin auf \u201eF\u00fcchse\u201c. M\u00f6chtet Ihr mitfeiern? Dann los \u2013 den Start dieser neuen Partyreihe machen nat\u00fcrlich, wie auch beim <a href=\"http:\/\/www.sabine-seyffert.de\/blog\/?p=3741\" target=\"_blank\">Dschungelfest<\/a> \u2013 die Einladungen!<\/p>\n<p style=\"text-align: center;\"><a href=\"http:\/\/www.sabine-seyffert.de\/blog\/wp-content\/uploads\/2015\/03\/A-4.jpg\"><img loading=\"lazy\" decoding=\"async\" class=\"alignnone size-full wp-image-5249\" src=\"http:\/\/www.sabine-seyffert.de\/blog\/wp-content\/uploads\/2015\/03\/A-4.jpg\" alt=\"A 4\" width=\"800\" height=\"600\" srcset=\"https:\/\/www.sabine-seyffert.de\/blog\/wp-content\/uploads\/2015\/03\/A-4.jpg 800w, https:\/\/www.sabine-seyffert.de\/blog\/wp-content\/uploads\/2015\/03\/A-4-300x225.jpg 300w\" sizes=\"auto, (max-width: 800px) 100vw, 800px\" \/><\/a><\/p>\n<p style=\"text-align: justify;\"><strong>Das wird gebraucht \/ Material pro Einladung<\/strong>:<br \/>\n1 Holzspatel, Klebstoff, Tonkarton in orange und wei\u00df, eine Schere, 1 St\u00fcck Filz in orange, d\u00fcnne Kordel, Buchstabenstempel, ein kleines Stempelkissen, eine Hei\u00dfklebepistole mit Patrone, 2 kleine Holzkn\u00f6pfe, 1 gro\u00dfer Holzknopf, den Einladungstext<\/p>\n<p style=\"text-align: center;\"><a href=\"http:\/\/www.sabine-seyffert.de\/blog\/wp-content\/uploads\/2015\/03\/A-31.jpg\"><img loading=\"lazy\" decoding=\"async\" class=\"alignnone size-full wp-image-5250\" src=\"http:\/\/www.sabine-seyffert.de\/blog\/wp-content\/uploads\/2015\/03\/A-31.jpg\" alt=\"A 3\" width=\"800\" height=\"600\" srcset=\"https:\/\/www.sabine-seyffert.de\/blog\/wp-content\/uploads\/2015\/03\/A-31.jpg 800w, https:\/\/www.sabine-seyffert.de\/blog\/wp-content\/uploads\/2015\/03\/A-31-300x225.jpg 300w\" sizes=\"auto, (max-width: 800px) 100vw, 800px\" \/><\/a><\/p>\n<p style=\"text-align: justify;\"><strong>So wird\u2019s gemacht:<\/strong><br \/>\nZuerst habe ich f\u00fcr den Fuchskopf eine Schablone angefertigt. Diese zeichnet man mit Bleistift auf den orangefarbenen Tonkarton und schneidet die ben\u00f6tigte Anzahl aus.<\/p>\n<p style=\"text-align: center;\"><a href=\"http:\/\/www.sabine-seyffert.de\/blog\/wp-content\/uploads\/2015\/03\/A-51.jpg\"><img loading=\"lazy\" decoding=\"async\" class=\"alignnone size-full wp-image-5251\" src=\"http:\/\/www.sabine-seyffert.de\/blog\/wp-content\/uploads\/2015\/03\/A-51.jpg\" alt=\"A 5\" width=\"600\" height=\"800\" srcset=\"https:\/\/www.sabine-seyffert.de\/blog\/wp-content\/uploads\/2015\/03\/A-51.jpg 600w, https:\/\/www.sabine-seyffert.de\/blog\/wp-content\/uploads\/2015\/03\/A-51-225x300.jpg 225w\" sizes=\"auto, (max-width: 600px) 100vw, 600px\" \/><\/a><\/p>\n<p style=\"text-align: justify;\">Dann wird der \u201eKopf\u201c mittig geknickt, damit man die Einladung im Innern verstecken kann. Die \u00e4u\u00dfere Kopfseite habe ich mit etwas wei\u00dfem Papier ganz schnell in einen Fuchsgesicht verwandelt.<\/p>\n<p style=\"text-align: center;\"><a href=\"http:\/\/www.sabine-seyffert.de\/blog\/wp-content\/uploads\/2015\/03\/A-61.jpg\"><img loading=\"lazy\" decoding=\"async\" class=\"alignnone size-full wp-image-5252\" src=\"http:\/\/www.sabine-seyffert.de\/blog\/wp-content\/uploads\/2015\/03\/A-61.jpg\" alt=\"A 6\" width=\"800\" height=\"600\" srcset=\"https:\/\/www.sabine-seyffert.de\/blog\/wp-content\/uploads\/2015\/03\/A-61.jpg 800w, https:\/\/www.sabine-seyffert.de\/blog\/wp-content\/uploads\/2015\/03\/A-61-300x225.jpg 300w\" sizes=\"auto, (max-width: 800px) 100vw, 800px\" \/><\/a><\/p>\n<p style=\"text-align: justify;\">Die Ohren wurden per Hand aus d\u00fcnnem Bastelfilz geschnitten und von Hinten an den Kopf geklebt. Aus d\u00fcnner Kordel haben wir ganz einfach ein paar Schnurrbarthaare (ein Kordelst\u00fcck lang lassen!) geknotet und einen gro\u00dfen Holzknopf darauf geklebt. Die Augen bestehen ebenfalls aus kleinen Holzkn\u00f6pfen.<\/p>\n<p style=\"text-align: center;\"><a href=\"http:\/\/www.sabine-seyffert.de\/blog\/wp-content\/uploads\/2015\/03\/A-91.jpg\"><img loading=\"lazy\" decoding=\"async\" class=\"alignnone size-full wp-image-5253\" src=\"http:\/\/www.sabine-seyffert.de\/blog\/wp-content\/uploads\/2015\/03\/A-91.jpg\" alt=\"A 9\" width=\"800\" height=\"600\" srcset=\"https:\/\/www.sabine-seyffert.de\/blog\/wp-content\/uploads\/2015\/03\/A-91.jpg 800w, https:\/\/www.sabine-seyffert.de\/blog\/wp-content\/uploads\/2015\/03\/A-91-300x225.jpg 300w\" sizes=\"auto, (max-width: 800px) 100vw, 800px\" \/><\/a><\/p>\n<p style=\"text-align: justify;\">Den Einladungstext haben wir ausgedruckt, als Oval ausgeschnitten und Innen in den aufgeklappten Fuchskopf hineingeklebt. Nun braucht der Fuchs noch einen Stiel, damit man die Einladung \u00fcberreichen kann. Dazu haben wir meine Holzmundspatelvorr\u00e4te verkleinert und jedem Fuchs einen Spatel von Hinten angeklebt.<\/p>\n<p style=\"text-align: center;\"><a href=\"http:\/\/www.sabine-seyffert.de\/blog\/wp-content\/uploads\/2015\/03\/A-8.jpg\"><img loading=\"lazy\" decoding=\"async\" class=\"alignnone size-full wp-image-5254\" src=\"http:\/\/www.sabine-seyffert.de\/blog\/wp-content\/uploads\/2015\/03\/A-8.jpg\" alt=\"A 8\" width=\"800\" height=\"600\" srcset=\"https:\/\/www.sabine-seyffert.de\/blog\/wp-content\/uploads\/2015\/03\/A-8.jpg 800w, https:\/\/www.sabine-seyffert.de\/blog\/wp-content\/uploads\/2015\/03\/A-8-300x225.jpg 300w\" sizes=\"auto, (max-width: 800px) 100vw, 800px\" \/><\/a><\/p>\n<p style=\"text-align: justify;\">Mit Hei\u00dfkleber klappt das prima. Jetzt kann man das lange Kordelst\u00fcck um den Spatel herum auf der R\u00fcckseite zu einer Schleife binden.<\/p>\n<p style=\"text-align: center;\"><a href=\"http:\/\/www.sabine-seyffert.de\/blog\/wp-content\/uploads\/2015\/03\/A-71.jpg\"><img loading=\"lazy\" decoding=\"async\" class=\"alignnone size-full wp-image-5255\" src=\"http:\/\/www.sabine-seyffert.de\/blog\/wp-content\/uploads\/2015\/03\/A-71.jpg\" alt=\"A 7\" width=\"600\" height=\"792\" srcset=\"https:\/\/www.sabine-seyffert.de\/blog\/wp-content\/uploads\/2015\/03\/A-71.jpg 600w, https:\/\/www.sabine-seyffert.de\/blog\/wp-content\/uploads\/2015\/03\/A-71-227x300.jpg 227w\" sizes=\"auto, (max-width: 600px) 100vw, 600px\" \/><\/a><\/p>\n<p style=\"text-align: justify;\">Wir haben mit sandfarbener Stempelfarbe und Buchstabenstempeln noch \u201eEinladung\u201c auf die Spatel gestempelt. Fast nicht sichtbar und somit ebenso gut getarnt wie ein Fuchs im Wald\u2026<\/p>\n<p style=\"text-align: center;\"><a href=\"http:\/\/www.sabine-seyffert.de\/blog\/wp-content\/uploads\/2015\/03\/A-101.jpg\"><img loading=\"lazy\" decoding=\"async\" class=\"alignnone size-full wp-image-5256\" src=\"http:\/\/www.sabine-seyffert.de\/blog\/wp-content\/uploads\/2015\/03\/A-101.jpg\" alt=\"A 10\" width=\"800\" height=\"611\" srcset=\"https:\/\/www.sabine-seyffert.de\/blog\/wp-content\/uploads\/2015\/03\/A-101.jpg 800w, https:\/\/www.sabine-seyffert.de\/blog\/wp-content\/uploads\/2015\/03\/A-101-300x229.jpg 300w\" sizes=\"auto, (max-width: 800px) 100vw, 800px\" \/><\/a><\/p>\n<p style=\"text-align: justify;\">Eine ganz ausgefallene Ideen zum Thema Fuchs findet Ihr <a href=\"http:\/\/www.sabine-seyffert.de\/blog\/?p=4809\" target=\"_blank\">hier<\/a>, eine spannende &#8220;Fuchsjagd&#8221; <a href=\"http:\/\/www.sabine-seyffert.de\/blog\/?p=3122\" target=\"_blank\">dort<\/a>, lustige Fuchs Masken <a href=\"http:\/\/www.sabine-seyffert.de\/blog\/?p=5507\" target=\"_blank\">da<\/a>, alles zum Thema Kinderfest &amp; Partys <a href=\"http:\/\/www.sabine-seyffert.de\/blog\/?cat=21\" target=\"_blank\">hier<\/a> und andere kreative Dinge <a href=\"http:\/\/www.creadienstag.de\/2015\/03\/166.html\" target=\"_blank\">da<\/a> und auch an <a href=\"http:\/\/kiddikram.blogspot.de\/2015\/03\/kiddikram-marz-2015.html\" target=\"_blank\">dieser<\/a> Stelle \ud83d\ude42<\/p>\n<p style=\"text-align: justify;\">Passende Trinkhalme sind <a href=\"http:\/\/www.sabine-seyffert.de\/blog\/?p=5352\" target=\"_blank\">hier<\/a> zu finden, Tischdeko f\u00fcr das Fuchsfest gibt es <a href=\"http:\/\/www.sabine-seyffert.de\/blog\/?p=5275\" target=\"_blank\">hier<\/a>, fuchsm\u00e4\u00dfige Leckereien <a href=\"http:\/\/www.sabine-seyffert.de\/blog\/?p=5383\" target=\"_blank\">da,<\/a> eine Geburtstagsgirlande <a href=\"http:\/\/www.sabine-seyffert.de\/blog\/?p=5298\" target=\"_blank\">dort,<\/a> weitere Deko zum Fest an <a href=\"http:\/\/www.sabine-seyffert.de\/blog\/?p=5693\" target=\"_blank\">dieser Stelle<\/a>.<\/p>\n<p style=\"text-align: justify;\">Zu guter Letzt: <a href=\"http:\/\/www.sabine-seyffert.de\/blog\/?p=5742\" target=\"_blank\">Hier<\/a> die gesamte \u00dcbersicht mit <span style=\"text-decoration: underline;\"><strong>allen Ideen<\/strong><\/span> zur Fuchsparty!<\/p>\n<p style=\"text-align: justify;\"><a href=\"http:\/\/www.sabine-seyffert.de\/blog\/?page_id=32#urheberrecht\">urheberrechtlich gesch\u00fctzt<\/a>, \u00a9 Sabine Seyffert<\/p>\n<p style=\"text-align: justify;\">\n","protected":false},"excerpt":{"rendered":"<p>Das es zum n\u00e4chsten Geburtstag einen \u201eFuchsgeburtstag\u201c geben sollte, stand bereits seit Monaten fest. Und seitdem gr\u00fcbelte ich verzweifelt dar\u00fcber nach, was man zu so einem Thema \u00fcberhaupt machen k\u00f6nnte\u2026 Der Geburtstag r\u00fcckte n\u00e4her und der Nachwuchs bestand weiterhin auf \u201eF\u00fcchse\u201c. M\u00f6chtet Ihr mitfeiern? Dann los \u2013 den Start dieser neuen Partyreihe machen nat\u00fcrlich, wie&#8230; <a href=\"https:\/\/www.sabine-seyffert.de\/blog\/feierst-du-mit-einladung-selbst-gemacht\/\" class=\"more-link\">Read more: Feierst Du mit? Einladung selbst gemacht!<\/a><\/p>\n","protected":false},"author":2,"featured_media":0,"comment_status":"open","ping_status":"open","sticky":false,"template":"","format":"standard","meta":{"_metis_text_type":"","_metis_text_length":2542,"_post_count":0,"footnotes":""},"categories":[45,21],"tags":[],"class_list":["post-5243","post","type-post","status-publish","format-standard","hentry","category-fuchsgeburtstag","category-kinderfeste-partys"],"_links":{"self":[{"href":"https:\/\/www.sabine-seyffert.de\/blog\/wp-json\/wp\/v2\/posts\/5243","targetHints":{"allow":["GET"]}}],"collection":[{"href":"https:\/\/www.sabine-seyffert.de\/blog\/wp-json\/wp\/v2\/posts"}],"about":[{"href":"https:\/\/www.sabine-seyffert.de\/blog\/wp-json\/wp\/v2\/types\/post"}],"author":[{"embeddable":true,"href":"https:\/\/www.sabine-seyffert.de\/blog\/wp-json\/wp\/v2\/users\/2"}],"replies":[{"embeddable":true,"href":"https:\/\/www.sabine-seyffert.de\/blog\/wp-json\/wp\/v2\/comments?post=5243"}],"version-history":[{"count":10,"href":"https:\/\/www.sabine-seyffert.de\/blog\/wp-json\/wp\/v2\/posts\/5243\/revisions"}],"predecessor-version":[{"id":9698,"href":"https:\/\/www.sabine-seyffert.de\/blog\/wp-json\/wp\/v2\/posts\/5243\/revisions\/9698"}],"wp:attachment":[{"href":"https:\/\/www.sabine-seyffert.de\/blog\/wp-json\/wp\/v2\/media?parent=5243"}],"wp:term":[{"taxonomy":"category","embeddable":true,"href":"https:\/\/www.sabine-seyffert.de\/blog\/wp-json\/wp\/v2\/categories?post=5243"},{"taxonomy":"post_tag","embeddable":true,"href":"https:\/\/www.sabine-seyffert.de\/blog\/wp-json\/wp\/v2\/tags?post=5243"}],"curies":[{"name":"wp","href":"https:\/\/api.w.org\/{rel}","templated":true}]}}