{"id":5225,"date":"2015-03-07T12:33:43","date_gmt":"2015-03-07T10:33:43","guid":{"rendered":"http:\/\/www.sabine-seyffert.de\/blog\/?p=5225"},"modified":"2018-06-26T09:04:18","modified_gmt":"2018-06-26T07:04:18","slug":"erzaehl-mir-doch-mal-von-wuppertal","status":"publish","type":"post","link":"https:\/\/www.sabine-seyffert.de\/blog\/erzaehl-mir-doch-mal-von-wuppertal\/","title":{"rendered":"Erz\u00e4hl mir doch mal von Wuppertal\u2026"},"content":{"rendered":"<p style=\"text-align: center;\"><img loading=\"lazy\" decoding=\"async\" src=\"https:\/\/ssl-vg03.met.vgwort.de\/na\/9ad6ed32a210460f85405285a218e90f\" alt=\"\" width=\"1\" height=\"1\" \/><a href=\"http:\/\/www.sabine-seyffert.de\/blog\/wp-content\/uploads\/2015\/03\/Wup-1.jpg\"><img loading=\"lazy\" decoding=\"async\" class=\"alignnone size-full wp-image-5226\" src=\"http:\/\/www.sabine-seyffert.de\/blog\/wp-content\/uploads\/2015\/03\/Wup-1.jpg\" alt=\"Wup 1\" width=\"600\" height=\"800\" srcset=\"https:\/\/www.sabine-seyffert.de\/blog\/wp-content\/uploads\/2015\/03\/Wup-1.jpg 600w, https:\/\/www.sabine-seyffert.de\/blog\/wp-content\/uploads\/2015\/03\/Wup-1-225x300.jpg 225w\" sizes=\"auto, (max-width: 600px) 100vw, 600px\" \/><\/a><\/p>\n<p style=\"text-align: justify;\">Vor einiger Zeit hat mir meine Kollegin Manuela Sanne, die einige von Euch sicher von Taltexte oder Reimerlei her kennen, ihr neuestes Buch \u201eErkl\u00e4r mir mal Wuppertal\u201c geschenkt.<\/p>\n<p style=\"text-align: center;\"><a href=\"http:\/\/www.sabine-seyffert.de\/blog\/wp-content\/uploads\/2015\/03\/Wup-11.jpg\"><img loading=\"lazy\" decoding=\"async\" class=\"alignnone size-full wp-image-5228\" src=\"http:\/\/www.sabine-seyffert.de\/blog\/wp-content\/uploads\/2015\/03\/Wup-11.jpg\" alt=\"Wup 11\" width=\"600\" height=\"800\" srcset=\"https:\/\/www.sabine-seyffert.de\/blog\/wp-content\/uploads\/2015\/03\/Wup-11.jpg 600w, https:\/\/www.sabine-seyffert.de\/blog\/wp-content\/uploads\/2015\/03\/Wup-11-225x300.jpg 225w\" sizes=\"auto, (max-width: 600px) 100vw, 600px\" \/><\/a><\/p>\n<p style=\"text-align: justify;\">Damit hat sie uns eine wirklich gro\u00dfe Freude gemacht. Denn dieses Buch steckt voller Geschichten, spannenden Informationen, kleinen Reisen in die Vergangenheit, wissenswerten Dingen zu den vielen Stadtteilen und nat\u00fcrlich von Ecken in unserer Stadt, an denen es allerhand zu entdecken und zu bestaunen gibt!<\/p>\n<p style=\"text-align: center;\"><a href=\"http:\/\/www.sabine-seyffert.de\/blog\/wp-content\/uploads\/2015\/03\/Wup-6.jpg\"><img loading=\"lazy\" decoding=\"async\" class=\"alignnone size-full wp-image-5229\" src=\"http:\/\/www.sabine-seyffert.de\/blog\/wp-content\/uploads\/2015\/03\/Wup-6.jpg\" alt=\"Wup 6\" width=\"800\" height=\"600\" srcset=\"https:\/\/www.sabine-seyffert.de\/blog\/wp-content\/uploads\/2015\/03\/Wup-6.jpg 800w, https:\/\/www.sabine-seyffert.de\/blog\/wp-content\/uploads\/2015\/03\/Wup-6-300x225.jpg 300w\" sizes=\"auto, (max-width: 800px) 100vw, 800px\" \/><\/a><\/p>\n<p style=\"text-align: justify;\">Schon beim Lesen des ersten Kapitels, in dem die spannende Reise in die Vergangenheit startet, musste ich schmunzeln. Denn genau diese hatten wir im vergangenen Jahr bei einem Familienausflug angetreten: im <a href=\"http:\/\/www.sabine-seyffert.de\/blog\/?p=4217\" target=\"_blank\" rel=\"noopener\">Zeittunnel in W\u00fclfrath<\/a>. Dort kann man das Gelesene dann direkt vor Ort bestaunen und besichtigen.<\/p>\n<p style=\"text-align: center;\"><a href=\"http:\/\/www.sabine-seyffert.de\/blog\/wp-content\/uploads\/2015\/03\/wup-12.jpg\"><img loading=\"lazy\" decoding=\"async\" class=\"alignnone size-full wp-image-5230\" src=\"http:\/\/www.sabine-seyffert.de\/blog\/wp-content\/uploads\/2015\/03\/wup-12.jpg\" alt=\"wup 12\" width=\"600\" height=\"800\" srcset=\"https:\/\/www.sabine-seyffert.de\/blog\/wp-content\/uploads\/2015\/03\/wup-12.jpg 600w, https:\/\/www.sabine-seyffert.de\/blog\/wp-content\/uploads\/2015\/03\/wup-12-225x300.jpg 225w\" sizes=\"auto, (max-width: 600px) 100vw, 600px\" \/><\/a><\/p>\n<p style=\"text-align: justify;\">Nat\u00fcrlich erf\u00e4hrt man in dem Buch auch, wodurch das Bergische Land zu seinem Namen kam. Sicher erinnert Ihr Euch noch an die Grafen von Berg, von denen ich bereits berichtet habe, die ihren Sitz auf <a href=\"http:\/\/www.sabine-seyffert.de\/blog\/?p=3994\" target=\"_blank\" rel=\"noopener\">Schloss Burg<\/a> hatten. Ein wunderbares Ausflugsziel, das ich euch wirklich empfehlen kann!<\/p>\n<p style=\"text-align: center;\"><a href=\"http:\/\/www.sabine-seyffert.de\/blog\/wp-content\/uploads\/2015\/03\/Wup-13.jpg\"><img loading=\"lazy\" decoding=\"async\" class=\"alignnone size-full wp-image-5231\" src=\"http:\/\/www.sabine-seyffert.de\/blog\/wp-content\/uploads\/2015\/03\/Wup-13.jpg\" alt=\"Wup 13\" width=\"600\" height=\"800\" srcset=\"https:\/\/www.sabine-seyffert.de\/blog\/wp-content\/uploads\/2015\/03\/Wup-13.jpg 600w, https:\/\/www.sabine-seyffert.de\/blog\/wp-content\/uploads\/2015\/03\/Wup-13-225x300.jpg 225w\" sizes=\"auto, (max-width: 600px) 100vw, 600px\" \/><\/a><\/p>\n<p style=\"text-align: justify;\">Dar\u00fcber hinaus findet man in dem Buch nicht nur Geschichten zum Vorlesen, sondern auch allerhand Geschichtliches rund um Wuppertal. Zu jedem der Stadtteile wird von Besonderheiten erz\u00e4hlt, das Wichtigste in kleinen Schautafeln zusammengefasst, altes Kartenmaterial gezeigt und auch Fotos aus alten wie neuen Zeiten.<\/p>\n<p style=\"text-align: center;\"><a href=\"http:\/\/www.sabine-seyffert.de\/blog\/wp-content\/uploads\/2015\/03\/Wup-4.jpg\"><img loading=\"lazy\" decoding=\"async\" class=\"alignnone size-full wp-image-5232\" src=\"http:\/\/www.sabine-seyffert.de\/blog\/wp-content\/uploads\/2015\/03\/Wup-4.jpg\" alt=\"Wup 4\" width=\"600\" height=\"800\" srcset=\"https:\/\/www.sabine-seyffert.de\/blog\/wp-content\/uploads\/2015\/03\/Wup-4.jpg 600w, https:\/\/www.sabine-seyffert.de\/blog\/wp-content\/uploads\/2015\/03\/Wup-4-225x300.jpg 225w\" sizes=\"auto, (max-width: 600px) 100vw, 600px\" \/><\/a><\/p>\n<p style=\"text-align: justify;\">Besonders interessant ist f\u00fcr uns nat\u00fcrlich der Stadtteil Vohwinkel. Hier erf\u00e4hrt der Leser bsp. welche Bedeutung <a href=\"http:\/\/www.sabine-seyffert.de\/blog\/?p=2365\" target=\"_blank\" rel=\"noopener\">der Bahnhof<\/a> f\u00fcr die Stadt hatte. Sehr beliebt ist bei uns <a href=\"http:\/\/www.sabine-seyffert.de\/blog\/?p=3122\" target=\"_blank\" rel=\"noopener\">der Fuchs<\/a>, der sich auch im Wappen wieder findet und den man an etlichen Ecken in diesem Stadtteil suchen kann.<\/p>\n<p style=\"text-align: center;\"><a href=\"http:\/\/www.sabine-seyffert.de\/blog\/wp-content\/uploads\/2015\/03\/Wup-2.jpg\"><img loading=\"lazy\" decoding=\"async\" class=\"alignnone size-full wp-image-5233\" src=\"http:\/\/www.sabine-seyffert.de\/blog\/wp-content\/uploads\/2015\/03\/Wup-2.jpg\" alt=\"Wup 2\" width=\"600\" height=\"800\" srcset=\"https:\/\/www.sabine-seyffert.de\/blog\/wp-content\/uploads\/2015\/03\/Wup-2.jpg 600w, https:\/\/www.sabine-seyffert.de\/blog\/wp-content\/uploads\/2015\/03\/Wup-2-225x300.jpg 225w\" sizes=\"auto, (max-width: 600px) 100vw, 600px\" \/><\/a><\/p>\n<p style=\"text-align: justify;\">Nat\u00fcrlich gibt es auch Infos rund um die Schwebebahn, die auf der Welt fast einzigartig und eine echte Besonderheit ist.<\/p>\n<p style=\"text-align: center;\"><a href=\"http:\/\/www.sabine-seyffert.de\/blog\/wp-content\/uploads\/2015\/03\/Wup-7.jpg\"><img loading=\"lazy\" decoding=\"async\" class=\"alignnone size-full wp-image-5234\" src=\"http:\/\/www.sabine-seyffert.de\/blog\/wp-content\/uploads\/2015\/03\/Wup-7.jpg\" alt=\"Wup 7\" width=\"800\" height=\"600\" srcset=\"https:\/\/www.sabine-seyffert.de\/blog\/wp-content\/uploads\/2015\/03\/Wup-7.jpg 800w, https:\/\/www.sabine-seyffert.de\/blog\/wp-content\/uploads\/2015\/03\/Wup-7-300x225.jpg 300w\" sizes=\"auto, (max-width: 800px) 100vw, 800px\" \/><\/a><\/p>\n<p style=\"text-align: justify;\">Nicht zu vergessen <a href=\"http:\/\/www.sabine-seyffert.de\/blog\/?p=1830\" target=\"_blank\" rel=\"noopener\">der Zoo<\/a>, die Gr\u00fcnanlagen wie <a href=\"http:\/\/www.sabine-seyffert.de\/blog\/?p=2278\" target=\"_blank\" rel=\"noopener\">hier<\/a> oder <a href=\"http:\/\/www.sabine-seyffert.de\/blog\/?p=4613\" target=\"_blank\" rel=\"noopener\">hier<\/a> schon einmal detailliert vorgestellt, W\u00e4lder, Brunnen, Treppen, <a href=\"http:\/\/www.sabine-seyffert.de\/blog\/?p=2342\" target=\"_blank\" rel=\"noopener\">T\u00fcrme<\/a>, die <a href=\"http:\/\/de.wikipedia.org\/wiki\/Schwimmoper_%28Wuppertal%29\" target=\"_blank\" rel=\"noopener\">Schwimmoper<\/a>, <a href=\"http:\/\/www.stadthalle.de\/\" target=\"_blank\" rel=\"noopener\">Stadthalle<\/a> und andere sehenswerte Dinge, die Wuppertal f\u00fcr Klein &amp; Gro\u00df bereit h\u00e4lt.<\/p>\n<p style=\"text-align: center;\"><a href=\"http:\/\/www.sabine-seyffert.de\/blog\/wp-content\/uploads\/2015\/03\/Wup-5.jpg\"><img loading=\"lazy\" decoding=\"async\" class=\"alignnone size-full wp-image-5235\" src=\"http:\/\/www.sabine-seyffert.de\/blog\/wp-content\/uploads\/2015\/03\/Wup-5.jpg\" alt=\"Wup 5\" width=\"800\" height=\"600\" srcset=\"https:\/\/www.sabine-seyffert.de\/blog\/wp-content\/uploads\/2015\/03\/Wup-5.jpg 800w, https:\/\/www.sabine-seyffert.de\/blog\/wp-content\/uploads\/2015\/03\/Wup-5-300x225.jpg 300w\" sizes=\"auto, (max-width: 800px) 100vw, 800px\" \/><\/a><\/p>\n<p style=\"text-align: justify;\">Das Buch ist wirklich sehr zu empfehlen. In unserem Hause dient es gerade als \u201eGute Nacht Lekt\u00fcre\u201c und sorgt f\u00fcr reichlich Gespr\u00e4chsstoff vor dem Schlafengehen.<\/p>\n<p style=\"text-align: center;\"><a href=\"http:\/\/www.sabine-seyffert.de\/blog\/wp-content\/uploads\/2015\/03\/Wup-3.jpg\"><img loading=\"lazy\" decoding=\"async\" class=\"alignnone size-full wp-image-5236\" src=\"http:\/\/www.sabine-seyffert.de\/blog\/wp-content\/uploads\/2015\/03\/Wup-3.jpg\" alt=\"Wup 3\" width=\"800\" height=\"600\" srcset=\"https:\/\/www.sabine-seyffert.de\/blog\/wp-content\/uploads\/2015\/03\/Wup-3.jpg 800w, https:\/\/www.sabine-seyffert.de\/blog\/wp-content\/uploads\/2015\/03\/Wup-3-300x225.jpg 300w\" sizes=\"auto, (max-width: 800px) 100vw, 800px\" \/><\/a><\/p>\n<p style=\"text-align: justify;\">Aber auch als Geschenk, als Mitbringsel von einem Stadtbesuch oder f\u00fcr all diejenigen, die sich f\u00fcr Wuppertal interessieren ist dieses Buch ganz wunderbar geeignet!<\/p>\n<p style=\"text-align: center;\"><a href=\"http:\/\/www.sabine-seyffert.de\/blog\/wp-content\/uploads\/2015\/03\/Wup-14.jpg\"><img loading=\"lazy\" decoding=\"async\" class=\"alignnone size-full wp-image-5237\" src=\"http:\/\/www.sabine-seyffert.de\/blog\/wp-content\/uploads\/2015\/03\/Wup-14.jpg\" alt=\"Wup 14\" width=\"800\" height=\"600\" srcset=\"https:\/\/www.sabine-seyffert.de\/blog\/wp-content\/uploads\/2015\/03\/Wup-14.jpg 800w, https:\/\/www.sabine-seyffert.de\/blog\/wp-content\/uploads\/2015\/03\/Wup-14-300x225.jpg 300w\" sizes=\"auto, (max-width: 800px) 100vw, 800px\" \/><\/a><\/p>\n<p style=\"text-align: justify;\">Wer auf der Suche nach tollen Ausflugszielen in Wuppertal und Umgebung ist, darf gerne in <a href=\"http:\/\/www.sabine-seyffert.de\/blog\/?cat=39\" target=\"_blank\" rel=\"noopener\">dieser Rubrik<\/a> st\u00f6bern \ud83d\ude42<\/p>\n<p style=\"text-align: center;\"><a href=\"http:\/\/www.sabine-seyffert.de\/blog\/wp-content\/uploads\/2015\/03\/A-12.jpg\"><img loading=\"lazy\" decoding=\"async\" class=\"alignnone size-full wp-image-5238\" src=\"http:\/\/www.sabine-seyffert.de\/blog\/wp-content\/uploads\/2015\/03\/A-12.jpg\" alt=\"A 1\" width=\"800\" height=\"657\" srcset=\"https:\/\/www.sabine-seyffert.de\/blog\/wp-content\/uploads\/2015\/03\/A-12.jpg 800w, https:\/\/www.sabine-seyffert.de\/blog\/wp-content\/uploads\/2015\/03\/A-12-300x246.jpg 300w\" sizes=\"auto, (max-width: 800px) 100vw, 800px\" \/><\/a><\/p>\n<p><a href=\"http:\/\/www.sabine-seyffert.de\/blog\/?page_id=32#urheberrecht\">urheberrechtlich gesch\u00fctzt<\/a>, \u00a9 Sabine Seyffert<\/p>\n","protected":false},"excerpt":{"rendered":"<p>Vor einiger Zeit hat mir meine Kollegin Manuela Sanne, die einige von Euch sicher von Taltexte oder Reimerlei her kennen, ihr neuestes Buch \u201eErkl\u00e4r mir mal Wuppertal\u201c geschenkt. Damit hat sie uns eine wirklich gro\u00dfe Freude gemacht. Denn dieses Buch steckt voller Geschichten, spannenden Informationen, kleinen Reisen in die Vergangenheit, wissenswerten Dingen zu den vielen&#8230; <a href=\"https:\/\/www.sabine-seyffert.de\/blog\/erzaehl-mir-doch-mal-von-wuppertal\/\" class=\"more-link\">Read more: Erz\u00e4hl mir doch mal von Wuppertal\u2026<\/a><\/p>\n","protected":false},"author":2,"featured_media":0,"comment_status":"open","ping_status":"open","sticky":false,"template":"","format":"standard","meta":{"_metis_text_type":"","_metis_text_length":2525,"_post_count":0,"footnotes":""},"categories":[39,20],"tags":[],"class_list":["post-5225","post","type-post","status-publish","format-standard","hentry","category-ausfluge-co","category-bucher"],"_links":{"self":[{"href":"https:\/\/www.sabine-seyffert.de\/blog\/wp-json\/wp\/v2\/posts\/5225","targetHints":{"allow":["GET"]}}],"collection":[{"href":"https:\/\/www.sabine-seyffert.de\/blog\/wp-json\/wp\/v2\/posts"}],"about":[{"href":"https:\/\/www.sabine-seyffert.de\/blog\/wp-json\/wp\/v2\/types\/post"}],"author":[{"embeddable":true,"href":"https:\/\/www.sabine-seyffert.de\/blog\/wp-json\/wp\/v2\/users\/2"}],"replies":[{"embeddable":true,"href":"https:\/\/www.sabine-seyffert.de\/blog\/wp-json\/wp\/v2\/comments?post=5225"}],"version-history":[{"count":5,"href":"https:\/\/www.sabine-seyffert.de\/blog\/wp-json\/wp\/v2\/posts\/5225\/revisions"}],"predecessor-version":[{"id":12838,"href":"https:\/\/www.sabine-seyffert.de\/blog\/wp-json\/wp\/v2\/posts\/5225\/revisions\/12838"}],"wp:attachment":[{"href":"https:\/\/www.sabine-seyffert.de\/blog\/wp-json\/wp\/v2\/media?parent=5225"}],"wp:term":[{"taxonomy":"category","embeddable":true,"href":"https:\/\/www.sabine-seyffert.de\/blog\/wp-json\/wp\/v2\/categories?post=5225"},{"taxonomy":"post_tag","embeddable":true,"href":"https:\/\/www.sabine-seyffert.de\/blog\/wp-json\/wp\/v2\/tags?post=5225"}],"curies":[{"name":"wp","href":"https:\/\/api.w.org\/{rel}","templated":true}]}}