{"id":5160,"date":"2015-02-15T10:53:34","date_gmt":"2015-02-15T08:53:34","guid":{"rendered":"http:\/\/www.sabine-seyffert.de\/blog\/?p=5160"},"modified":"2017-03-02T14:12:04","modified_gmt":"2017-03-02T12:12:04","slug":"selbst-gemachte-fruehlingsdeko-2-diy","status":"publish","type":"post","link":"https:\/\/www.sabine-seyffert.de\/blog\/selbst-gemachte-fruehlingsdeko-2-diy\/","title":{"rendered":"Selbst gemachte Fr\u00fchlingsdeko # 2 \/ DIY"},"content":{"rendered":"<p style=\"text-align: justify;\"><img loading=\"lazy\" decoding=\"async\" src=\"https:\/\/ssl-vg03.met.vgwort.de\/na\/4e665b8d75034230b01397ef9134738f\" alt=\"\" width=\"1\" height=\"1\" \/>Wie Ihr <a href=\"http:\/\/www.sabine-seyffert.de\/blog\/?p=5134\" target=\"_blank\">meinem letzten Post<\/a> entnehmen konntet, ist soeben mein neuestes DIY Buch \u201e<a href=\"http:\/\/www.sabine-seyffert.de\/buch1.php?i=76&amp;q=\" target=\"_blank\">Selbst gemachte Fr\u00fchlingsdeko<\/a>\u201c beim <a href=\"http:\/\/www.blooms.de\/blooms-deco\/medien\/buecher-produktdetails\/pf-b-20152.html\" target=\"_blank\">Blooms Verlag<\/a> erschienen.<\/p>\n<p style=\"text-align: center;\"><a href=\"http:\/\/www.sabine-seyffert.de\/blog\/wp-content\/uploads\/2015\/02\/F-1.jpg\"><img loading=\"lazy\" decoding=\"async\" class=\"alignnone size-full wp-image-5162\" src=\"http:\/\/www.sabine-seyffert.de\/blog\/wp-content\/uploads\/2015\/02\/F-1.jpg\" alt=\"F 1\" width=\"800\" height=\"600\" srcset=\"https:\/\/www.sabine-seyffert.de\/blog\/wp-content\/uploads\/2015\/02\/F-1.jpg 800w, https:\/\/www.sabine-seyffert.de\/blog\/wp-content\/uploads\/2015\/02\/F-1-300x225.jpg 300w\" sizes=\"auto, (max-width: 800px) 100vw, 800px\" \/><\/a><\/p>\n<p style=\"text-align: justify;\">Da Vorfreude bekanntlich eine der sch\u00f6nsten Freuden ist, habe ich mich gleich ans Werk gemacht und einen Schwung an fr\u00fchlingshaften Gr\u00fc\u00dfen gebastelt. Die Grundidee zu dieser farbenfrohen Bastelei stammt aus meinem neuen Buch, jedoch habe ich diese f\u00fcr den gew\u00fcnschten Zweck \u2013 bl\u00fchende Fr\u00fchlingsgr\u00fc\u00dfe per Post \u2013 entsprechend abge\u00e4ndert.<\/p>\n<p style=\"text-align: center;\"><a href=\"http:\/\/www.sabine-seyffert.de\/blog\/wp-content\/uploads\/2015\/02\/F-2.jpg\"><img loading=\"lazy\" decoding=\"async\" class=\"alignnone size-full wp-image-5163\" src=\"http:\/\/www.sabine-seyffert.de\/blog\/wp-content\/uploads\/2015\/02\/F-2.jpg\" alt=\"F 2\" width=\"800\" height=\"600\" srcset=\"https:\/\/www.sabine-seyffert.de\/blog\/wp-content\/uploads\/2015\/02\/F-2.jpg 800w, https:\/\/www.sabine-seyffert.de\/blog\/wp-content\/uploads\/2015\/02\/F-2-300x225.jpg 300w\" sizes=\"auto, (max-width: 800px) 100vw, 800px\" \/><\/a><\/p>\n<p style=\"text-align: justify;\">Somit wanderten die zahlreichen Fr\u00fchlingsblumen nicht um ein Windlicht oder eine Vase, sondern auf Postkarten aus Kraftpapier. Der Einfachheit halber habe ich diese diesmal nicht selbst zugeschnitten, wie bei meiner <a href=\"http:\/\/www.sabine-seyffert.de\/blog\/?p=4934\" target=\"_blank\">winterlichen Post<\/a> vor Weihnachten, sondern mir die Karten in der Gr\u00f6\u00dfe Din A 6 und Papierst\u00e4rke 250 g\/m\u00b2 bestellt.<\/p>\n<p style=\"text-align: center;\"><a href=\"http:\/\/www.sabine-seyffert.de\/blog\/wp-content\/uploads\/2015\/02\/F-3.jpg\"><img loading=\"lazy\" decoding=\"async\" class=\"alignnone size-full wp-image-5164\" src=\"http:\/\/www.sabine-seyffert.de\/blog\/wp-content\/uploads\/2015\/02\/F-3.jpg\" alt=\"F 3\" width=\"800\" height=\"600\" srcset=\"https:\/\/www.sabine-seyffert.de\/blog\/wp-content\/uploads\/2015\/02\/F-3.jpg 800w, https:\/\/www.sabine-seyffert.de\/blog\/wp-content\/uploads\/2015\/02\/F-3-300x225.jpg 300w\" sizes=\"auto, (max-width: 800px) 100vw, 800px\" \/><\/a><\/p>\n<p style=\"text-align: justify;\">Dieses Papier mag ich ebenso gerne wie naturbraunes Packpapier zum Verpacken von kleinen Geschenken, wie ich es beispielsweise f\u00fcr <a href=\"http:\/\/www.sabine-seyffert.de\/blog\/?p=4597\" target=\"_blank\">die Manschette <\/a>von selbstgebackenem Brot, den <a href=\"http:\/\/www.sabine-seyffert.de\/blog\/?p=4843\" target=\"_blank\">selbst verpacktem Dank<\/a> oder auch f\u00fcr diese <a href=\"http:\/\/www.sabine-seyffert.de\/blog\/?p=714\" target=\"_blank\">farbenfrohe Geburtstagsgirlande<\/a> verwendet habe.<\/p>\n<p style=\"text-align: center;\"><a href=\"http:\/\/www.sabine-seyffert.de\/blog\/wp-content\/uploads\/2015\/02\/F-4.jpg\"><img loading=\"lazy\" decoding=\"async\" class=\"alignnone size-full wp-image-5165\" src=\"http:\/\/www.sabine-seyffert.de\/blog\/wp-content\/uploads\/2015\/02\/F-4.jpg\" alt=\"F 4\" width=\"800\" height=\"600\" srcset=\"https:\/\/www.sabine-seyffert.de\/blog\/wp-content\/uploads\/2015\/02\/F-4.jpg 800w, https:\/\/www.sabine-seyffert.de\/blog\/wp-content\/uploads\/2015\/02\/F-4-300x225.jpg 300w\" sizes=\"auto, (max-width: 800px) 100vw, 800px\" \/><\/a><\/p>\n<p style=\"text-align: justify;\">F\u00fcr die kunterbunten Bl\u00fcten der selbst gebastelten Blumenwiese kann man wunderbar kleine Papierreste verwenden. Die Blumen d\u00fcrfen hierbei ruhig aus verschiedenen Papiermustern, Farben oder auch Papierarten bestehen. F\u00fcr die Blumenstiele reichen bei der abge\u00e4nderten Variante auch normale Zahnstocher aus Holz aus.<\/p>\n<p style=\"text-align: center;\"><a href=\"http:\/\/www.sabine-seyffert.de\/blog\/wp-content\/uploads\/2015\/02\/F-5.jpg\"><img loading=\"lazy\" decoding=\"async\" class=\"alignnone size-full wp-image-5166\" src=\"http:\/\/www.sabine-seyffert.de\/blog\/wp-content\/uploads\/2015\/02\/F-5.jpg\" alt=\"F 5\" width=\"800\" height=\"600\" srcset=\"https:\/\/www.sabine-seyffert.de\/blog\/wp-content\/uploads\/2015\/02\/F-5.jpg 800w, https:\/\/www.sabine-seyffert.de\/blog\/wp-content\/uploads\/2015\/02\/F-5-300x225.jpg 300w\" sizes=\"auto, (max-width: 800px) 100vw, 800px\" \/><\/a><\/p>\n<p style=\"text-align: justify;\">Pro Karte sind mehrere Blumen auf die Wiese aus Wellpappe gewandert, die mit Hilfe von Hei\u00dfkleber befestigt wurden. Ich hoffe sehr, die fr\u00fchlingshaften Gr\u00fc\u00dfe per Post sind auf diese Weise allesamt heil und unversehrt bei den jeweiligen Empf\u00e4ngern angekommen \ud83d\ude42<\/p>\n<p style=\"text-align: center;\"><a href=\"http:\/\/www.sabine-seyffert.de\/blog\/wp-content\/uploads\/2015\/02\/F-6.jpg\"><img loading=\"lazy\" decoding=\"async\" class=\"alignnone size-full wp-image-5167\" src=\"http:\/\/www.sabine-seyffert.de\/blog\/wp-content\/uploads\/2015\/02\/F-6.jpg\" alt=\"F 6\" width=\"800\" height=\"600\" srcset=\"https:\/\/www.sabine-seyffert.de\/blog\/wp-content\/uploads\/2015\/02\/F-6.jpg 800w, https:\/\/www.sabine-seyffert.de\/blog\/wp-content\/uploads\/2015\/02\/F-6-300x225.jpg 300w\" sizes=\"auto, (max-width: 800px) 100vw, 800px\" \/><\/a><\/p>\n<p style=\"text-align: justify;\">Auch wenn der Winter uns im Moment noch fest im Griff hat, so zaubern die postalischen Blumengr\u00fc\u00dfe zumindest schon einmal einen kleinen Hauch von Fr\u00fchling in die eigenen vier W\u00e4nde. Oder sorgen zumindest im winterlichen Wei\u00df f\u00fcr ein paar willkommene Farbtupfer\u2026<\/p>\n<p style=\"text-align: center;\"><a href=\"http:\/\/www.sabine-seyffert.de\/blog\/wp-content\/uploads\/2015\/02\/F-7.jpg\"><img loading=\"lazy\" decoding=\"async\" class=\"alignnone size-full wp-image-5168\" src=\"http:\/\/www.sabine-seyffert.de\/blog\/wp-content\/uploads\/2015\/02\/F-7.jpg\" alt=\"F 7\" width=\"800\" height=\"600\" srcset=\"https:\/\/www.sabine-seyffert.de\/blog\/wp-content\/uploads\/2015\/02\/F-7.jpg 800w, https:\/\/www.sabine-seyffert.de\/blog\/wp-content\/uploads\/2015\/02\/F-7-300x225.jpg 300w\" sizes=\"auto, (max-width: 800px) 100vw, 800px\" \/><\/a><\/p>\n<p><a href=\"http:\/\/www.sabine-seyffert.de\/blog\/?page_id=32#urheberrecht\">urheberrechtlich gesch\u00fctzt<\/a>, \u00a9 Sabine Seyffert<\/p>\n","protected":false},"excerpt":{"rendered":"<p>Wie Ihr meinem letzten Post entnehmen konntet, ist soeben mein neuestes DIY Buch \u201eSelbst gemachte Fr\u00fchlingsdeko\u201c beim Blooms Verlag erschienen. Da Vorfreude bekanntlich eine der sch\u00f6nsten Freuden ist, habe ich mich gleich ans Werk gemacht und einen Schwung an fr\u00fchlingshaften Gr\u00fc\u00dfen gebastelt. Die Grundidee zu dieser farbenfrohen Bastelei stammt aus meinem neuen Buch, jedoch habe&#8230; <a href=\"https:\/\/www.sabine-seyffert.de\/blog\/selbst-gemachte-fruehlingsdeko-2-diy\/\" class=\"more-link\">Read more: Selbst gemachte Fr\u00fchlingsdeko # 2 \/ DIY<\/a><\/p>\n","protected":false},"author":2,"featured_media":0,"comment_status":"open","ping_status":"open","sticky":false,"template":"","format":"standard","meta":{"_metis_text_type":"","_metis_text_length":1960,"_post_count":0,"footnotes":""},"categories":[20,12,23,51],"tags":[],"class_list":["post-5160","post","type-post","status-publish","format-standard","hentry","category-bucher","category-deko-ideen","category-fruhling","category-postkarten-grusskarten"],"_links":{"self":[{"href":"https:\/\/www.sabine-seyffert.de\/blog\/wp-json\/wp\/v2\/posts\/5160","targetHints":{"allow":["GET"]}}],"collection":[{"href":"https:\/\/www.sabine-seyffert.de\/blog\/wp-json\/wp\/v2\/posts"}],"about":[{"href":"https:\/\/www.sabine-seyffert.de\/blog\/wp-json\/wp\/v2\/types\/post"}],"author":[{"embeddable":true,"href":"https:\/\/www.sabine-seyffert.de\/blog\/wp-json\/wp\/v2\/users\/2"}],"replies":[{"embeddable":true,"href":"https:\/\/www.sabine-seyffert.de\/blog\/wp-json\/wp\/v2\/comments?post=5160"}],"version-history":[{"count":6,"href":"https:\/\/www.sabine-seyffert.de\/blog\/wp-json\/wp\/v2\/posts\/5160\/revisions"}],"predecessor-version":[{"id":5173,"href":"https:\/\/www.sabine-seyffert.de\/blog\/wp-json\/wp\/v2\/posts\/5160\/revisions\/5173"}],"wp:attachment":[{"href":"https:\/\/www.sabine-seyffert.de\/blog\/wp-json\/wp\/v2\/media?parent=5160"}],"wp:term":[{"taxonomy":"category","embeddable":true,"href":"https:\/\/www.sabine-seyffert.de\/blog\/wp-json\/wp\/v2\/categories?post=5160"},{"taxonomy":"post_tag","embeddable":true,"href":"https:\/\/www.sabine-seyffert.de\/blog\/wp-json\/wp\/v2\/tags?post=5160"}],"curies":[{"name":"wp","href":"https:\/\/api.w.org\/{rel}","templated":true}]}}