{"id":5145,"date":"2015-02-10T07:18:58","date_gmt":"2015-02-10T05:18:58","guid":{"rendered":"http:\/\/www.sabine-seyffert.de\/blog\/?p=5145"},"modified":"2017-03-02T14:12:53","modified_gmt":"2017-03-02T12:12:53","slug":"bunt-geschmueckt-kinderleichtes-diy","status":"publish","type":"post","link":"https:\/\/www.sabine-seyffert.de\/blog\/bunt-geschmueckt-kinderleichtes-diy\/","title":{"rendered":"Bunt geschm\u00fcckt \/ Kinderleichtes DIY"},"content":{"rendered":"<p style=\"text-align: center;\"><img loading=\"lazy\" decoding=\"async\" src=\"https:\/\/ssl-vg03.met.vgwort.de\/na\/5d676d10e15a40b6bce84f968f481351\" alt=\"\" width=\"1\" height=\"1\" \/><a href=\"http:\/\/www.sabine-seyffert.de\/blog\/wp-content\/uploads\/2015\/02\/A-0.jpg\"><img loading=\"lazy\" decoding=\"async\" class=\"alignnone size-full wp-image-5146\" src=\"http:\/\/www.sabine-seyffert.de\/blog\/wp-content\/uploads\/2015\/02\/A-0.jpg\" alt=\"A 0\" width=\"800\" height=\"600\" srcset=\"https:\/\/www.sabine-seyffert.de\/blog\/wp-content\/uploads\/2015\/02\/A-0.jpg 800w, https:\/\/www.sabine-seyffert.de\/blog\/wp-content\/uploads\/2015\/02\/A-0-300x225.jpg 300w\" sizes=\"auto, (max-width: 800px) 100vw, 800px\" \/><\/a><\/p>\n<p style=\"text-align: justify;\">Kinder lieben es sich zu verkleiden und das nicht nur in der <a href=\"http:\/\/www.sabine-seyffert.de\/blog\/?cat=26\" target=\"_blank\">Karnevalszeit<\/a>! F\u00fcr eine fr\u00f6hliche Feier brauchten wir f\u00fcr unser Indianerkost\u00fcm dringend noch einen bunten Federschmuck f\u00fcr den Kopf. Doch wo auf die Schnelle einen solchen herzaubern?! Da fiel mir der bunte Filz aus meinem Regal mit Bastelmaterial ins Auge. Damit sollte es klappen. Und so war es gl\u00fccklicherweise auch.<\/p>\n<p style=\"text-align: center;\"><a href=\"http:\/\/www.sabine-seyffert.de\/blog\/wp-content\/uploads\/2015\/02\/A-1.jpg\"><img loading=\"lazy\" decoding=\"async\" class=\"alignnone size-full wp-image-5147\" src=\"http:\/\/www.sabine-seyffert.de\/blog\/wp-content\/uploads\/2015\/02\/A-1.jpg\" alt=\"A 1\" width=\"800\" height=\"600\" srcset=\"https:\/\/www.sabine-seyffert.de\/blog\/wp-content\/uploads\/2015\/02\/A-1.jpg 800w, https:\/\/www.sabine-seyffert.de\/blog\/wp-content\/uploads\/2015\/02\/A-1-300x225.jpg 300w\" sizes=\"auto, (max-width: 800px) 100vw, 800px\" \/><\/a><\/p>\n<p style=\"text-align: justify;\"><strong>Das wird gebraucht:<\/strong><br \/>\n1 Bogen Bastelfilz in Din A 4, eine Schere, ein St\u00fcck Gummiband (ca. 10 cm), Zackenlitze, Holzperlen, N\u00e4hgarn,\u00a0 bunte Federn, Stecknadeln, eine N\u00e4hmaschine<\/p>\n<p style=\"text-align: center;\"><a href=\"http:\/\/www.sabine-seyffert.de\/blog\/wp-content\/uploads\/2015\/02\/A-2.jpg\"><img loading=\"lazy\" decoding=\"async\" class=\"alignnone size-full wp-image-5148\" src=\"http:\/\/www.sabine-seyffert.de\/blog\/wp-content\/uploads\/2015\/02\/A-2.jpg\" alt=\"A 2\" width=\"800\" height=\"600\" srcset=\"https:\/\/www.sabine-seyffert.de\/blog\/wp-content\/uploads\/2015\/02\/A-2.jpg 800w, https:\/\/www.sabine-seyffert.de\/blog\/wp-content\/uploads\/2015\/02\/A-2-300x225.jpg 300w\" sizes=\"auto, (max-width: 800px) 100vw, 800px\" \/><\/a><\/p>\n<p style=\"text-align: justify;\"><strong>So wird\u2019s gemacht:<\/strong><br \/>\nZuerst habe ich den Bogen Filz ausgebreitet und von der L\u00e4nge her zwei rund 10 cm breite St\u00fccke abgeschnitten. Die beiden Enden habe ich mit einer ganz normalen, geraden Naht zusammengen\u00e4ht und dadurch die Gesamtl\u00e4nge verdoppelt.<\/p>\n<p style=\"text-align: center;\"><a href=\"http:\/\/www.sabine-seyffert.de\/blog\/wp-content\/uploads\/2015\/02\/A-3.jpg\"><img loading=\"lazy\" decoding=\"async\" class=\"alignnone size-full wp-image-5149\" src=\"http:\/\/www.sabine-seyffert.de\/blog\/wp-content\/uploads\/2015\/02\/A-3.jpg\" alt=\"A 3\" width=\"800\" height=\"600\" srcset=\"https:\/\/www.sabine-seyffert.de\/blog\/wp-content\/uploads\/2015\/02\/A-3.jpg 800w, https:\/\/www.sabine-seyffert.de\/blog\/wp-content\/uploads\/2015\/02\/A-3-300x225.jpg 300w\" sizes=\"auto, (max-width: 800px) 100vw, 800px\" \/><\/a><\/p>\n<p style=\"text-align: justify;\">Jetzt kommen die bunten Federn an die Reihe. Am sch\u00f6nsten sieht es aus, wenn diese m\u00f6glichst lang sind. Die Federn habe ich nun m\u00f6glichst dicht auf den Filz gelegt und diesen dann so umgeschlagen, dass die Federstiele genau mittig in dem Filz versteckt sind.<\/p>\n<p style=\"text-align: center;\"><a href=\"http:\/\/www.sabine-seyffert.de\/blog\/wp-content\/uploads\/2015\/02\/A-4.jpg\"><img loading=\"lazy\" decoding=\"async\" class=\"alignnone size-full wp-image-5150\" src=\"http:\/\/www.sabine-seyffert.de\/blog\/wp-content\/uploads\/2015\/02\/A-4.jpg\" alt=\"A 4\" width=\"800\" height=\"600\" srcset=\"https:\/\/www.sabine-seyffert.de\/blog\/wp-content\/uploads\/2015\/02\/A-4.jpg 800w, https:\/\/www.sabine-seyffert.de\/blog\/wp-content\/uploads\/2015\/02\/A-4-300x225.jpg 300w\" sizes=\"auto, (max-width: 800px) 100vw, 800px\" \/><\/a><\/p>\n<p style=\"text-align: justify;\">Damit alles gut h\u00e4lt, habe ich mit den Stecknadeln die oberen, offenen Enden zusammengesteckt. Damit die Federn nicht mehr raus fallen, habe ich den Filz am oberen Rand zusammen gen\u00e4ht. Genau \u00fcber diese Naht habe ich um den gesamten Filz ein St\u00fcck Zackenlitze gen\u00e4ht. Schlie\u00dflich sind Indianer ja immer kunstvoll geschm\u00fcckt!<\/p>\n<p style=\"text-align: center;\"><a href=\"http:\/\/www.sabine-seyffert.de\/blog\/wp-content\/uploads\/2015\/02\/A-5.jpg\"><img loading=\"lazy\" decoding=\"async\" class=\"alignnone size-full wp-image-5151\" src=\"http:\/\/www.sabine-seyffert.de\/blog\/wp-content\/uploads\/2015\/02\/A-5.jpg\" alt=\"A 5\" width=\"800\" height=\"600\" srcset=\"https:\/\/www.sabine-seyffert.de\/blog\/wp-content\/uploads\/2015\/02\/A-5.jpg 800w, https:\/\/www.sabine-seyffert.de\/blog\/wp-content\/uploads\/2015\/02\/A-5-300x225.jpg 300w\" sizes=\"auto, (max-width: 800px) 100vw, 800px\" \/><\/a><\/p>\n<p style=\"text-align: justify;\">Am schnellsten und einfachsten geht es, wenn man von Innen die hinteren beiden Filzenden mit einem ca. 10 cm langen St\u00fcck Gummi zusammen n\u00e4ht.<\/p>\n<p style=\"text-align: center;\"><a href=\"http:\/\/www.sabine-seyffert.de\/blog\/wp-content\/uploads\/2015\/02\/A-6.jpg\"><img loading=\"lazy\" decoding=\"async\" class=\"alignnone size-full wp-image-5152\" src=\"http:\/\/www.sabine-seyffert.de\/blog\/wp-content\/uploads\/2015\/02\/A-6.jpg\" alt=\"A 6\" width=\"800\" height=\"600\" srcset=\"https:\/\/www.sabine-seyffert.de\/blog\/wp-content\/uploads\/2015\/02\/A-6.jpg 800w, https:\/\/www.sabine-seyffert.de\/blog\/wp-content\/uploads\/2015\/02\/A-6-300x225.jpg 300w\" sizes=\"auto, (max-width: 800px) 100vw, 800px\" \/><\/a><\/p>\n<p style=\"text-align: justify;\">So passt sich der Kopfschmuck dem jeweiligen \u201eIndianerkopf\u201c an, der geschm\u00fcckt werden will und w\u00e4chst auch eine Weile mit. Und besondere N\u00e4hkenntnisse sind hierf\u00fcr zum Gl\u00fcck auch nicht von N\u00f6ten!<\/p>\n<p style=\"text-align: center;\"><a href=\"http:\/\/www.sabine-seyffert.de\/blog\/wp-content\/uploads\/2015\/02\/A-7.jpg\"><img loading=\"lazy\" decoding=\"async\" class=\"alignnone size-full wp-image-5153\" src=\"http:\/\/www.sabine-seyffert.de\/blog\/wp-content\/uploads\/2015\/02\/A-7.jpg\" alt=\"A 7\" width=\"800\" height=\"600\" srcset=\"https:\/\/www.sabine-seyffert.de\/blog\/wp-content\/uploads\/2015\/02\/A-7.jpg 800w, https:\/\/www.sabine-seyffert.de\/blog\/wp-content\/uploads\/2015\/02\/A-7-300x225.jpg 300w\" sizes=\"auto, (max-width: 800px) 100vw, 800px\" \/><\/a><\/p>\n<p style=\"text-align: justify;\">Als T\u00fcpfelchen auf dem \u201ei\u201c sozusagen, hat unser Kopfschmuck auf beiden Seiten in H\u00f6he der Ohren noch zus\u00e4tzlichen Schmuck erhalten.<\/p>\n<p style=\"text-align: center;\"><a href=\"http:\/\/www.sabine-seyffert.de\/blog\/wp-content\/uploads\/2015\/02\/A-9.jpg\"><img loading=\"lazy\" decoding=\"async\" class=\"alignnone size-full wp-image-5154\" src=\"http:\/\/www.sabine-seyffert.de\/blog\/wp-content\/uploads\/2015\/02\/A-9.jpg\" alt=\"A 9\" width=\"800\" height=\"600\" srcset=\"https:\/\/www.sabine-seyffert.de\/blog\/wp-content\/uploads\/2015\/02\/A-9.jpg 800w, https:\/\/www.sabine-seyffert.de\/blog\/wp-content\/uploads\/2015\/02\/A-9-300x225.jpg 300w\" sizes=\"auto, (max-width: 800px) 100vw, 800px\" \/><\/a><\/p>\n<p style=\"text-align: justify;\">Dazu habe ich kleinere St\u00fccke Zackenlitze angen\u00e4ht, sowie einige B\u00e4nder, auf die ich bunte Holzperlen gef\u00e4delt habe.<\/p>\n<p style=\"text-align: center;\"><a href=\"http:\/\/www.sabine-seyffert.de\/blog\/wp-content\/uploads\/2015\/02\/A-10.jpg\"><img loading=\"lazy\" decoding=\"async\" class=\"alignnone size-full wp-image-5155\" src=\"http:\/\/www.sabine-seyffert.de\/blog\/wp-content\/uploads\/2015\/02\/A-10.jpg\" alt=\"A 10\" width=\"800\" height=\"600\" srcset=\"https:\/\/www.sabine-seyffert.de\/blog\/wp-content\/uploads\/2015\/02\/A-10.jpg 800w, https:\/\/www.sabine-seyffert.de\/blog\/wp-content\/uploads\/2015\/02\/A-10-300x225.jpg 300w\" sizes=\"auto, (max-width: 800px) 100vw, 800px\" \/><\/a><\/p>\n<p style=\"text-align: justify;\">Weitere kunterbunte Ideen und Basteleien rund um die Karnevalszeit findet Ihr <a href=\"http:\/\/www.sabine-seyffert.de\/blog\/?cat=26\" target=\"_blank\">hier<\/a>, lustiges f\u00fcr Kinderfeste &amp; Co. <a href=\"http:\/\/www.sabine-seyffert.de\/blog\/?cat=21\" target=\"_blank\">dort<\/a> sowie andere kreative Dinge <a href=\"http:\/\/www.creadienstag.de\/2015\/02\/162.html\" target=\"_blank\">da<\/a> und auch an <a href=\"http:\/\/kiddikram.blogspot.de\/2015\/01\/kiddikram-februar-2015.html\" target=\"_blank\">dieser Stelle<\/a> \u2013 viel Spa\u00df beim Feiern!<\/p>\n<p style=\"text-align: center;\"><a href=\"http:\/\/www.sabine-seyffert.de\/blog\/wp-content\/uploads\/2015\/02\/A-11.jpg\"><img loading=\"lazy\" decoding=\"async\" class=\"alignnone size-full wp-image-5156\" src=\"http:\/\/www.sabine-seyffert.de\/blog\/wp-content\/uploads\/2015\/02\/A-11.jpg\" alt=\"A 11\" width=\"800\" height=\"600\" srcset=\"https:\/\/www.sabine-seyffert.de\/blog\/wp-content\/uploads\/2015\/02\/A-11.jpg 800w, https:\/\/www.sabine-seyffert.de\/blog\/wp-content\/uploads\/2015\/02\/A-11-300x225.jpg 300w\" sizes=\"auto, (max-width: 800px) 100vw, 800px\" \/><\/a><\/p>\n<p><a href=\"http:\/\/www.sabine-seyffert.de\/blog\/?page_id=32#urheberrecht\">urheberrechtlich gesch\u00fctzt<\/a>, \u00a9 Sabine Seyffert<\/p>\n","protected":false},"excerpt":{"rendered":"<p>Kinder lieben es sich zu verkleiden und das nicht nur in der Karnevalszeit! F\u00fcr eine fr\u00f6hliche Feier brauchten wir f\u00fcr unser Indianerkost\u00fcm dringend noch einen bunten Federschmuck f\u00fcr den Kopf. Doch wo auf die Schnelle einen solchen herzaubern?! Da fiel mir der bunte Filz aus meinem Regal mit Bastelmaterial ins Auge. Damit sollte es klappen&#8230;. <a href=\"https:\/\/www.sabine-seyffert.de\/blog\/bunt-geschmueckt-kinderleichtes-diy\/\" class=\"more-link\">Read more: Bunt geschm\u00fcckt \/ Kinderleichtes DIY<\/a><\/p>\n","protected":false},"author":2,"featured_media":0,"comment_status":"open","ping_status":"open","sticky":false,"template":"","format":"standard","meta":{"_metis_text_type":"","_metis_text_length":2229,"_post_count":0,"footnotes":""},"categories":[26,21,33],"tags":[],"class_list":["post-5145","post","type-post","status-publish","format-standard","hentry","category-karneval","category-kinderfeste-partys","category-kreative-naherein"],"_links":{"self":[{"href":"https:\/\/www.sabine-seyffert.de\/blog\/wp-json\/wp\/v2\/posts\/5145","targetHints":{"allow":["GET"]}}],"collection":[{"href":"https:\/\/www.sabine-seyffert.de\/blog\/wp-json\/wp\/v2\/posts"}],"about":[{"href":"https:\/\/www.sabine-seyffert.de\/blog\/wp-json\/wp\/v2\/types\/post"}],"author":[{"embeddable":true,"href":"https:\/\/www.sabine-seyffert.de\/blog\/wp-json\/wp\/v2\/users\/2"}],"replies":[{"embeddable":true,"href":"https:\/\/www.sabine-seyffert.de\/blog\/wp-json\/wp\/v2\/comments?post=5145"}],"version-history":[{"count":2,"href":"https:\/\/www.sabine-seyffert.de\/blog\/wp-json\/wp\/v2\/posts\/5145\/revisions"}],"predecessor-version":[{"id":5158,"href":"https:\/\/www.sabine-seyffert.de\/blog\/wp-json\/wp\/v2\/posts\/5145\/revisions\/5158"}],"wp:attachment":[{"href":"https:\/\/www.sabine-seyffert.de\/blog\/wp-json\/wp\/v2\/media?parent=5145"}],"wp:term":[{"taxonomy":"category","embeddable":true,"href":"https:\/\/www.sabine-seyffert.de\/blog\/wp-json\/wp\/v2\/categories?post=5145"},{"taxonomy":"post_tag","embeddable":true,"href":"https:\/\/www.sabine-seyffert.de\/blog\/wp-json\/wp\/v2\/tags?post=5145"}],"curies":[{"name":"wp","href":"https:\/\/api.w.org\/{rel}","templated":true}]}}