{"id":5134,"date":"2015-02-06T09:09:26","date_gmt":"2015-02-06T07:09:26","guid":{"rendered":"http:\/\/www.sabine-seyffert.de\/blog\/?p=5134"},"modified":"2018-06-26T14:19:58","modified_gmt":"2018-06-26T12:19:58","slug":"selbst-gemachte-fruehlingsdeko-neuerscheinung","status":"publish","type":"post","link":"https:\/\/www.sabine-seyffert.de\/blog\/selbst-gemachte-fruehlingsdeko-neuerscheinung\/","title":{"rendered":"Selbst gemachte Fr\u00fchlingsdeko \/ Neuerscheinung"},"content":{"rendered":"<p style=\"text-align: justify;\"><img loading=\"lazy\" decoding=\"async\" src=\"https:\/\/ssl-vg03.met.vgwort.de\/na\/f4b4ec83e0e54e778550cfabf5fee89f\" alt=\"\" width=\"1\" height=\"1\" \/>Gerade an kalten Wintertage wie in dieser Woche, w\u00e4chst die Vorfreude auf den Fr\u00fchling: Man sehnt sich nach W\u00e4rme, Sonnenschein und ein wenig Farbe!<\/p>\n<p style=\"text-align: justify;\">Wenn die ersten Fr\u00fchlingssonnenstrahlen die Erde aus dem tiefen Winterschlaf wecken, scheint Drau\u00dfen ein regelrechter Wettlauf zu beginnen. Der Himmel f\u00e4rbt sich immer \u00f6fter Fr\u00fchlingsblau, die ersten gr\u00fcnen Bl\u00e4tter sprie\u00dfen an B\u00fcschen und B\u00e4umen, Schneegl\u00f6ckchen und Krokusse liefern sich einen Wettstreit und bringen allerhand fr\u00f6hliche Farbtupfer zwischen das gr\u00fcne Gras. Selbst die Luft duftet zart nach Fr\u00fchling und lockt uns immer \u00f6fter aus dem Haus\u2026<\/p>\n<p style=\"text-align: justify;\">Drinnen, in den eigenen vier W\u00e4nden, ist es im Winter nach Weihnachten meist ebenso kahl und leer wie im Wald, Feld und Garten. Daher kommt mein neuestes DIY Buch ganz genau zur richtigen Zeit: Selbst gemachte Fr\u00fchlingsdeko mit kreativen Bastelideen f\u00fcr Gro\u00df und Klein. Der Folgeband von \u201e<a href=\"http:\/\/sabine-seyffert.de\/buch1.php?i=75&amp;q=\" target=\"_blank\" rel=\"noopener\">Selbst gemachte Adventskalender<\/a>\u201c ist prall gef\u00fcllt mit kunterbunten Ideen rund um <a href=\"http:\/\/www.sabine-seyffert.de\/blog\/?cat=23\" target=\"_blank\" rel=\"noopener\">die Fr\u00fchlingszeit<\/a>, die nicht nur willkommene Farbtupfer ins traute Heim bringen, sondern richtiggehend Lust auf diese Jahreszeit machen:<\/p>\n<p style=\"text-align: justify;\">Ob eine bl\u00fctenbunte Manschette f\u00fcr Windlicht oder Vase, pfiffige Deko f\u00fcr den gedeckten Fr\u00fchlingstisch, knusprige Hasen am Stiel, au\u00dfergew\u00f6hnliche Osterpost aus dem Ei, fr\u00f6hliche Anh\u00e4nger f\u00fcr Osterstrauch &amp; Co., eine strahlende Lichterkette, die f\u00fcr frischen Fr\u00fchlingsglanz sorgt und vieles mehr findet sich in diesem Buch.<\/p>\n<p style=\"text-align: justify;\">Alle Ideen sind, wie auch bei den Adventskalendern, detailliert beschrieben und mit tollen, stimmungsvollen Fotos versehen, die das Nachbasteln ganz einfach machen. Im Anhang finden sich dazu auch die passenden Schablonen. Somit kann man sofort loslegen, wenn es einem bereits beim Durchbl\u00e4ttern des Fr\u00fchlingsbuches in den kreativen Fingern kribbelt!<\/p>\n<p style=\"text-align: justify;\">Die jeweiligen Ideen lassen sich nat\u00fcrlich ganz leicht in andere Farben \/ Papierarten ab\u00e4ndern und somit dem eigenen Stil und Geschmack anpassen.<\/p>\n<p style=\"text-align: justify;\">Wer neugierig geworden ist und einen Blick in mein <a href=\"http:\/\/sabine-seyffert.de\/buch1.php?i=76&amp;q=\" target=\"_blank\" rel=\"noopener\">neues Buch<\/a> werfen m\u00f6chte, kann hier etwas leuern!<\/p>\n<p style=\"text-align: center;\"><a href=\"http:\/\/www.sabine-seyffert.de\/blog\/wp-content\/uploads\/2015\/02\/Cover-Fr\u00fchlingsbuch-klein.jpg\"><img loading=\"lazy\" decoding=\"async\" class=\"alignnone size-full wp-image-5136\" src=\"http:\/\/www.sabine-seyffert.de\/blog\/wp-content\/uploads\/2015\/02\/Cover-Fr\u00fchlingsbuch-klein.jpg\" alt=\"Cover Fr\u00fchlingsbuch klein\" width=\"600\" height=\"632\" srcset=\"https:\/\/www.sabine-seyffert.de\/blog\/wp-content\/uploads\/2015\/02\/Cover-Fr\u00fchlingsbuch-klein.jpg 600w, https:\/\/www.sabine-seyffert.de\/blog\/wp-content\/uploads\/2015\/02\/Cover-Fr\u00fchlingsbuch-klein-285x300.jpg 285w\" sizes=\"auto, (max-width: 600px) 100vw, 600px\" \/><\/a><\/p>\n<p style=\"text-align: justify;\">Das Buch heisst &#8220;<a href=\"http:\/\/sabine-seyffert.de\/buch1.php?i=76&amp;q=\" target=\"_blank\" rel=\"noopener\">Selbst gemachte Fr\u00fchlingsdeko &#8211; Kreative Bastelideen f\u00fcr Gro\u00df und Klein<\/a>&#8221; und ist beim Blooms Verlag mit der ISBN 978-3-8001-8443-9 erschienen.<\/p>\n<p style=\"text-align: justify;\"><a href=\"http:\/\/www.sabine-seyffert.de\/blog\/?page_id=32#urheberrecht\">urheberrechtlich gesch\u00fctzt<\/a>, \u00a9 Sabine Seyffert<\/p>\n","protected":false},"excerpt":{"rendered":"<p>Gerade an kalten Wintertage wie in dieser Woche, w\u00e4chst die Vorfreude auf den Fr\u00fchling: Man sehnt sich nach W\u00e4rme, Sonnenschein und ein wenig Farbe! Wenn die ersten Fr\u00fchlingssonnenstrahlen die Erde aus dem tiefen Winterschlaf wecken, scheint Drau\u00dfen ein regelrechter Wettlauf zu beginnen. Der Himmel f\u00e4rbt sich immer \u00f6fter Fr\u00fchlingsblau, die ersten gr\u00fcnen Bl\u00e4tter sprie\u00dfen an&#8230; <a href=\"https:\/\/www.sabine-seyffert.de\/blog\/selbst-gemachte-fruehlingsdeko-neuerscheinung\/\" class=\"more-link\">Read more: Selbst gemachte Fr\u00fchlingsdeko \/ Neuerscheinung<\/a><\/p>\n","protected":false},"author":2,"featured_media":0,"comment_status":"open","ping_status":"open","sticky":false,"template":"","format":"standard","meta":{"_metis_text_type":"","_metis_text_length":2262,"_post_count":0,"footnotes":""},"categories":[20,12,23],"tags":[],"class_list":["post-5134","post","type-post","status-publish","format-standard","hentry","category-bucher","category-deko-ideen","category-fruhling"],"_links":{"self":[{"href":"https:\/\/www.sabine-seyffert.de\/blog\/wp-json\/wp\/v2\/posts\/5134","targetHints":{"allow":["GET"]}}],"collection":[{"href":"https:\/\/www.sabine-seyffert.de\/blog\/wp-json\/wp\/v2\/posts"}],"about":[{"href":"https:\/\/www.sabine-seyffert.de\/blog\/wp-json\/wp\/v2\/types\/post"}],"author":[{"embeddable":true,"href":"https:\/\/www.sabine-seyffert.de\/blog\/wp-json\/wp\/v2\/users\/2"}],"replies":[{"embeddable":true,"href":"https:\/\/www.sabine-seyffert.de\/blog\/wp-json\/wp\/v2\/comments?post=5134"}],"version-history":[{"count":9,"href":"https:\/\/www.sabine-seyffert.de\/blog\/wp-json\/wp\/v2\/posts\/5134\/revisions"}],"predecessor-version":[{"id":12839,"href":"https:\/\/www.sabine-seyffert.de\/blog\/wp-json\/wp\/v2\/posts\/5134\/revisions\/12839"}],"wp:attachment":[{"href":"https:\/\/www.sabine-seyffert.de\/blog\/wp-json\/wp\/v2\/media?parent=5134"}],"wp:term":[{"taxonomy":"category","embeddable":true,"href":"https:\/\/www.sabine-seyffert.de\/blog\/wp-json\/wp\/v2\/categories?post=5134"},{"taxonomy":"post_tag","embeddable":true,"href":"https:\/\/www.sabine-seyffert.de\/blog\/wp-json\/wp\/v2\/tags?post=5134"}],"curies":[{"name":"wp","href":"https:\/\/api.w.org\/{rel}","templated":true}]}}