{"id":513,"date":"2013-02-22T07:13:49","date_gmt":"2013-02-22T05:13:49","guid":{"rendered":"http:\/\/www.sabine-seyffert.de\/blog\/?p=513"},"modified":"2017-03-06T18:32:20","modified_gmt":"2017-03-06T16:32:20","slug":"du-bist-eingeladen-klappkarte-als-einladung","status":"publish","type":"post","link":"https:\/\/www.sabine-seyffert.de\/blog\/du-bist-eingeladen-klappkarte-als-einladung\/","title":{"rendered":"Du bist eingeladen! Klappkarte als Einladung"},"content":{"rendered":"<p style=\"text-align: justify;\"><img loading=\"lazy\" decoding=\"async\" src=\"https:\/\/ssl-vg03.met.vgwort.de\/na\/90b2d71975674ae0a0f7f3df56e316b5\" alt=\"\" width=\"1\" height=\"1\" \/>Der n\u00e4chste Geburtstag naht und damit stellte sich bei uns wieder einmal die Frage welche Einladungen sollen es denn dieses Jahr sein. Mir pers\u00f6nlich gefallen die mit Liebe selbst gebastelten Einladungen nat\u00fcrlich immer deutlich besser. Vor allem, wenn das betreffende \u201eGeburtstagskind\u201c selbst mit Hand anlegen kann.<\/p>\n<p><a href=\"http:\/\/www.sabine-seyffert.de\/blog\/wp-content\/uploads\/2013\/02\/Einladung-0.jpg\"><img loading=\"lazy\" decoding=\"async\" class=\"size-medium wp-image-515 aligncenter\" src=\"http:\/\/www.sabine-seyffert.de\/blog\/wp-content\/uploads\/2013\/02\/Einladung-0-300x215.jpg\" alt=\"Einladung 0\" width=\"469\" height=\"333\" \/><\/a><\/p>\n<p style=\"text-align: justify;\">Da ich in der letzten Woche wieder einmal einen Gro\u00dfeinkauf im Papierwarenladen t\u00e4tigen musste, war die Gelegenheit g\u00fcnstig ben\u00f6tigtes Material zu beschaffen. Denn in dem besagten Laden,\u00a0 gibt es Papier in wirklich jeder Ausf\u00fchrung, Ausstattung, Farbe und mit etlichen erdenklichen Mustern, die das Herz begehrt. Ich habe mich spontan f\u00fcr einen bunten Tonkarton mit Geburtstagsmotiv entschieden, der mir ins Auge fiel. Denn das sah nicht nur sch\u00f6n aus, sondern passte in meinem Fall ja f\u00fcr den bevorstehenden Geburtstag.<\/p>\n<p><a href=\"http:\/\/www.sabine-seyffert.de\/blog\/wp-content\/uploads\/2013\/02\/Einladung-21.jpg\"><img loading=\"lazy\" decoding=\"async\" class=\"size-medium wp-image-514 aligncenter\" src=\"http:\/\/www.sabine-seyffert.de\/blog\/wp-content\/uploads\/2013\/02\/Einladung-21-300x226.jpg\" alt=\"Einladung 2\" width=\"478\" height=\"358\" \/><\/a><\/p>\n<p style=\"text-align: justify;\">Den gew\u00fcnschten Einladungstext habe ich, samt Tochter auf meinem Scho\u00df, am Computer geschrieben und ausgedruckt. Denn das schafft ein Kindergartenkind nun wirklich nicht allein und schon gar nicht per Hand geschrieben. Nach einigen Versuchen war die gew\u00fcnschte Gr\u00f6\u00dfe samt Text passend und die ben\u00f6tigte Anzahl konnte ausgedruckt werden. Den bunten Tonkarton haben wir in etwa Din A5 gro\u00dfe St\u00fcck geschnitten. Etwas gr\u00f6\u00dfer als der Ausdruck, damit man von dem Tonkarton auch noch etwas sehen kann.<\/p>\n<p><a href=\"http:\/\/www.sabine-seyffert.de\/blog\/wp-content\/uploads\/2013\/02\/Einladung-3.jpg\"><img loading=\"lazy\" decoding=\"async\" class=\"size-medium wp-image-516 aligncenter\" src=\"http:\/\/www.sabine-seyffert.de\/blog\/wp-content\/uploads\/2013\/02\/Einladung-3-300x226.jpg\" alt=\"Einladung 3\" width=\"479\" height=\"359\" \/><\/a><\/p>\n<p style=\"text-align: justify;\">Nun hat meine Tochter die ausgedruckten Texte mittig geknickt und mit Hilfe einer Schere einen ca. 0,5 cm breiten Streifen eingeschnitten. Anschlie\u00dfend hat sie die Einladungstexte auf die ausgeschnittenen Tonkartonst\u00fccke geklebt, jedoch den mit der Schere gearbeiteten Streifen ausgespart. So l\u00e4sst sich dieser nach oben knicken. Wir haben uns dann kurzerhand entschieden mit dem Motivlocher Herzen auszustechen, die dann jeweils auf einer der abstehenden Papierlaschen kamen. So wurden die Einladungen im Nu zu einer pfiffigen Klappkarte, dessen Innere (das Herz) sich aufstellt, wenn man die Karte \u00f6ffnet.<\/p>\n<p><a href=\"http:\/\/www.sabine-seyffert.de\/blog\/wp-content\/uploads\/2013\/02\/Einladung-41.jpg\"><img loading=\"lazy\" decoding=\"async\" class=\"size-medium wp-image-517 aligncenter\" src=\"http:\/\/www.sabine-seyffert.de\/blog\/wp-content\/uploads\/2013\/02\/Einladung-41-300x226.jpg\" alt=\"Einladung 4\" width=\"470\" height=\"352\" \/><\/a><\/p>\n<p>Um die Einladungen noch aufzupeppen, haben wir aus festen Transparentpapier breite Streifen geschnitten und diese wie eine Art Manschette um die Einladungen geklebt, darauf mittig ein weiteres, ausgestanztes Herz geklebt und mit dem Namen der Kindes versehen, die eingeladen sind.<\/p>\n<p><a href=\"http:\/\/www.sabine-seyffert.de\/blog\/wp-content\/uploads\/2013\/02\/Einladung-11.jpg\"><img loading=\"lazy\" decoding=\"async\" class=\"size-medium wp-image-518 aligncenter\" src=\"http:\/\/www.sabine-seyffert.de\/blog\/wp-content\/uploads\/2013\/02\/Einladung-11-300x226.jpg\" alt=\"Einladung 1\" width=\"492\" height=\"369\" \/><\/a><br \/>\n<a href=\"http:\/\/www.sabine-seyffert.de\/blog\/?page_id=32#urheberrecht\">urherrechtlich gesch\u00fctzt<\/a>, \u00a9 Sabine Seyffert<\/p>\n","protected":false},"excerpt":{"rendered":"<p>Der n\u00e4chste Geburtstag naht und damit stellte sich bei uns wieder einmal die Frage welche Einladungen sollen es denn dieses Jahr sein. Mir pers\u00f6nlich gefallen die mit Liebe selbst gebastelten Einladungen nat\u00fcrlich immer deutlich besser. Vor allem, wenn das betreffende \u201eGeburtstagskind\u201c selbst mit Hand anlegen kann. Da ich in der letzten Woche wieder einmal einen&#8230; <a href=\"https:\/\/www.sabine-seyffert.de\/blog\/du-bist-eingeladen-klappkarte-als-einladung\/\" class=\"more-link\">Read more: Du bist eingeladen! Klappkarte als Einladung<\/a><\/p>\n","protected":false},"author":2,"featured_media":0,"comment_status":"open","ping_status":"open","sticky":false,"template":"","format":"standard","meta":{"_metis_text_type":"","_metis_text_length":2265,"_post_count":0,"footnotes":""},"categories":[21,51],"tags":[],"class_list":["post-513","post","type-post","status-publish","format-standard","hentry","category-kinderfeste-partys","category-postkarten-grusskarten"],"_links":{"self":[{"href":"https:\/\/www.sabine-seyffert.de\/blog\/wp-json\/wp\/v2\/posts\/513","targetHints":{"allow":["GET"]}}],"collection":[{"href":"https:\/\/www.sabine-seyffert.de\/blog\/wp-json\/wp\/v2\/posts"}],"about":[{"href":"https:\/\/www.sabine-seyffert.de\/blog\/wp-json\/wp\/v2\/types\/post"}],"author":[{"embeddable":true,"href":"https:\/\/www.sabine-seyffert.de\/blog\/wp-json\/wp\/v2\/users\/2"}],"replies":[{"embeddable":true,"href":"https:\/\/www.sabine-seyffert.de\/blog\/wp-json\/wp\/v2\/comments?post=513"}],"version-history":[{"count":13,"href":"https:\/\/www.sabine-seyffert.de\/blog\/wp-json\/wp\/v2\/posts\/513\/revisions"}],"predecessor-version":[{"id":9634,"href":"https:\/\/www.sabine-seyffert.de\/blog\/wp-json\/wp\/v2\/posts\/513\/revisions\/9634"}],"wp:attachment":[{"href":"https:\/\/www.sabine-seyffert.de\/blog\/wp-json\/wp\/v2\/media?parent=513"}],"wp:term":[{"taxonomy":"category","embeddable":true,"href":"https:\/\/www.sabine-seyffert.de\/blog\/wp-json\/wp\/v2\/categories?post=513"},{"taxonomy":"post_tag","embeddable":true,"href":"https:\/\/www.sabine-seyffert.de\/blog\/wp-json\/wp\/v2\/tags?post=513"}],"curies":[{"name":"wp","href":"https:\/\/api.w.org\/{rel}","templated":true}]}}