{"id":5094,"date":"2015-01-27T07:25:07","date_gmt":"2015-01-27T05:25:07","guid":{"rendered":"http:\/\/www.sabine-seyffert.de\/blog\/?p=5094"},"modified":"2017-03-02T14:17:24","modified_gmt":"2017-03-02T12:17:24","slug":"zuckersuess-leuchtend-winterliches-diy","status":"publish","type":"post","link":"https:\/\/www.sabine-seyffert.de\/blog\/zuckersuess-leuchtend-winterliches-diy\/","title":{"rendered":"Zuckers\u00fc\u00df &#038; leuchtend \/ Winterliches DIY"},"content":{"rendered":"<p style=\"text-align: justify;\"><img loading=\"lazy\" decoding=\"async\" src=\"https:\/\/ssl-vg03.met.vgwort.de\/na\/acf80266f93e42fa807c22c9e868bda6\" alt=\"\" width=\"1\" height=\"1\" \/>In unserem Haus gibt es immer ein paar Kinderh\u00e4nde, die gerne mitwerkeln und sich gerne kreativ bet\u00e4tigen. An einem Nachmittag war etwas zum Basteln gew\u00fcnscht und so haben wir kurzerhand eine ganz kinderleichte Idee umgesetzt, die ganz wunderbar f\u00fcr kleine Kinderh\u00e4nde geeignet ist und sich ohne gro\u00dfen Aufwand werkeln l\u00e4sst.<\/p>\n<p style=\"text-align: center;\"><a href=\"http:\/\/www.sabine-seyffert.de\/blog\/wp-content\/uploads\/2015\/01\/Unbenannt-11.jpg\"><img loading=\"lazy\" decoding=\"async\" class=\"alignnone size-full wp-image-5095\" src=\"http:\/\/www.sabine-seyffert.de\/blog\/wp-content\/uploads\/2015\/01\/Unbenannt-11.jpg\" alt=\"Unbenannt - 1\" width=\"800\" height=\"600\" srcset=\"https:\/\/www.sabine-seyffert.de\/blog\/wp-content\/uploads\/2015\/01\/Unbenannt-11.jpg 800w, https:\/\/www.sabine-seyffert.de\/blog\/wp-content\/uploads\/2015\/01\/Unbenannt-11-300x225.jpg 300w\" sizes=\"auto, (max-width: 800px) 100vw, 800px\" \/><\/a><\/p>\n<p style=\"text-align: justify;\"><strong>Das wird gebraucht:<\/strong><br \/>\nEine Packung W\u00fcrfelzucker, ein tiefer Teller, etwas lauwarmes Wasser, feinen Puderzucker, ein Untersetzer (Brettchen o.\u00e4.), ein leeres Marmeladenglas, ein Teelicht<\/p>\n<p style=\"text-align: center;\"><a href=\"http:\/\/www.sabine-seyffert.de\/blog\/wp-content\/uploads\/2015\/01\/Unbenannt-21.jpg\"><img loading=\"lazy\" decoding=\"async\" class=\"alignnone size-full wp-image-5096\" src=\"http:\/\/www.sabine-seyffert.de\/blog\/wp-content\/uploads\/2015\/01\/Unbenannt-21.jpg\" alt=\"Unbenannt - 2\" width=\"800\" height=\"600\" srcset=\"https:\/\/www.sabine-seyffert.de\/blog\/wp-content\/uploads\/2015\/01\/Unbenannt-21.jpg 800w, https:\/\/www.sabine-seyffert.de\/blog\/wp-content\/uploads\/2015\/01\/Unbenannt-21-300x225.jpg 300w\" sizes=\"auto, (max-width: 800px) 100vw, 800px\" \/><\/a><\/p>\n<p style=\"text-align: justify;\"><strong>So wird\u2019s gemacht:<\/strong><br \/>\nIn dem tiefen Teller r\u00fchrt man etwas Puderzucker mit warmen Wasser an. Die Puderzuckermasse sollte m\u00f6glichst fest und klebrig sein, damit diese als guter Kleber dienen kann.<\/p>\n<p style=\"text-align: center;\"><a href=\"http:\/\/www.sabine-seyffert.de\/blog\/wp-content\/uploads\/2015\/01\/Unbenannt-41.jpg\"><img loading=\"lazy\" decoding=\"async\" class=\"alignnone size-full wp-image-5097\" src=\"http:\/\/www.sabine-seyffert.de\/blog\/wp-content\/uploads\/2015\/01\/Unbenannt-41.jpg\" alt=\"Unbenannt - 4\" width=\"800\" height=\"600\" srcset=\"https:\/\/www.sabine-seyffert.de\/blog\/wp-content\/uploads\/2015\/01\/Unbenannt-41.jpg 800w, https:\/\/www.sabine-seyffert.de\/blog\/wp-content\/uploads\/2015\/01\/Unbenannt-41-300x225.jpg 300w\" sizes=\"auto, (max-width: 800px) 100vw, 800px\" \/><\/a><\/p>\n<p style=\"text-align: justify;\">Auf dem Untersetzer platziert man ein leeres Marmeladenglas und legt um den Glasboden herum dicht an dicht Zuckerw\u00fcrfeln. Der W\u00fcrfelzucker muss wirklich nah einander ausgestellt werden, damit es funktioniert!<\/p>\n<p style=\"text-align: center;\"><a href=\"http:\/\/www.sabine-seyffert.de\/blog\/wp-content\/uploads\/2015\/01\/b-1.jpg\"><img loading=\"lazy\" decoding=\"async\" class=\"alignnone size-full wp-image-5098\" src=\"http:\/\/www.sabine-seyffert.de\/blog\/wp-content\/uploads\/2015\/01\/b-1.jpg\" alt=\"b 1\" width=\"600\" height=\"800\" srcset=\"https:\/\/www.sabine-seyffert.de\/blog\/wp-content\/uploads\/2015\/01\/b-1.jpg 600w, https:\/\/www.sabine-seyffert.de\/blog\/wp-content\/uploads\/2015\/01\/b-1-225x300.jpg 225w\" sizes=\"auto, (max-width: 600px) 100vw, 600px\" \/><\/a><\/p>\n<p style=\"text-align: justify;\">Nun kommt die zweite Schicht W\u00fcrfelzucker. Und zwar taucht man hier eine Seite des Zuckerw\u00fcrfels in den Puderzuckerbrei und dr\u00fcckt diesen versetzt auf zwei W\u00fcrfelzucker aus dem aufgestellten Kreis. So f\u00e4hrt man mit allen W\u00fcrfelzuckerst\u00fcckchen fort. Wenn man mit der zweiten Zuckerreihe fertig ist, kann man das Marmeladenglas aus der Mitte nehmen. Es soll j\u00fcngeren Kindern nur als kleine Orientierung dienen, damit die Zuckerburg auch wirklich schon rund und gleichm\u00e4\u00dfig wird.<\/p>\n<p style=\"text-align: center;\"><a href=\"http:\/\/www.sabine-seyffert.de\/blog\/wp-content\/uploads\/2015\/01\/B-2.jpg\"><img loading=\"lazy\" decoding=\"async\" class=\"alignnone size-full wp-image-5099\" src=\"http:\/\/www.sabine-seyffert.de\/blog\/wp-content\/uploads\/2015\/01\/B-2.jpg\" alt=\"B 2\" width=\"600\" height=\"800\" srcset=\"https:\/\/www.sabine-seyffert.de\/blog\/wp-content\/uploads\/2015\/01\/B-2.jpg 600w, https:\/\/www.sabine-seyffert.de\/blog\/wp-content\/uploads\/2015\/01\/B-2-225x300.jpg 225w\" sizes=\"auto, (max-width: 600px) 100vw, 600px\" \/><\/a><\/p>\n<p style=\"text-align: justify;\">Unsere Zuckerburg hat insgesamt 5 Zuckerreihen \u00fcbereinander. Das ist in unserem Fall vom Durchmesser her eine gute Gr\u00f6\u00dfe. Leider sind uns zu guter Letzt die Zuckerst\u00fccke ausgegangen, da mehrere Kinder gleichzeitig gebastelt haben. Daher hat unsere Burg als oberste Reihe ein Schwung an Zuckerherzen bekommen, die aussehen wie kleine Burgzinnen.<\/p>\n<p style=\"text-align: center;\"><a href=\"http:\/\/www.sabine-seyffert.de\/blog\/wp-content\/uploads\/2015\/01\/B-3.jpg\"><img loading=\"lazy\" decoding=\"async\" class=\"alignnone size-full wp-image-5100\" src=\"http:\/\/www.sabine-seyffert.de\/blog\/wp-content\/uploads\/2015\/01\/B-3.jpg\" alt=\"B 3\" width=\"600\" height=\"800\" srcset=\"https:\/\/www.sabine-seyffert.de\/blog\/wp-content\/uploads\/2015\/01\/B-3.jpg 600w, https:\/\/www.sabine-seyffert.de\/blog\/wp-content\/uploads\/2015\/01\/B-3-225x300.jpg 225w\" sizes=\"auto, (max-width: 600px) 100vw, 600px\" \/><\/a><\/p>\n<p style=\"text-align: justify;\">Die s\u00fc\u00dfe Zuckerburg sollte am besten \u00fcber Nacht gut trocknen, damit der Puderzuckerbrei ganz hart wird und die Burg zusammenh\u00e4lt. Am n\u00e4chsten Tag kann man die Zuckerburg von der Unterlage nehmen und am gew\u00fcnschten Ort platzieren und mit einem Teelicht ausstatten.<\/p>\n<p style=\"text-align: center;\"><a href=\"http:\/\/www.sabine-seyffert.de\/blog\/wp-content\/uploads\/2015\/01\/B-4.jpg\"><img loading=\"lazy\" decoding=\"async\" class=\"alignnone size-full wp-image-5101\" src=\"http:\/\/www.sabine-seyffert.de\/blog\/wp-content\/uploads\/2015\/01\/B-4.jpg\" alt=\"B 4\" width=\"800\" height=\"600\" srcset=\"https:\/\/www.sabine-seyffert.de\/blog\/wp-content\/uploads\/2015\/01\/B-4.jpg 800w, https:\/\/www.sabine-seyffert.de\/blog\/wp-content\/uploads\/2015\/01\/B-4-300x225.jpg 300w\" sizes=\"auto, (max-width: 800px) 100vw, 800px\" \/><\/a><\/p>\n<p style=\"text-align: justify;\">Weitere Ideen f\u00fcr kleine Kinderh\u00e4nde gibt es <a href=\"http:\/\/www.sabine-seyffert.de\/blog\/?cat=32\" target=\"_blank\">hier<\/a>, alles rund um die Winterzzeit in <a href=\"http:\/\/www.sabine-seyffert.de\/blog\/?cat=22\" target=\"_blank\">dieser Rubrik<\/a> und anderes Kreatives <a href=\"http:\/\/www.creadienstag.de\/2015\/01\/160.html\" target=\"_blank\">da<\/a> und <a href=\"http:\/\/kiddikram.blogspot.de\/2014\/12\/kiddikram-januar-2015.html\" target=\"_blank\">dort<\/a>.<\/p>\n<p style=\"text-align: justify;\"><a href=\"http:\/\/www.sabine-seyffert.de\/blog\/?page_id=32#urheberrecht\">urheberrechtlich gesch\u00fctzt<\/a>, \u00a9 Sabine Seyffert<\/p>\n","protected":false},"excerpt":{"rendered":"<p>In unserem Haus gibt es immer ein paar Kinderh\u00e4nde, die gerne mitwerkeln und sich gerne kreativ bet\u00e4tigen. An einem Nachmittag war etwas zum Basteln gew\u00fcnscht und so haben wir kurzerhand eine ganz kinderleichte Idee umgesetzt, die ganz wunderbar f\u00fcr kleine Kinderh\u00e4nde geeignet ist und sich ohne gro\u00dfen Aufwand werkeln l\u00e4sst. Das wird gebraucht: Eine Packung&#8230; <a href=\"https:\/\/www.sabine-seyffert.de\/blog\/zuckersuess-leuchtend-winterliches-diy\/\" class=\"more-link\">Read more: Zuckers\u00fc\u00df &#038; leuchtend \/ Winterliches DIY<\/a><\/p>\n","protected":false},"author":2,"featured_media":0,"comment_status":"open","ping_status":"open","sticky":false,"template":"","format":"standard","meta":{"_metis_text_type":"","_metis_text_length":2176,"_post_count":0,"footnotes":""},"categories":[32,12,22],"tags":[],"class_list":["post-5094","post","type-post","status-publish","format-standard","hentry","category-kreatives-fur-kleine-kinderhande","category-deko-ideen","category-winter"],"_links":{"self":[{"href":"https:\/\/www.sabine-seyffert.de\/blog\/wp-json\/wp\/v2\/posts\/5094","targetHints":{"allow":["GET"]}}],"collection":[{"href":"https:\/\/www.sabine-seyffert.de\/blog\/wp-json\/wp\/v2\/posts"}],"about":[{"href":"https:\/\/www.sabine-seyffert.de\/blog\/wp-json\/wp\/v2\/types\/post"}],"author":[{"embeddable":true,"href":"https:\/\/www.sabine-seyffert.de\/blog\/wp-json\/wp\/v2\/users\/2"}],"replies":[{"embeddable":true,"href":"https:\/\/www.sabine-seyffert.de\/blog\/wp-json\/wp\/v2\/comments?post=5094"}],"version-history":[{"count":1,"href":"https:\/\/www.sabine-seyffert.de\/blog\/wp-json\/wp\/v2\/posts\/5094\/revisions"}],"predecessor-version":[{"id":5102,"href":"https:\/\/www.sabine-seyffert.de\/blog\/wp-json\/wp\/v2\/posts\/5094\/revisions\/5102"}],"wp:attachment":[{"href":"https:\/\/www.sabine-seyffert.de\/blog\/wp-json\/wp\/v2\/media?parent=5094"}],"wp:term":[{"taxonomy":"category","embeddable":true,"href":"https:\/\/www.sabine-seyffert.de\/blog\/wp-json\/wp\/v2\/categories?post=5094"},{"taxonomy":"post_tag","embeddable":true,"href":"https:\/\/www.sabine-seyffert.de\/blog\/wp-json\/wp\/v2\/tags?post=5094"}],"curies":[{"name":"wp","href":"https:\/\/api.w.org\/{rel}","templated":true}]}}