{"id":5084,"date":"2015-01-23T12:17:11","date_gmt":"2015-01-23T10:17:11","guid":{"rendered":"http:\/\/www.sabine-seyffert.de\/blog\/?p=5084"},"modified":"2017-03-02T14:18:41","modified_gmt":"2017-03-02T12:18:41","slug":"nudelsalat-blitzschnell-gemacht-super-lecker","status":"publish","type":"post","link":"https:\/\/www.sabine-seyffert.de\/blog\/nudelsalat-blitzschnell-gemacht-super-lecker\/","title":{"rendered":"Nudelsalat \u2013 blitzschnell gemacht &#038; super lecker!"},"content":{"rendered":"<p style=\"text-align: justify;\"><img loading=\"lazy\" decoding=\"async\" src=\"https:\/\/ssl-vg03.met.vgwort.de\/na\/bc9da16079c340ca8e405f29b9946ff0\" alt=\"\" width=\"1\" height=\"1\" \/>Nudelsalat ist in unserem Hause immer ein Hit. Diese Variante ist zudem wirklich schnell gemacht und kommt mit verh\u00e4ltnism\u00e4\u00dfig wenigen Zutaten aus. Also ideal f\u00fcr eine schnelle Mittagsmahlzeit oder wenn spontan G\u00e4ste kommen.<\/p>\n<p style=\"text-align: center;\"><a href=\"http:\/\/www.sabine-seyffert.de\/blog\/wp-content\/uploads\/2015\/01\/Unbenannt-33.jpg\"><img loading=\"lazy\" decoding=\"async\" class=\"alignnone size-full wp-image-5085\" src=\"http:\/\/www.sabine-seyffert.de\/blog\/wp-content\/uploads\/2015\/01\/Unbenannt-33.jpg\" alt=\"Unbenannt - 33\" width=\"800\" height=\"600\" srcset=\"https:\/\/www.sabine-seyffert.de\/blog\/wp-content\/uploads\/2015\/01\/Unbenannt-33.jpg 800w, https:\/\/www.sabine-seyffert.de\/blog\/wp-content\/uploads\/2015\/01\/Unbenannt-33-300x225.jpg 300w\" sizes=\"auto, (max-width: 800px) 100vw, 800px\" \/><\/a><\/p>\n<p style=\"text-align: justify;\"><strong>Das wird gebraucht:<\/strong><br \/>\n500 gr Nudeln, 1 Schalotte, 1 Bund frische Fr\u00fchlingszwiebeln, 70 gr. eingelegte, w\u00fcrzige Oliven, 100 getrocknete Tomaten, 1 Knoblauchzehe, 50 gr Pinienkerne, etwas frischer Thymian, \u00bd rote Paprika, 80 gr geriebener Parmesan oder Pecorino, 2 EL dunkler Balsamico, 5 EL \u00d6l, Salz, Pfeffer, Paprika edels\u00fc\u00df<\/p>\n<p style=\"text-align: center;\"><a href=\"http:\/\/www.sabine-seyffert.de\/blog\/wp-content\/uploads\/2015\/01\/Unbenannt-34.jpg\"><img loading=\"lazy\" decoding=\"async\" class=\"alignnone size-full wp-image-5086\" src=\"http:\/\/www.sabine-seyffert.de\/blog\/wp-content\/uploads\/2015\/01\/Unbenannt-34.jpg\" alt=\"Unbenannt - 34\" width=\"800\" height=\"600\" srcset=\"https:\/\/www.sabine-seyffert.de\/blog\/wp-content\/uploads\/2015\/01\/Unbenannt-34.jpg 800w, https:\/\/www.sabine-seyffert.de\/blog\/wp-content\/uploads\/2015\/01\/Unbenannt-34-300x225.jpg 300w\" sizes=\"auto, (max-width: 800px) 100vw, 800px\" \/><\/a><\/p>\n<p style=\"text-align: justify;\"><strong>So wird\u2019s gemacht:<\/strong><br \/>\nAls erstes kocht man die Nudeln nach Packungsanleitung in reichlich Wasser. W\u00e4hrenddessen gibt man die Pinienkerne ohne Zusatz von Fett in eine kleine Pfanne und r\u00f6stet diese bei mittlerer Temperatur unter st\u00e4ndigem (!) wenden. Sobald diese hellbraun sind, gibt man diese zum Ausk\u00fchlen auf einen gro\u00dfen Teller.<\/p>\n<p style=\"text-align: center;\"><a href=\"http:\/\/www.sabine-seyffert.de\/blog\/wp-content\/uploads\/2015\/01\/Unbenannt-35.jpg\"><img loading=\"lazy\" decoding=\"async\" class=\"alignnone size-full wp-image-5087\" src=\"http:\/\/www.sabine-seyffert.de\/blog\/wp-content\/uploads\/2015\/01\/Unbenannt-35.jpg\" alt=\"Unbenannt - 35\" width=\"800\" height=\"600\" srcset=\"https:\/\/www.sabine-seyffert.de\/blog\/wp-content\/uploads\/2015\/01\/Unbenannt-35.jpg 800w, https:\/\/www.sabine-seyffert.de\/blog\/wp-content\/uploads\/2015\/01\/Unbenannt-35-300x225.jpg 300w\" sizes=\"auto, (max-width: 800px) 100vw, 800px\" \/><\/a><\/p>\n<p style=\"text-align: justify;\">In der Zwischenzeit sch\u00e4lt man die Schalotte und w\u00fcrfelt diese klein. Die Fr\u00fchlingszwiebeln werden von beiden Enden befreit, ges\u00e4ubert und in d\u00fcnne Ringe geschnitten. Die Oliven schneidet man in Scheiben und die getrockneten Tomaten in kleine W\u00fcrfel. Aus der Paprika schneidet man den Strunk und nimmt die Kerne aus dem Inneren. Anschlie\u00dfend kann man diese ebenfalls in feine W\u00fcrfel schneiden.<\/p>\n<p style=\"text-align: center;\"><a href=\"http:\/\/www.sabine-seyffert.de\/blog\/wp-content\/uploads\/2015\/01\/Unbenannt-36.jpg\"><img loading=\"lazy\" decoding=\"async\" class=\"alignnone size-full wp-image-5088\" src=\"http:\/\/www.sabine-seyffert.de\/blog\/wp-content\/uploads\/2015\/01\/Unbenannt-36.jpg\" alt=\"Unbenannt - 36\" width=\"800\" height=\"600\" srcset=\"https:\/\/www.sabine-seyffert.de\/blog\/wp-content\/uploads\/2015\/01\/Unbenannt-36.jpg 800w, https:\/\/www.sabine-seyffert.de\/blog\/wp-content\/uploads\/2015\/01\/Unbenannt-36-300x225.jpg 300w\" sizes=\"auto, (max-width: 800px) 100vw, 800px\" \/><\/a><\/p>\n<p style=\"text-align: justify;\">Die klein geschnittenen Zutaten gibt man in eine gro\u00dfe Salatsch\u00fcssel, presst die Knoblauchzehe dar\u00fcber und verr\u00fchrt die Gew\u00fcrze sowie Essig und \u00d6l damit. So k\u00f6nnen die Zutaten schon ein wenig ziehen und der Salat wird w\u00fcrziger.<\/p>\n<p style=\"text-align: center;\"><a href=\"http:\/\/www.sabine-seyffert.de\/blog\/wp-content\/uploads\/2015\/01\/Unbenannt-37.jpg\"><img loading=\"lazy\" decoding=\"async\" class=\"alignnone size-full wp-image-5089\" src=\"http:\/\/www.sabine-seyffert.de\/blog\/wp-content\/uploads\/2015\/01\/Unbenannt-37.jpg\" alt=\"Unbenannt - 37\" width=\"800\" height=\"600\" srcset=\"https:\/\/www.sabine-seyffert.de\/blog\/wp-content\/uploads\/2015\/01\/Unbenannt-37.jpg 800w, https:\/\/www.sabine-seyffert.de\/blog\/wp-content\/uploads\/2015\/01\/Unbenannt-37-300x225.jpg 300w\" sizes=\"auto, (max-width: 800px) 100vw, 800px\" \/><\/a><\/p>\n<p style=\"text-align: justify;\">Sobald die Nudeln fertig sind, gie\u00dft man das Wasser ab und l\u00e4sst sie ausk\u00fchlen. Wenn man die Nudeln direkt verwenden m\u00f6chte, kann man diese auch unter kaltem Wasser schneller abk\u00fchlen und abtropfen lassen.<\/p>\n<p style=\"text-align: center;\"><a href=\"http:\/\/www.sabine-seyffert.de\/blog\/wp-content\/uploads\/2015\/01\/Unbenannt-38.jpg\"><img loading=\"lazy\" decoding=\"async\" class=\"alignnone size-full wp-image-5090\" src=\"http:\/\/www.sabine-seyffert.de\/blog\/wp-content\/uploads\/2015\/01\/Unbenannt-38.jpg\" alt=\"Unbenannt - 38\" width=\"800\" height=\"600\" srcset=\"https:\/\/www.sabine-seyffert.de\/blog\/wp-content\/uploads\/2015\/01\/Unbenannt-38.jpg 800w, https:\/\/www.sabine-seyffert.de\/blog\/wp-content\/uploads\/2015\/01\/Unbenannt-38-300x225.jpg 300w\" sizes=\"auto, (max-width: 800px) 100vw, 800px\" \/><\/a><\/p>\n<p style=\"text-align: justify;\">Ganz zum Schluss gibt man die Pinienkerne dazu und hebt den gehobelten Parmesan unter, fertig!<\/p>\n<p style=\"text-align: justify;\"><strong>Ein kleiner Tipp:<\/strong><br \/>\nWer den Salat lieber <span style=\"text-decoration: underline;\"><strong>vegan<\/strong><\/span> zubereiten m\u00f6chte, der l\u00e4sst einfach den Parmesan weg \ud83d\ude42<\/p>\n<p style=\"text-align: center;\"><a href=\"http:\/\/www.sabine-seyffert.de\/blog\/wp-content\/uploads\/2015\/01\/Unbenannt-39.jpg\"><img loading=\"lazy\" decoding=\"async\" class=\"alignnone size-full wp-image-5091\" src=\"http:\/\/www.sabine-seyffert.de\/blog\/wp-content\/uploads\/2015\/01\/Unbenannt-39.jpg\" alt=\"Unbenannt - 39\" width=\"800\" height=\"530\" srcset=\"https:\/\/www.sabine-seyffert.de\/blog\/wp-content\/uploads\/2015\/01\/Unbenannt-39.jpg 800w, https:\/\/www.sabine-seyffert.de\/blog\/wp-content\/uploads\/2015\/01\/Unbenannt-39-300x198.jpg 300w\" sizes=\"auto, (max-width: 800px) 100vw, 800px\" \/><\/a><\/p>\n<p><a href=\"http:\/\/www.sabine-seyffert.de\/blog\/?page_id=32#urheberrecht\">urheberrechtlich gesch\u00fctzt<\/a>, \u00a9 Sabine Seyffert<\/p>\n","protected":false},"excerpt":{"rendered":"<p>Nudelsalat ist in unserem Hause immer ein Hit. Diese Variante ist zudem wirklich schnell gemacht und kommt mit verh\u00e4ltnism\u00e4\u00dfig wenigen Zutaten aus. Also ideal f\u00fcr eine schnelle Mittagsmahlzeit oder wenn spontan G\u00e4ste kommen. Das wird gebraucht: 500 gr Nudeln, 1 Schalotte, 1 Bund frische Fr\u00fchlingszwiebeln, 70 gr. eingelegte, w\u00fcrzige Oliven, 100 getrocknete Tomaten, 1 Knoblauchzehe,&#8230; <a href=\"https:\/\/www.sabine-seyffert.de\/blog\/nudelsalat-blitzschnell-gemacht-super-lecker\/\" class=\"more-link\">Read more: Nudelsalat \u2013 blitzschnell gemacht &#038; super lecker!<\/a><\/p>\n","protected":false},"author":2,"featured_media":0,"comment_status":"open","ping_status":"open","sticky":false,"template":"","format":"standard","meta":{"_metis_text_type":"","_metis_text_length":1947,"_post_count":0,"footnotes":""},"categories":[30],"tags":[],"class_list":["post-5084","post","type-post","status-publish","format-standard","hentry","category-rezepte-herzhaft"],"_links":{"self":[{"href":"https:\/\/www.sabine-seyffert.de\/blog\/wp-json\/wp\/v2\/posts\/5084","targetHints":{"allow":["GET"]}}],"collection":[{"href":"https:\/\/www.sabine-seyffert.de\/blog\/wp-json\/wp\/v2\/posts"}],"about":[{"href":"https:\/\/www.sabine-seyffert.de\/blog\/wp-json\/wp\/v2\/types\/post"}],"author":[{"embeddable":true,"href":"https:\/\/www.sabine-seyffert.de\/blog\/wp-json\/wp\/v2\/users\/2"}],"replies":[{"embeddable":true,"href":"https:\/\/www.sabine-seyffert.de\/blog\/wp-json\/wp\/v2\/comments?post=5084"}],"version-history":[{"count":1,"href":"https:\/\/www.sabine-seyffert.de\/blog\/wp-json\/wp\/v2\/posts\/5084\/revisions"}],"predecessor-version":[{"id":5092,"href":"https:\/\/www.sabine-seyffert.de\/blog\/wp-json\/wp\/v2\/posts\/5084\/revisions\/5092"}],"wp:attachment":[{"href":"https:\/\/www.sabine-seyffert.de\/blog\/wp-json\/wp\/v2\/media?parent=5084"}],"wp:term":[{"taxonomy":"category","embeddable":true,"href":"https:\/\/www.sabine-seyffert.de\/blog\/wp-json\/wp\/v2\/categories?post=5084"},{"taxonomy":"post_tag","embeddable":true,"href":"https:\/\/www.sabine-seyffert.de\/blog\/wp-json\/wp\/v2\/tags?post=5084"}],"curies":[{"name":"wp","href":"https:\/\/api.w.org\/{rel}","templated":true}]}}