{"id":5043,"date":"2015-01-13T07:24:17","date_gmt":"2015-01-13T05:24:17","guid":{"rendered":"http:\/\/www.sabine-seyffert.de\/blog\/?p=5043"},"modified":"2017-03-02T14:21:57","modified_gmt":"2017-03-02T12:21:57","slug":"herzlichen-glueckwunsch-was-fuer-ein-toller-start","status":"publish","type":"post","link":"https:\/\/www.sabine-seyffert.de\/blog\/herzlichen-glueckwunsch-was-fuer-ein-toller-start\/","title":{"rendered":"Herzlichen Gl\u00fcckwunsch &#8211; was f\u00fcr ein toller Start!"},"content":{"rendered":"<p style=\"text-align: justify;\"><img loading=\"lazy\" decoding=\"async\" src=\"https:\/\/ssl-vg03.met.vgwort.de\/na\/d8fe86b3a01446c3830dbaf3470da0df\" alt=\"\" width=\"1\" height=\"1\" \/>Wenn das Jahr so startet kann eigentlich nichts mehr schief gehen. P\u00fcnktlich zum Jahresbeginn ist die Welt um einen lieben Menschen reicher. Wir freuen uns sehr und haben nat\u00fcrlich auch gleich ein paar Gl\u00fcckw\u00fcnsche auf die Reise geschickt.<\/p>\n<p style=\"text-align: center;\"><a href=\"http:\/\/www.sabine-seyffert.de\/blog\/wp-content\/uploads\/2015\/01\/A-11.jpg\"><img loading=\"lazy\" decoding=\"async\" class=\"alignnone size-full wp-image-5045\" src=\"http:\/\/www.sabine-seyffert.de\/blog\/wp-content\/uploads\/2015\/01\/A-11.jpg\" alt=\"A 1\" width=\"800\" height=\"600\" srcset=\"https:\/\/www.sabine-seyffert.de\/blog\/wp-content\/uploads\/2015\/01\/A-11.jpg 800w, https:\/\/www.sabine-seyffert.de\/blog\/wp-content\/uploads\/2015\/01\/A-11-300x225.jpg 300w\" sizes=\"auto, (max-width: 800px) 100vw, 800px\" \/><\/a><\/p>\n<p style=\"text-align: justify;\">Schlie\u00dflich m\u00f6chte so ein kleines Menschlein auch freudig begr\u00fc\u00dft werden. Wie \u00fcblich wurde hier dann kurzerhand kreativ gewerkelt. Diesmal gab es eine selbst gen\u00e4hte Hose nach den Freebooks von <a href=\"http:\/\/www.lybstes.de\/2013\/01\/12\/baby-pumphose\/\" target=\"_blank\">Lybstes<\/a> mit passender <a href=\"http:\/\/www.sabine-seyffert.de\/blog\/?p=3940\" target=\"_blank\">Knotenm\u00fctze<\/a> von <a href=\"http:\/\/punktiert.blogspot.de\/2012\/08\/knotenmutzchen-freebie.html\" target=\"_blank\">Klimperklein<\/a>, die wir bereits im letzten Jahr f\u00fcr <a href=\"http:\/\/www.sabine-seyffert.de\/blog\/?p=3940\" target=\"_blank\">einen guten Zweck<\/a> gen\u00e4ht hatten.<\/p>\n<p style=\"text-align: center;\"><a href=\"http:\/\/www.sabine-seyffert.de\/blog\/wp-content\/uploads\/2015\/01\/A-22.jpg\"><img loading=\"lazy\" decoding=\"async\" class=\"alignnone size-full wp-image-5046\" src=\"http:\/\/www.sabine-seyffert.de\/blog\/wp-content\/uploads\/2015\/01\/A-22.jpg\" alt=\"A 2\" width=\"800\" height=\"600\" srcset=\"https:\/\/www.sabine-seyffert.de\/blog\/wp-content\/uploads\/2015\/01\/A-22.jpg 800w, https:\/\/www.sabine-seyffert.de\/blog\/wp-content\/uploads\/2015\/01\/A-22-300x225.jpg 300w\" sizes=\"auto, (max-width: 800px) 100vw, 800px\" \/><\/a><\/p>\n<p style=\"text-align: justify;\">Um es noch etwas pers\u00f6nlicher zu machen, gab es auch f\u00fcr diesen neuen Erdenb\u00fcrger eine meiner <a href=\"http:\/\/www.sabine-seyffert.de\/blog\/?p=3388\" target=\"_blank\">Sternenketten<\/a>. Dieses Mal in rot-wei\u00dfem Look und mit Holz Perlen versehen. Diese wanderte in eine Pergamint\u00fcte um besser verschickt werden zu k\u00f6nnen. Und die beiden selbst gen\u00e4hten Kleidungsst\u00fccke in Minigr\u00f6\u00dfe haben wir auf folgende Weise in uni wei\u00dfes Packpapier verpackt:<\/p>\n<p style=\"text-align: center;\"><a href=\"http:\/\/www.sabine-seyffert.de\/blog\/wp-content\/uploads\/2015\/01\/A-32.jpg\"><img loading=\"lazy\" decoding=\"async\" class=\"alignnone size-full wp-image-5047\" src=\"http:\/\/www.sabine-seyffert.de\/blog\/wp-content\/uploads\/2015\/01\/A-32.jpg\" alt=\"A 3\" width=\"800\" height=\"608\" srcset=\"https:\/\/www.sabine-seyffert.de\/blog\/wp-content\/uploads\/2015\/01\/A-32.jpg 800w, https:\/\/www.sabine-seyffert.de\/blog\/wp-content\/uploads\/2015\/01\/A-32-300x228.jpg 300w\" sizes=\"auto, (max-width: 800px) 100vw, 800px\" \/><\/a><\/p>\n<p style=\"text-align: justify;\"><strong>Das wird gebraucht:<\/strong><br \/>\nWei\u00dfes Packpapier, ein Spitzenpapier in Herzform, Dymo Ger\u00e4t mit Pr\u00e4geband, rot-wei\u00dfe Kordel, farblich passendes Masking Tape, einen Klebestift, Tesafilm, eine Schere<\/p>\n<p style=\"text-align: center;\"><a href=\"http:\/\/www.sabine-seyffert.de\/blog\/wp-content\/uploads\/2015\/01\/A-42.jpg\"><img loading=\"lazy\" decoding=\"async\" class=\"alignnone size-full wp-image-5048\" src=\"http:\/\/www.sabine-seyffert.de\/blog\/wp-content\/uploads\/2015\/01\/A-42.jpg\" alt=\"A 4\" width=\"800\" height=\"600\" srcset=\"https:\/\/www.sabine-seyffert.de\/blog\/wp-content\/uploads\/2015\/01\/A-42.jpg 800w, https:\/\/www.sabine-seyffert.de\/blog\/wp-content\/uploads\/2015\/01\/A-42-300x225.jpg 300w\" sizes=\"auto, (max-width: 800px) 100vw, 800px\" \/><\/a><\/p>\n<p style=\"text-align: justify;\"><strong>So wird\u2019s gemacht:<\/strong><br \/>\nAls erstes habe ich die Sachen in etwas Packpapier geschlagen und mit Tesafilm auf der R\u00fcckseite verschlossen. Auf der Vorderseite habe ich mit einem Klebestift seitlich das wei\u00dfe Herz aus Spitze aufgeklebt und dieses mit Hilfe des Dymo Ger\u00e4ts mit Namen versehen.<\/p>\n<p style=\"text-align: center;\"><a href=\"http:\/\/www.sabine-seyffert.de\/blog\/wp-content\/uploads\/2015\/01\/A-52.jpg\"><img loading=\"lazy\" decoding=\"async\" class=\"alignnone size-full wp-image-5049\" src=\"http:\/\/www.sabine-seyffert.de\/blog\/wp-content\/uploads\/2015\/01\/A-52.jpg\" alt=\"A 5\" width=\"800\" height=\"600\" srcset=\"https:\/\/www.sabine-seyffert.de\/blog\/wp-content\/uploads\/2015\/01\/A-52.jpg 800w, https:\/\/www.sabine-seyffert.de\/blog\/wp-content\/uploads\/2015\/01\/A-52-300x225.jpg 300w\" sizes=\"auto, (max-width: 800px) 100vw, 800px\" \/><\/a><\/p>\n<p style=\"text-align: justify;\">Um zus\u00e4tzlich f\u00fcr etwas Farbe zu sorgen, habe ich ein l\u00e4ngeres St\u00fcck Kordel um das Geschenk gewickelt, so dass das Herz unter der Kordel steckt. Die Enden habe ich dann auf dem Herz mit einer Schleife verbunden. So kann man die Kordel nach dem Auspacken noch benutzen. Die gegen\u00fcberliegende Ecke des kleinen Geschenkepakets habe ich mit einem Streifen gemusterten Masking Tapes versch\u00f6nert.<\/p>\n<p style=\"text-align: center;\"><a href=\"http:\/\/www.sabine-seyffert.de\/blog\/wp-content\/uploads\/2015\/01\/A-61.jpg\"><img loading=\"lazy\" decoding=\"async\" class=\"alignnone size-full wp-image-5050\" src=\"http:\/\/www.sabine-seyffert.de\/blog\/wp-content\/uploads\/2015\/01\/A-61.jpg\" alt=\"A 6\" width=\"800\" height=\"600\" srcset=\"https:\/\/www.sabine-seyffert.de\/blog\/wp-content\/uploads\/2015\/01\/A-61.jpg 800w, https:\/\/www.sabine-seyffert.de\/blog\/wp-content\/uploads\/2015\/01\/A-61-300x225.jpg 300w\" sizes=\"auto, (max-width: 800px) 100vw, 800px\" \/><\/a><\/p>\n<p style=\"text-align: justify;\">Interessante Geschenkideen zur Geburt findet Ihr \u00fcbrigens in <a href=\"http:\/\/www.sabine-seyffert.de\/blog\/?p=4106\" target=\"_blank\">diesem Bericht<\/a>, selbst gemachte Geschenke <a href=\"http:\/\/www.sabine-seyffert.de\/blog\/?cat=36\" target=\"_blank\">hier<\/a> und andere kreative Sachen an <a href=\"http:\/\/www.creadienstag.de\/2015\/01\/158.html\" target=\"_blank\">dieser Stelle<\/a> und auch <a href=\"http:\/\/kiddikram.blogspot.de\/2014\/12\/kiddikram-januar-2015.html\" target=\"_blank\">da<\/a>.<\/p>\n<p style=\"text-align: center;\"><a href=\"http:\/\/www.sabine-seyffert.de\/blog\/wp-content\/uploads\/2015\/01\/A-71.jpg\"><img loading=\"lazy\" decoding=\"async\" class=\"alignnone size-full wp-image-5051\" src=\"http:\/\/www.sabine-seyffert.de\/blog\/wp-content\/uploads\/2015\/01\/A-71.jpg\" alt=\"A 7\" width=\"800\" height=\"600\" srcset=\"https:\/\/www.sabine-seyffert.de\/blog\/wp-content\/uploads\/2015\/01\/A-71.jpg 800w, https:\/\/www.sabine-seyffert.de\/blog\/wp-content\/uploads\/2015\/01\/A-71-300x225.jpg 300w\" sizes=\"auto, (max-width: 800px) 100vw, 800px\" \/><\/a><br \/>\n<a href=\"http:\/\/www.sabine-seyffert.de\/blog\/?page_id=32#urheberrecht\">urheberrechtlich gesch\u00fctzt<\/a>, \u00a9 Sabine Seyffert<\/p>\n","protected":false},"excerpt":{"rendered":"<p>Wenn das Jahr so startet kann eigentlich nichts mehr schief gehen. P\u00fcnktlich zum Jahresbeginn ist die Welt um einen lieben Menschen reicher. Wir freuen uns sehr und haben nat\u00fcrlich auch gleich ein paar Gl\u00fcckw\u00fcnsche auf die Reise geschickt. Schlie\u00dflich m\u00f6chte so ein kleines Menschlein auch freudig begr\u00fc\u00dft werden. Wie \u00fcblich wurde hier dann kurzerhand kreativ&#8230; <a href=\"https:\/\/www.sabine-seyffert.de\/blog\/herzlichen-glueckwunsch-was-fuer-ein-toller-start\/\" class=\"more-link\">Read more: Herzlichen Gl\u00fcckwunsch &#8211; was f\u00fcr ein toller Start!<\/a><\/p>\n","protected":false},"author":2,"featured_media":0,"comment_status":"open","ping_status":"open","sticky":false,"template":"","format":"standard","meta":{"_metis_text_type":"","_metis_text_length":1994,"_post_count":0,"footnotes":""},"categories":[36,49,33],"tags":[],"class_list":["post-5043","post","type-post","status-publish","format-standard","hentry","category-klitzekleine-geschenkideen","category-verpackungsideen","category-kreative-naherein"],"_links":{"self":[{"href":"https:\/\/www.sabine-seyffert.de\/blog\/wp-json\/wp\/v2\/posts\/5043","targetHints":{"allow":["GET"]}}],"collection":[{"href":"https:\/\/www.sabine-seyffert.de\/blog\/wp-json\/wp\/v2\/posts"}],"about":[{"href":"https:\/\/www.sabine-seyffert.de\/blog\/wp-json\/wp\/v2\/types\/post"}],"author":[{"embeddable":true,"href":"https:\/\/www.sabine-seyffert.de\/blog\/wp-json\/wp\/v2\/users\/2"}],"replies":[{"embeddable":true,"href":"https:\/\/www.sabine-seyffert.de\/blog\/wp-json\/wp\/v2\/comments?post=5043"}],"version-history":[{"count":12,"href":"https:\/\/www.sabine-seyffert.de\/blog\/wp-json\/wp\/v2\/posts\/5043\/revisions"}],"predecessor-version":[{"id":5062,"href":"https:\/\/www.sabine-seyffert.de\/blog\/wp-json\/wp\/v2\/posts\/5043\/revisions\/5062"}],"wp:attachment":[{"href":"https:\/\/www.sabine-seyffert.de\/blog\/wp-json\/wp\/v2\/media?parent=5043"}],"wp:term":[{"taxonomy":"category","embeddable":true,"href":"https:\/\/www.sabine-seyffert.de\/blog\/wp-json\/wp\/v2\/categories?post=5043"},{"taxonomy":"post_tag","embeddable":true,"href":"https:\/\/www.sabine-seyffert.de\/blog\/wp-json\/wp\/v2\/tags?post=5043"}],"curies":[{"name":"wp","href":"https:\/\/api.w.org\/{rel}","templated":true}]}}