{"id":5030,"date":"2015-01-10T13:27:48","date_gmt":"2015-01-10T11:27:48","guid":{"rendered":"http:\/\/www.sabine-seyffert.de\/blog\/?p=5030"},"modified":"2018-04-28T11:03:28","modified_gmt":"2018-04-28T09:03:28","slug":"ein-blitzschnelles-rezept-nicht-nur-fuers-wochenende","status":"publish","type":"post","link":"https:\/\/www.sabine-seyffert.de\/blog\/ein-blitzschnelles-rezept-nicht-nur-fuers-wochenende\/","title":{"rendered":"Ein blitzschnelles Rezept nicht nur f\u00fcrs Wochenende\u2026"},"content":{"rendered":"<p style=\"text-align: justify;\"><img loading=\"lazy\" decoding=\"async\" src=\"https:\/\/ssl-vg03.met.vgwort.de\/na\/80c89af5d8204a619f0511dc501a0366\" alt=\"\" width=\"1\" height=\"1\" \/>Derzeit knubbeln sich bei uns mal wieder allerhand Dinge, die dringend erledigt werden wollen. In solchen Momenten bin ich immer ausgesprochen dankbar f\u00fcr schnelle Rezepte.<\/p>\n<p><a href=\"http:\/\/www.sabine-seyffert.de\/blog\/wp-content\/uploads\/2015\/01\/1.jpg\"><img loading=\"lazy\" decoding=\"async\" class=\"size-full wp-image-5033 aligncenter\" src=\"http:\/\/www.sabine-seyffert.de\/blog\/wp-content\/uploads\/2015\/01\/1.jpg\" alt=\"1\" width=\"800\" height=\"600\" srcset=\"https:\/\/www.sabine-seyffert.de\/blog\/wp-content\/uploads\/2015\/01\/1.jpg 800w, https:\/\/www.sabine-seyffert.de\/blog\/wp-content\/uploads\/2015\/01\/1-300x225.jpg 300w\" sizes=\"auto, (max-width: 800px) 100vw, 800px\" \/><\/a><\/p>\n<p style=\"text-align: justify;\">Vor allem f\u00fcr solche, die auch noch gesund sind! Da sich eine unserer T\u00f6chter vegan ern\u00e4hrt, ist es mittags manchmal schwierig etwas zu finden, was wirklich alle Familienmitglieder essen k\u00f6nnen. Das stellt mich -obwohl wir uns seit \u00fcber 20 Jahren vegetarisch ern\u00e4hren- so manches Mal vor eine echte Herausforderung. Daher kann ich das folgende Rezept mit guten Gewissen weiterempfehlen.<\/p>\n<p style=\"text-align: center;\"><a href=\"http:\/\/www.sabine-seyffert.de\/blog\/wp-content\/uploads\/2015\/01\/2.jpg\"><img loading=\"lazy\" decoding=\"async\" class=\"alignnone size-full wp-image-5034\" src=\"http:\/\/www.sabine-seyffert.de\/blog\/wp-content\/uploads\/2015\/01\/2.jpg\" alt=\"2\" width=\"800\" height=\"600\" srcset=\"https:\/\/www.sabine-seyffert.de\/blog\/wp-content\/uploads\/2015\/01\/2.jpg 800w, https:\/\/www.sabine-seyffert.de\/blog\/wp-content\/uploads\/2015\/01\/2-300x225.jpg 300w\" sizes=\"auto, (max-width: 800px) 100vw, 800px\" \/><\/a><\/p>\n<p style=\"text-align: justify;\"><strong>Das wird gebraucht:<\/strong><br \/>\n500 gr Couscous, 1 Teel\u00f6ffel Ras el Hanout Gew\u00fcrzmischung, 2 Knoblauchzehen, 1 Zwiebel, 1 Limette, \u00bd Zucchini, 1 rote Paprika, 300 gr. Zuckerschoten, 4-5 getrocknete Tomaten, 1 geh\u00e4ufter Essl\u00f6ffel Gem\u00fcsebr\u00fche, 500 ml Wasser, Oliven\u00f6l, etwas pflanzliches Fett zum Braten<\/p>\n<p style=\"text-align: center;\"><a href=\"http:\/\/www.sabine-seyffert.de\/blog\/wp-content\/uploads\/2015\/01\/31.jpg\"><img loading=\"lazy\" decoding=\"async\" class=\"alignnone size-full wp-image-5035\" src=\"http:\/\/www.sabine-seyffert.de\/blog\/wp-content\/uploads\/2015\/01\/31.jpg\" alt=\"3\" width=\"800\" height=\"600\" srcset=\"https:\/\/www.sabine-seyffert.de\/blog\/wp-content\/uploads\/2015\/01\/31.jpg 800w, https:\/\/www.sabine-seyffert.de\/blog\/wp-content\/uploads\/2015\/01\/31-300x225.jpg 300w\" sizes=\"auto, (max-width: 800px) 100vw, 800px\" \/><\/a><\/p>\n<p style=\"text-align: justify;\"><strong>So wird\u2019s gemacht:<\/strong><br \/>\nDas Wasser zum Kochen bringen, die Gem\u00fcsebr\u00fche unterr\u00fchren und dann \u00fcber das Couscous geben. W\u00e4hrend dieses quillt, d\u00fcnstet man in einer gro\u00dfen Pfanne mit etwas pflanzlichem Fett die gew\u00fcrfelte Paprika, Zuckerschoten, Zucchini und Zwiebel kurz an. Zum Schluss presst man den Knoblauch hinein und gibt das Ras el Hanout sowie etwas Oliven\u00f6l hinzu.<\/p>\n<p style=\"text-align: center;\"><a href=\"http:\/\/www.sabine-seyffert.de\/blog\/wp-content\/uploads\/2015\/01\/4.jpg\"><img loading=\"lazy\" decoding=\"async\" class=\"alignnone size-full wp-image-5036\" src=\"http:\/\/www.sabine-seyffert.de\/blog\/wp-content\/uploads\/2015\/01\/4.jpg\" alt=\"4\" width=\"800\" height=\"600\" srcset=\"https:\/\/www.sabine-seyffert.de\/blog\/wp-content\/uploads\/2015\/01\/4.jpg 800w, https:\/\/www.sabine-seyffert.de\/blog\/wp-content\/uploads\/2015\/01\/4-300x225.jpg 300w\" sizes=\"auto, (max-width: 800px) 100vw, 800px\" \/><\/a><\/p>\n<p style=\"text-align: justify;\">Jetzt presst man die Limette aus und r\u00fchrt den Saft unter das Couscous. Zum Schluss gibt man das ged\u00fcnstete Gem\u00fcse hinzu und r\u00fchrt alles unter. Ggf. kann man noch etwas Oliven\u00f6l hinzugeben und nachw\u00fcrzen.<\/p>\n<p style=\"text-align: center;\"><a href=\"http:\/\/www.sabine-seyffert.de\/blog\/wp-content\/uploads\/2015\/01\/5.jpg\"><img loading=\"lazy\" decoding=\"async\" class=\"alignnone size-full wp-image-5037\" src=\"http:\/\/www.sabine-seyffert.de\/blog\/wp-content\/uploads\/2015\/01\/5.jpg\" alt=\"5\" width=\"800\" height=\"600\" srcset=\"https:\/\/www.sabine-seyffert.de\/blog\/wp-content\/uploads\/2015\/01\/5.jpg 800w, https:\/\/www.sabine-seyffert.de\/blog\/wp-content\/uploads\/2015\/01\/5-300x225.jpg 300w\" sizes=\"auto, (max-width: 800px) 100vw, 800px\" \/><\/a><\/p>\n<p style=\"text-align: justify;\">In unserem Fall sind auch einige klein gew\u00fcrfelte, getrocknete Tomaten dazu gewandert, damit es noch schmackhafter wird.<\/p>\n<p style=\"text-align: center;\"><a href=\"http:\/\/www.sabine-seyffert.de\/blog\/wp-content\/uploads\/2015\/01\/6.jpg\"><img loading=\"lazy\" decoding=\"async\" class=\"alignnone size-full wp-image-5038\" src=\"http:\/\/www.sabine-seyffert.de\/blog\/wp-content\/uploads\/2015\/01\/6.jpg\" alt=\"6\" width=\"800\" height=\"600\" srcset=\"https:\/\/www.sabine-seyffert.de\/blog\/wp-content\/uploads\/2015\/01\/6.jpg 800w, https:\/\/www.sabine-seyffert.de\/blog\/wp-content\/uploads\/2015\/01\/6-300x225.jpg 300w\" sizes=\"auto, (max-width: 800px) 100vw, 800px\" \/><\/a><\/p>\n<p style=\"text-align: justify;\"><strong>Ein kleiner Tipp:<\/strong><br \/>\nWer sich nicht vegan ern\u00e4hrt, kann auf die Couscous Gem\u00fcsemischung etwas frisch geriebenen Parmesan streuen! Die angegebene Menge ist f\u00fcr 4 Esser bestimmt.<\/p>\n<p style=\"text-align: center;\"><a href=\"http:\/\/www.sabine-seyffert.de\/blog\/wp-content\/uploads\/2015\/01\/7.jpg\"><img loading=\"lazy\" decoding=\"async\" class=\"alignnone size-full wp-image-5039\" src=\"http:\/\/www.sabine-seyffert.de\/blog\/wp-content\/uploads\/2015\/01\/7.jpg\" alt=\"7\" width=\"800\" height=\"600\" srcset=\"https:\/\/www.sabine-seyffert.de\/blog\/wp-content\/uploads\/2015\/01\/7.jpg 800w, https:\/\/www.sabine-seyffert.de\/blog\/wp-content\/uploads\/2015\/01\/7-300x225.jpg 300w\" sizes=\"auto, (max-width: 800px) 100vw, 800px\" \/><\/a><\/p>\n<p style=\"text-align: justify;\">Das Jahr schreitet schon wieder unaufhaltsam voran, daher m\u00f6chte ich euch gerne noch die wundersch\u00f6ne Neujahrpost zeigen, die von Mickey <a href=\"http:\/\/de-hansedeern.blogspot.de\/\" target=\"_blank\">De-Hansedeern<\/a> hier eingetroffen ist. Eine ganz tolle Idee als Alternative <a href=\"http:\/\/www.sabine-seyffert.de\/blog\/?p=4934\" target=\"_blank\">zur Weihnachtspost<\/a> wie ich finde!<\/p>\n<p style=\"text-align: center;\"><a href=\"http:\/\/www.sabine-seyffert.de\/blog\/wp-content\/uploads\/2015\/01\/Marion.jpg\"><img loading=\"lazy\" decoding=\"async\" class=\"alignnone size-full wp-image-5032\" src=\"http:\/\/www.sabine-seyffert.de\/blog\/wp-content\/uploads\/2015\/01\/Marion.jpg\" alt=\"Marion\" width=\"600\" height=\"800\" srcset=\"https:\/\/www.sabine-seyffert.de\/blog\/wp-content\/uploads\/2015\/01\/Marion.jpg 600w, https:\/\/www.sabine-seyffert.de\/blog\/wp-content\/uploads\/2015\/01\/Marion-225x300.jpg 225w\" sizes=\"auto, (max-width: 600px) 100vw, 600px\" \/><\/a><\/p>\n<p style=\"text-align: justify;\">Und ebenso ein toller Kalender mit Schwebebahn von meiner lieben <a href=\"http:\/\/www.taltexte.de\/vita-2\/\" target=\"_blank\">Kollegin Manuela<\/a> von <a href=\"http:\/\/www.taltexte.de\/\" target=\"_blank\">Taltexte<\/a>, der mich im Jahr 2015 t\u00e4glich durch Wuppertal \u201eschweben\u201c l\u00e4sst. Habt ganz lieben Dank ihr Beiden!<\/p>\n<p><a href=\"http:\/\/www.sabine-seyffert.de\/blog\/wp-content\/uploads\/2015\/01\/Manuela.jpg\"><img loading=\"lazy\" decoding=\"async\" class=\"size-full wp-image-5031 aligncenter\" src=\"http:\/\/www.sabine-seyffert.de\/blog\/wp-content\/uploads\/2015\/01\/Manuela.jpg\" alt=\"Manuela\" width=\"600\" height=\"800\" srcset=\"https:\/\/www.sabine-seyffert.de\/blog\/wp-content\/uploads\/2015\/01\/Manuela.jpg 600w, https:\/\/www.sabine-seyffert.de\/blog\/wp-content\/uploads\/2015\/01\/Manuela-225x300.jpg 225w\" sizes=\"auto, (max-width: 600px) 100vw, 600px\" \/><\/a><\/p>\n<p style=\"text-align: justify;\"><a href=\"http:\/\/www.sabine-seyffert.de\/blog\/?page_id=32#urheberrecht\">urheberrechtlich gesch\u00fctzt<\/a>, \u00a9 Sabine Seyffert<\/p>\n","protected":false},"excerpt":{"rendered":"<p>Derzeit knubbeln sich bei uns mal wieder allerhand Dinge, die dringend erledigt werden wollen. In solchen Momenten bin ich immer ausgesprochen dankbar f\u00fcr schnelle Rezepte. Vor allem f\u00fcr solche, die auch noch gesund sind! Da sich eine unserer T\u00f6chter vegan ern\u00e4hrt, ist es mittags manchmal schwierig etwas zu finden, was wirklich alle Familienmitglieder essen k\u00f6nnen&#8230;. <a href=\"https:\/\/www.sabine-seyffert.de\/blog\/ein-blitzschnelles-rezept-nicht-nur-fuers-wochenende\/\" class=\"more-link\">Read more: Ein blitzschnelles Rezept nicht nur f\u00fcrs Wochenende\u2026<\/a><\/p>\n","protected":false},"author":2,"featured_media":0,"comment_status":"open","ping_status":"open","sticky":false,"template":"","format":"standard","meta":{"_metis_text_type":"","_metis_text_length":2200,"_post_count":0,"footnotes":""},"categories":[44],"tags":[],"class_list":["post-5030","post","type-post","status-publish","format-standard","hentry","category-rezepte-vegan"],"_links":{"self":[{"href":"https:\/\/www.sabine-seyffert.de\/blog\/wp-json\/wp\/v2\/posts\/5030","targetHints":{"allow":["GET"]}}],"collection":[{"href":"https:\/\/www.sabine-seyffert.de\/blog\/wp-json\/wp\/v2\/posts"}],"about":[{"href":"https:\/\/www.sabine-seyffert.de\/blog\/wp-json\/wp\/v2\/types\/post"}],"author":[{"embeddable":true,"href":"https:\/\/www.sabine-seyffert.de\/blog\/wp-json\/wp\/v2\/users\/2"}],"replies":[{"embeddable":true,"href":"https:\/\/www.sabine-seyffert.de\/blog\/wp-json\/wp\/v2\/comments?post=5030"}],"version-history":[{"count":4,"href":"https:\/\/www.sabine-seyffert.de\/blog\/wp-json\/wp\/v2\/posts\/5030\/revisions"}],"predecessor-version":[{"id":12393,"href":"https:\/\/www.sabine-seyffert.de\/blog\/wp-json\/wp\/v2\/posts\/5030\/revisions\/12393"}],"wp:attachment":[{"href":"https:\/\/www.sabine-seyffert.de\/blog\/wp-json\/wp\/v2\/media?parent=5030"}],"wp:term":[{"taxonomy":"category","embeddable":true,"href":"https:\/\/www.sabine-seyffert.de\/blog\/wp-json\/wp\/v2\/categories?post=5030"},{"taxonomy":"post_tag","embeddable":true,"href":"https:\/\/www.sabine-seyffert.de\/blog\/wp-json\/wp\/v2\/tags?post=5030"}],"curies":[{"name":"wp","href":"https:\/\/api.w.org\/{rel}","templated":true}]}}