{"id":4999,"date":"2015-01-04T18:04:00","date_gmt":"2015-01-04T16:04:00","guid":{"rendered":"http:\/\/www.sabine-seyffert.de\/blog\/?p=4999"},"modified":"2015-01-04T18:04:00","modified_gmt":"2015-01-04T16:04:00","slug":"ein-weisser-start-ins-neue-jahr","status":"publish","type":"post","link":"https:\/\/www.sabine-seyffert.de\/blog\/ein-weisser-start-ins-neue-jahr\/","title":{"rendered":"Ein wei\u00dfer Start ins neue Jahr"},"content":{"rendered":"<p style=\"text-align: justify;\"><img loading=\"lazy\" decoding=\"async\" src=\"https:\/\/ssl-vg03.met.vgwort.de\/na\/ebb11d73d8a546a7bf9fd52d819b71ce\" alt=\"\" width=\"1\" height=\"1\" \/>Das alte Jahr liegt nun hinter uns und das neue ist bereits gestartet. Und das Beste: das alles bei tollstem Winterwetter! Der Dezember hat sich hier, p\u00fcnktlich zum Weihnachtsfest, mit einem kuschelig wei\u00dfen, glitzernden Wintermantel verabschiedet und damit f\u00fcr gro\u00dfe Heiterkeit bei Klein und Gro\u00df gesorgt.<\/p>\n<p style=\"text-align: center;\"><a href=\"http:\/\/www.sabine-seyffert.de\/blog\/wp-content\/uploads\/2015\/01\/A-1.jpg\"><img loading=\"lazy\" decoding=\"async\" class=\"alignnone size-full wp-image-5000\" src=\"http:\/\/www.sabine-seyffert.de\/blog\/wp-content\/uploads\/2015\/01\/A-1.jpg\" alt=\"A 1\" width=\"600\" height=\"800\" srcset=\"https:\/\/www.sabine-seyffert.de\/blog\/wp-content\/uploads\/2015\/01\/A-1.jpg 600w, https:\/\/www.sabine-seyffert.de\/blog\/wp-content\/uploads\/2015\/01\/A-1-225x300.jpg 225w\" sizes=\"auto, (max-width: 600px) 100vw, 600px\" \/><\/a><\/p>\n<p style=\"text-align: justify;\">In unserem Garten versammelten sich zwischen stolzen Schneeengeln, die die Wiese bewachen, auch allerhand gl\u00fccklich dreinschauende Schneem\u00e4nner in ganz unterschiedlichen Gr\u00f6\u00dfen. Sogar ein kleines Iglu gesellte sich nach zwei Tagen fr\u00f6hlicher Werkelei mit dazu. Und in der n\u00e4heren Umgebung verwandelten sich selbst die kleinsten H\u00fcgel im Nu zu gut besuchten Rodelbahnen.<\/p>\n<p style=\"text-align: center;\"><a href=\"http:\/\/www.sabine-seyffert.de\/blog\/wp-content\/uploads\/2015\/01\/A-2.jpg\"><img loading=\"lazy\" decoding=\"async\" class=\"alignnone size-full wp-image-5001\" src=\"http:\/\/www.sabine-seyffert.de\/blog\/wp-content\/uploads\/2015\/01\/A-2.jpg\" alt=\"A 2\" width=\"600\" height=\"800\" srcset=\"https:\/\/www.sabine-seyffert.de\/blog\/wp-content\/uploads\/2015\/01\/A-2.jpg 600w, https:\/\/www.sabine-seyffert.de\/blog\/wp-content\/uploads\/2015\/01\/A-2-225x300.jpg 225w\" sizes=\"auto, (max-width: 600px) 100vw, 600px\" \/><\/a><\/p>\n<p style=\"text-align: justify;\">Auch wenn die Temperaturen entsprechend niedrig waren, umso mehr strahlte die winterliche Sonne vom blauen Himmel herab. Da hielt es niemanden im Haus. Warm eingepackt in muckeligen Wintersachen haben wir die Ferientage f\u00fcr ausgiebige Spazierg\u00e4nge im Schnee genutzt, die Tage in vollen Z\u00fcgen genossen und die Seele mal so richtig baumeln lassen.<\/p>\n<p style=\"text-align: center;\"><a href=\"http:\/\/www.sabine-seyffert.de\/blog\/wp-content\/uploads\/2015\/01\/A-3.jpg\"><img loading=\"lazy\" decoding=\"async\" class=\"alignnone size-full wp-image-5002\" src=\"http:\/\/www.sabine-seyffert.de\/blog\/wp-content\/uploads\/2015\/01\/A-3.jpg\" alt=\"A 3\" width=\"600\" height=\"800\" srcset=\"https:\/\/www.sabine-seyffert.de\/blog\/wp-content\/uploads\/2015\/01\/A-3.jpg 600w, https:\/\/www.sabine-seyffert.de\/blog\/wp-content\/uploads\/2015\/01\/A-3-225x300.jpg 225w\" sizes=\"auto, (max-width: 600px) 100vw, 600px\" \/><\/a><\/p>\n<p style=\"text-align: justify;\">Bei warmen Tee, s\u00fc\u00dfem Kakao und den restlichen Weihnachtspl\u00e4tzchen wurde zwischendrin immer von Innen aufgew\u00e4rmt und gemeinsam gespielt, geredet und viel gelacht. W\u00e4hrend wahre Berge von Schneesachen, unz\u00e4hlige Handschuhe und gef\u00fctterte Stiefel die Heizung belagerten und alle darauf hofften, dass diese schnell trocknen w\u00fcrden. Genau so sollten Ferien ja auch sein \ud83d\ude42<\/p>\n<p style=\"text-align: center;\"><a href=\"http:\/\/www.sabine-seyffert.de\/blog\/wp-content\/uploads\/2015\/01\/A-4.jpg\"><img loading=\"lazy\" decoding=\"async\" class=\"alignnone size-full wp-image-5003\" src=\"http:\/\/www.sabine-seyffert.de\/blog\/wp-content\/uploads\/2015\/01\/A-4.jpg\" alt=\"A 4\" width=\"600\" height=\"800\" srcset=\"https:\/\/www.sabine-seyffert.de\/blog\/wp-content\/uploads\/2015\/01\/A-4.jpg 600w, https:\/\/www.sabine-seyffert.de\/blog\/wp-content\/uploads\/2015\/01\/A-4-225x300.jpg 225w\" sizes=\"auto, (max-width: 600px) 100vw, 600px\" \/><\/a><\/p>\n<p style=\"text-align: justify;\">Ein paar freie Tage liegen noch vor uns, die wir genie\u00dfen werden, bevor dann der Alltag mit seinem fr\u00fchen Aufstehen, all seinen Terminen und Verpflichtungen auf uns wartet.<\/p>\n<p style=\"text-align: center;\"><a href=\"http:\/\/www.sabine-seyffert.de\/blog\/wp-content\/uploads\/2015\/01\/A-5.jpg\"><img loading=\"lazy\" decoding=\"async\" class=\"alignnone size-full wp-image-5004\" src=\"http:\/\/www.sabine-seyffert.de\/blog\/wp-content\/uploads\/2015\/01\/A-5.jpg\" alt=\"A 5\" width=\"800\" height=\"542\" srcset=\"https:\/\/www.sabine-seyffert.de\/blog\/wp-content\/uploads\/2015\/01\/A-5.jpg 800w, https:\/\/www.sabine-seyffert.de\/blog\/wp-content\/uploads\/2015\/01\/A-5-300x203.jpg 300w\" sizes=\"auto, (max-width: 800px) 100vw, 800px\" \/><\/a><\/p>\n<p style=\"text-align: justify;\">Ich w\u00fcnsche Euch allen ein ganz tolles, neues Jahr und freue mich sehr auf allerhand fr\u00f6hliche Momente, kunterbunt Basteleien, neue kreative Ideen und auf das, was 2015 f\u00fcr uns alle bereit h\u00e4lt!<\/p>\n<p style=\"text-align: justify;\">Herzliche Willkommensgr\u00fc\u00dfe im Januar und bis bald,<\/p>\n<p style=\"text-align: justify;\">Sabine<\/p>\n<p style=\"text-align: justify;\"><a href=\"http:\/\/www.sabine-seyffert.de\/blog\/?page_id=32#urheberrecht\">urheberrechtlich gesch\u00fctzt<\/a>, \u00a9 Sabine Seyffert<\/p>\n","protected":false},"excerpt":{"rendered":"<p>Das alte Jahr liegt nun hinter uns und das neue ist bereits gestartet. Und das Beste: das alles bei tollstem Winterwetter! Der Dezember hat sich hier, p\u00fcnktlich zum Weihnachtsfest, mit einem kuschelig wei\u00dfen, glitzernden Wintermantel verabschiedet und damit f\u00fcr gro\u00dfe Heiterkeit bei Klein und Gro\u00df gesorgt. In unserem Garten versammelten sich zwischen stolzen Schneeengeln, die&#8230; <a href=\"https:\/\/www.sabine-seyffert.de\/blog\/ein-weisser-start-ins-neue-jahr\/\" class=\"more-link\">Read more: Ein wei\u00dfer Start ins neue Jahr<\/a><\/p>\n","protected":false},"author":2,"featured_media":0,"comment_status":"open","ping_status":"open","sticky":false,"template":"","format":"standard","meta":{"_metis_text_type":"","_metis_text_length":1862,"_post_count":0,"footnotes":""},"categories":[41,38,22],"tags":[],"class_list":["post-4999","post","type-post","status-publish","format-standard","hentry","category-weihnachten","category-ferien","category-winter"],"_links":{"self":[{"href":"https:\/\/www.sabine-seyffert.de\/blog\/wp-json\/wp\/v2\/posts\/4999","targetHints":{"allow":["GET"]}}],"collection":[{"href":"https:\/\/www.sabine-seyffert.de\/blog\/wp-json\/wp\/v2\/posts"}],"about":[{"href":"https:\/\/www.sabine-seyffert.de\/blog\/wp-json\/wp\/v2\/types\/post"}],"author":[{"embeddable":true,"href":"https:\/\/www.sabine-seyffert.de\/blog\/wp-json\/wp\/v2\/users\/2"}],"replies":[{"embeddable":true,"href":"https:\/\/www.sabine-seyffert.de\/blog\/wp-json\/wp\/v2\/comments?post=4999"}],"version-history":[{"count":4,"href":"https:\/\/www.sabine-seyffert.de\/blog\/wp-json\/wp\/v2\/posts\/4999\/revisions"}],"predecessor-version":[{"id":5008,"href":"https:\/\/www.sabine-seyffert.de\/blog\/wp-json\/wp\/v2\/posts\/4999\/revisions\/5008"}],"wp:attachment":[{"href":"https:\/\/www.sabine-seyffert.de\/blog\/wp-json\/wp\/v2\/media?parent=4999"}],"wp:term":[{"taxonomy":"category","embeddable":true,"href":"https:\/\/www.sabine-seyffert.de\/blog\/wp-json\/wp\/v2\/categories?post=4999"},{"taxonomy":"post_tag","embeddable":true,"href":"https:\/\/www.sabine-seyffert.de\/blog\/wp-json\/wp\/v2\/tags?post=4999"}],"curies":[{"name":"wp","href":"https:\/\/api.w.org\/{rel}","templated":true}]}}