{"id":4981,"date":"2014-12-24T08:44:06","date_gmt":"2014-12-24T06:44:06","guid":{"rendered":"http:\/\/www.sabine-seyffert.de\/blog\/?p=4981"},"modified":"2017-03-02T14:25:42","modified_gmt":"2017-03-02T12:25:42","slug":"vom-kleinen-weihnachtstroll","status":"publish","type":"post","link":"https:\/\/www.sabine-seyffert.de\/blog\/vom-kleinen-weihnachtstroll\/","title":{"rendered":"Vom kleinen Weihnachtstroll\u2026"},"content":{"rendered":"<p style=\"text-align: justify;\"><img loading=\"lazy\" decoding=\"async\" src=\"https:\/\/ssl-vg03.met.vgwort.de\/na\/4bc1c77f6fa0442dbf704b3004b0a4d7\" alt=\"\" width=\"1\" height=\"1\" \/>Nun ist er endlich da, der Heilig Abend! Eine aufregende, fr\u00f6hliche und recht <a href=\"http:\/\/www.sabine-seyffert.de\/blog\/?cat=41\" target=\"_blank\">kunterbunte Adventszeit<\/a> liegt jetzt hinter uns. Mal ein wenig hektisch, dann ganz besinnlich, stimmungsvoll und sehr gem\u00fctlich. In jedem Fall hat das lange Warten ein Ende und die vielen Kinderaugen strahlen voller Vorfreude und Aufregung heute ganz besonders hell. Daher ist es an der Zeit allen kleinen und gro\u00dfen Leuten die hier so reinschnuppern und mitlesen ein paar wundersch\u00f6ne Weihnachtstage zu w\u00fcnschen und mich bei Euch zu bedanken. Es freut mich \u00fcber alle Ma\u00dfe, dass Euch meine Ideen gefallen und Ihr Euch Zeit nehmt nette Worte zu hinterlassen. M\u00f6gen Lichterglanz und s\u00fc\u00dfer Pl\u00e4tzchenduft euch begleiten und sich alle W\u00fcnsche erf\u00fcllen. Ich verabschiede mich mit dem kleinen Weihnachtstroll und schicke einen besonders lieben Dank an meine Kollegin <a href=\"http:\/\/susanne-krauss.de\/\" target=\"_blank\">Susanne Krau\u00df<\/a>, daf\u00fcr dass ich ihre zauberhaften Bilder hier verwenden und zeigen darf.<\/p>\n<p style=\"text-align: center;\">Gr\u00fc\u00dfe mit reichlich Weihnachtszauber,<\/p>\n<p style=\"text-align: center;\">Sabine<\/p>\n<p style=\"text-align: center;\">***<\/p>\n<p style=\"text-align: center;\"><strong>Der Weihnachtstroll<\/strong><\/p>\n<p style=\"text-align: center;\"><a href=\"http:\/\/www.sabine-seyffert.de\/blog\/wp-content\/uploads\/2014\/12\/1.jpg\"><img loading=\"lazy\" decoding=\"async\" class=\"alignnone size-full wp-image-4982\" src=\"http:\/\/www.sabine-seyffert.de\/blog\/wp-content\/uploads\/2014\/12\/1.jpg\" alt=\"1\" width=\"319\" height=\"253\" srcset=\"https:\/\/www.sabine-seyffert.de\/blog\/wp-content\/uploads\/2014\/12\/1.jpg 319w, https:\/\/www.sabine-seyffert.de\/blog\/wp-content\/uploads\/2014\/12\/1-300x237.jpg 300w\" sizes=\"auto, (max-width: 319px) 100vw, 319px\" \/><\/a><\/p>\n<p style=\"text-align: center;\">Schnee und Eis bringt uns die Kunde,<br \/>\nja, hurra, es ist soweit!<br \/>\nDie Neuigkeit macht schnell die Runde,<br \/>\nbald ist wieder Weihnachtszeit.<\/p>\n<p style=\"text-align: center;\"><a href=\"http:\/\/www.sabine-seyffert.de\/blog\/wp-content\/uploads\/2014\/12\/2.jpg\"><img loading=\"lazy\" decoding=\"async\" class=\"alignnone size-full wp-image-4983\" src=\"http:\/\/www.sabine-seyffert.de\/blog\/wp-content\/uploads\/2014\/12\/2.jpg\" alt=\"2\" width=\"364\" height=\"293\" srcset=\"https:\/\/www.sabine-seyffert.de\/blog\/wp-content\/uploads\/2014\/12\/2.jpg 364w, https:\/\/www.sabine-seyffert.de\/blog\/wp-content\/uploads\/2014\/12\/2-300x241.jpg 300w\" sizes=\"auto, (max-width: 364px) 100vw, 364px\" \/><\/a><\/p>\n<p style=\"text-align: center;\">Unter einem Busch im Garten<br \/>\nschlummert noch der Weihnachstroll,<br \/>\ndoch auch er kann\u00b4s kaum erwarten,<br \/>\nersehnt die Weihnachtszeit wie toll.<\/p>\n<p style=\"text-align: center;\"><a href=\"http:\/\/www.sabine-seyffert.de\/blog\/wp-content\/uploads\/2014\/12\/3.jpg\"><img loading=\"lazy\" decoding=\"async\" class=\"alignnone size-full wp-image-4984\" src=\"http:\/\/www.sabine-seyffert.de\/blog\/wp-content\/uploads\/2014\/12\/3.jpg\" alt=\"3\" width=\"305\" height=\"324\" srcset=\"https:\/\/www.sabine-seyffert.de\/blog\/wp-content\/uploads\/2014\/12\/3.jpg 305w, https:\/\/www.sabine-seyffert.de\/blog\/wp-content\/uploads\/2014\/12\/3-282x300.jpg 282w\" sizes=\"auto, (max-width: 305px) 100vw, 305px\" \/><\/a><\/p>\n<p style=\"text-align: center;\">Als ihn eine Schneeflock\u00b4 endlich<br \/>\nan der Nase kitzelt sacht,<br \/>\nhat der Weihnachstroll, verst\u00e4ndlich,<br \/>\nrasch die Augen aufgemacht.<\/p>\n<p style=\"text-align: center;\"><a href=\"http:\/\/www.sabine-seyffert.de\/blog\/wp-content\/uploads\/2014\/12\/4.jpg\"><img loading=\"lazy\" decoding=\"async\" class=\"alignnone size-full wp-image-4985\" src=\"http:\/\/www.sabine-seyffert.de\/blog\/wp-content\/uploads\/2014\/12\/4.jpg\" alt=\"4\" width=\"329\" height=\"247\" srcset=\"https:\/\/www.sabine-seyffert.de\/blog\/wp-content\/uploads\/2014\/12\/4.jpg 329w, https:\/\/www.sabine-seyffert.de\/blog\/wp-content\/uploads\/2014\/12\/4-300x225.jpg 300w\" sizes=\"auto, (max-width: 329px) 100vw, 329px\" \/><\/a><\/p>\n<p style=\"text-align: center;\">Huch, schaut er auf den Kalender,<br \/>\nviel Zeit bleibt mir dies Jahr nicht.<br \/>\nSchlie\u00dflich ist es schon Dezember<br \/>\nund das Weihnachtsfest in Sicht!<\/p>\n<p style=\"text-align: center;\"><a href=\"http:\/\/www.sabine-seyffert.de\/blog\/wp-content\/uploads\/2014\/12\/5.jpg\"><img loading=\"lazy\" decoding=\"async\" class=\"alignnone size-full wp-image-4986\" src=\"http:\/\/www.sabine-seyffert.de\/blog\/wp-content\/uploads\/2014\/12\/5.jpg\" alt=\"5\" width=\"392\" height=\"314\" srcset=\"https:\/\/www.sabine-seyffert.de\/blog\/wp-content\/uploads\/2014\/12\/5.jpg 392w, https:\/\/www.sabine-seyffert.de\/blog\/wp-content\/uploads\/2014\/12\/5-300x240.jpg 300w\" sizes=\"auto, (max-width: 392px) 100vw, 392px\" \/><\/a><\/p>\n<p style=\"text-align: center;\">Eilig muss er sich nun sputen<br \/>\nWeihnachtsd\u00fcfte zu verbreiten<br \/>\nund dem Weihnachtsmann, dem Guten,<br \/>\nzeitig alles vorbereiten.<\/p>\n<p style=\"text-align: center;\"><a href=\"http:\/\/www.sabine-seyffert.de\/blog\/wp-content\/uploads\/2014\/12\/6.jpg\"><img loading=\"lazy\" decoding=\"async\" class=\"alignnone size-full wp-image-4987\" src=\"http:\/\/www.sabine-seyffert.de\/blog\/wp-content\/uploads\/2014\/12\/6.jpg\" alt=\"6\" width=\"275\" height=\"300\" \/><\/a><\/p>\n<p style=\"text-align: center;\">Denn ist erstmal Heiligabend<br \/>\nund der Weihnachtsmann im Haus,<br \/>\ngibt er allen Kindern Gaben.<br \/>\nNur f\u00fcr den Troll ist es jetzt aus.<\/p>\n<p style=\"text-align: center;\"><a href=\"http:\/\/www.sabine-seyffert.de\/blog\/wp-content\/uploads\/2014\/12\/7.jpg\"><img loading=\"lazy\" decoding=\"async\" class=\"alignnone size-full wp-image-4988\" src=\"http:\/\/www.sabine-seyffert.de\/blog\/wp-content\/uploads\/2014\/12\/7.jpg\" alt=\"7\" width=\"420\" height=\"275\" srcset=\"https:\/\/www.sabine-seyffert.de\/blog\/wp-content\/uploads\/2014\/12\/7.jpg 420w, https:\/\/www.sabine-seyffert.de\/blog\/wp-content\/uploads\/2014\/12\/7-300x196.jpg 300w\" sizes=\"auto, (max-width: 420px) 100vw, 420px\" \/><\/a><\/p>\n<p style=\"text-align: center;\">Seine Arbeit ist zu Ende,<br \/>\nvorbereitet ist das Fest.<br \/>\nBald schon kommt die Jahreswende,<br \/>\nder Weihnachtstroll schl\u00e4ft dann schon fest\u2026<\/p>\n<p><a href=\"http:\/\/www.sabine-seyffert.de\/blog\/?page_id=32#urheberrecht\">urheberrechtlich gesch\u00fctzt<\/a>, \u00a9 Sabine Seyffert<\/p>\n","protected":false},"excerpt":{"rendered":"<p>Nun ist er endlich da, der Heilig Abend! Eine aufregende, fr\u00f6hliche und recht kunterbunte Adventszeit liegt jetzt hinter uns. Mal ein wenig hektisch, dann ganz besinnlich, stimmungsvoll und sehr gem\u00fctlich. In jedem Fall hat das lange Warten ein Ende und die vielen Kinderaugen strahlen voller Vorfreude und Aufregung heute ganz besonders hell. Daher ist es&#8230; <a href=\"https:\/\/www.sabine-seyffert.de\/blog\/vom-kleinen-weihnachtstroll\/\" class=\"more-link\">Read more: Vom kleinen Weihnachtstroll\u2026<\/a><\/p>\n","protected":false},"author":2,"featured_media":0,"comment_status":"open","ping_status":"open","sticky":false,"template":"","format":"standard","meta":{"_metis_text_type":"","_metis_text_length":1952,"_post_count":0,"footnotes":""},"categories":[41],"tags":[],"class_list":["post-4981","post","type-post","status-publish","format-standard","hentry","category-weihnachten"],"_links":{"self":[{"href":"https:\/\/www.sabine-seyffert.de\/blog\/wp-json\/wp\/v2\/posts\/4981","targetHints":{"allow":["GET"]}}],"collection":[{"href":"https:\/\/www.sabine-seyffert.de\/blog\/wp-json\/wp\/v2\/posts"}],"about":[{"href":"https:\/\/www.sabine-seyffert.de\/blog\/wp-json\/wp\/v2\/types\/post"}],"author":[{"embeddable":true,"href":"https:\/\/www.sabine-seyffert.de\/blog\/wp-json\/wp\/v2\/users\/2"}],"replies":[{"embeddable":true,"href":"https:\/\/www.sabine-seyffert.de\/blog\/wp-json\/wp\/v2\/comments?post=4981"}],"version-history":[{"count":3,"href":"https:\/\/www.sabine-seyffert.de\/blog\/wp-json\/wp\/v2\/posts\/4981\/revisions"}],"predecessor-version":[{"id":9703,"href":"https:\/\/www.sabine-seyffert.de\/blog\/wp-json\/wp\/v2\/posts\/4981\/revisions\/9703"}],"wp:attachment":[{"href":"https:\/\/www.sabine-seyffert.de\/blog\/wp-json\/wp\/v2\/media?parent=4981"}],"wp:term":[{"taxonomy":"category","embeddable":true,"href":"https:\/\/www.sabine-seyffert.de\/blog\/wp-json\/wp\/v2\/categories?post=4981"},{"taxonomy":"post_tag","embeddable":true,"href":"https:\/\/www.sabine-seyffert.de\/blog\/wp-json\/wp\/v2\/tags?post=4981"}],"curies":[{"name":"wp","href":"https:\/\/api.w.org\/{rel}","templated":true}]}}