{"id":4973,"date":"2014-12-23T07:26:26","date_gmt":"2014-12-23T05:26:26","guid":{"rendered":"http:\/\/www.sabine-seyffert.de\/blog\/?p=4973"},"modified":"2017-03-02T14:26:37","modified_gmt":"2017-03-02T12:26:37","slug":"er-haengt-unser-weihnachtsbaum-2014-diy","status":"publish","type":"post","link":"https:\/\/www.sabine-seyffert.de\/blog\/er-haengt-unser-weihnachtsbaum-2014-diy\/","title":{"rendered":"Er h\u00e4ngt: Unser Weihnachtsbaum 2014 DIY"},"content":{"rendered":"<p style=\"text-align: justify;\"><img loading=\"lazy\" decoding=\"async\" src=\"https:\/\/ssl-vg03.met.vgwort.de\/na\/58581dbab0c644e8bbd6f6a71777ebf5\" alt=\"\" width=\"1\" height=\"1\" \/>Kurz entschlossen haben wir uns in diesem Jahr mal wieder einen eignen Weihnachtsbaum gebastelt, einen wie man ihn in unz\u00e4hligen Varianten derzeit im Netz findet.<\/p>\n<p style=\"text-align: justify;\"><strong>Das wird gebraucht:<\/strong><br \/>\nAllerhand dickere, l\u00e4ngere \u00c4ste, Kordel, eine Astschere sowie Baumschmuck und eine Lichterkette (in unserem Fall mit 60 Lichtern best\u00fcckt)<\/p>\n<p style=\"text-align: center;\"><a href=\"http:\/\/www.sabine-seyffert.de\/blog\/wp-content\/uploads\/2014\/12\/A-01.jpg\"><img loading=\"lazy\" decoding=\"async\" class=\"alignnone size-full wp-image-4974\" src=\"http:\/\/www.sabine-seyffert.de\/blog\/wp-content\/uploads\/2014\/12\/A-01.jpg\" alt=\"A 0\" width=\"800\" height=\"600\" srcset=\"https:\/\/www.sabine-seyffert.de\/blog\/wp-content\/uploads\/2014\/12\/A-01.jpg 800w, https:\/\/www.sabine-seyffert.de\/blog\/wp-content\/uploads\/2014\/12\/A-01-300x225.jpg 300w\" sizes=\"auto, (max-width: 800px) 100vw, 800px\" \/><\/a><\/p>\n<p style=\"text-align: justify;\"><strong>So wird\u2019s gemacht:<\/strong><br \/>\nNachdem die \u00c4ste trocken waren habe ich diese auf einem gro\u00dfen Tisch ausgebreitet. Und zwar ungef\u00e4hr der L\u00e4nge nach. Als alle \u00c4ste am gew\u00fcnschten Platz lagen habe ich mir ein etwa 2 bis 2,5 Meter langes St\u00fcck Kordel abgeschnitten. Das eine Ende habe ich am untersten Ast am Rand festgeknotet. Dann habe ich an der Kordel im gelegten Abstand den n\u00e4chsten Ast am Rand an die Kordel geknotet. Bis man schlie\u00dflich beim obersten Ast angekommen ist. Das restliche etwa 0.5 Meter lange St\u00fcck Kordel l\u00e4sst man erst einmal dran.<\/p>\n<p style=\"text-align: center;\"><a href=\"http:\/\/www.sabine-seyffert.de\/blog\/wp-content\/uploads\/2014\/12\/A-23.jpg\"><img loading=\"lazy\" decoding=\"async\" class=\"alignnone size-full wp-image-4975\" src=\"http:\/\/www.sabine-seyffert.de\/blog\/wp-content\/uploads\/2014\/12\/A-23.jpg\" alt=\"A 2\" width=\"600\" height=\"775\" srcset=\"https:\/\/www.sabine-seyffert.de\/blog\/wp-content\/uploads\/2014\/12\/A-23.jpg 600w, https:\/\/www.sabine-seyffert.de\/blog\/wp-content\/uploads\/2014\/12\/A-23-232x300.jpg 232w\" sizes=\"auto, (max-width: 600px) 100vw, 600px\" \/><\/a><\/p>\n<p style=\"text-align: justify;\">Anschlie\u00dfend geht man mit einem neuen St\u00fcck Kordel an der anderen Seite genauso vor. Die \u00fcberstehenden Kordelenden bindet man oben einfach zu einem festen Knoten und h\u00e4ngt den gro\u00dfen Tannenbaum dann am gew\u00fcnschten Platz an einen langen Nagel auf. Wer mag kann dem Tannenbaum nun mit der Astschere zu Leibe r\u00fccken und die \u00c4ste ggf. korrigieren und an den \u00e4u\u00dferen R\u00e4ndern stutzen. Bis auf zwei Stellen haben wir jedoch keine Korrekturen mehr vornehmen m\u00fcssen. Am besten klappt dies jedenfalls, wenn der Baum h\u00e4ngt, weil man so am besten sehen kann wie die \u00c4ste sitzen. Der Weihnachtsbaum ist wirklich \u201eriesig\u201c und ist fast so gro\u00df wie die T\u00fcr in unmittelbarer N\u00e4he. Das Zusammenbinden, Aufh\u00e4ngen und Korrigieren hat max. 15 Minuten Zeit in Anspruch genommen und geht wirklich ganz fix.<\/p>\n<p style=\"text-align: center;\"><a href=\"http:\/\/www.sabine-seyffert.de\/blog\/wp-content\/uploads\/2014\/12\/Tannenbaum.jpg\"><img loading=\"lazy\" decoding=\"async\" class=\"alignnone size-full wp-image-6611\" src=\"http:\/\/www.sabine-seyffert.de\/blog\/wp-content\/uploads\/2014\/12\/Tannenbaum.jpg\" alt=\"Tannenbaum\" width=\"600\" height=\"841\" srcset=\"https:\/\/www.sabine-seyffert.de\/blog\/wp-content\/uploads\/2014\/12\/Tannenbaum.jpg 600w, https:\/\/www.sabine-seyffert.de\/blog\/wp-content\/uploads\/2014\/12\/Tannenbaum-214x300.jpg 214w\" sizes=\"auto, (max-width: 600px) 100vw, 600px\" \/><\/a><\/p>\n<p style=\"text-align: justify;\">Zum Schluss durfte sich diesmal der Nachwuchs w\u00fcnschen, in welcher Farbe der Baum geschm\u00fcckt werden soll. Die Antwort lautete: Bunt \u2013 Kunterbunt! Allerdings mussten wir daf\u00fcr dann erst einmal einkaufen fahren, da ich nicht wirklich zu der Glitzerfraktion geh\u00f6re und eher den schlichten Look bevorzuge. Entsprechend gab es bei uns bis zu diesem Moment auch keinerlei bunten Weihnachtsschmuck\u2026<\/p>\n<p style=\"text-align: justify;\">Allen Bef\u00fcrchtungen meinerseits zum Trotz \u2013 der Baum glitzert und gl\u00e4nzt nicht nun in den knalligsten Farben sondern scheint sich bei den Hausbewohnern und G\u00e4sten gro\u00dfer Beliebtheit zu erfreuen. Was will man mehr? Weihnachten kann kommen!<\/p>\n<p style=\"text-align: center;\"><a href=\"http:\/\/www.sabine-seyffert.de\/blog\/wp-content\/uploads\/2014\/12\/A-43.jpg\"><img loading=\"lazy\" decoding=\"async\" class=\"alignnone size-full wp-image-4977\" src=\"http:\/\/www.sabine-seyffert.de\/blog\/wp-content\/uploads\/2014\/12\/A-43.jpg\" alt=\"A 4\" width=\"600\" height=\"800\" srcset=\"https:\/\/www.sabine-seyffert.de\/blog\/wp-content\/uploads\/2014\/12\/A-43.jpg 600w, https:\/\/www.sabine-seyffert.de\/blog\/wp-content\/uploads\/2014\/12\/A-43-225x300.jpg 225w\" sizes=\"auto, (max-width: 600px) 100vw, 600px\" \/><\/a><\/p>\n<p style=\"text-align: justify;\">Die Kugeln und Anh\u00e4nger sowie die verschieden gro\u00dfen Zapfen die sich auf meiner Idee hin darunter gemogelt haben, wurden mit ganz d\u00fcnnem Basteldraht an den \u00c4sten befestigt. Zum Schluss einfach die Lichterkette seitlich dar\u00fcber h\u00e4ngen und fertig ist unser DIY Weihnachtsbaum 2014!<\/p>\n<p style=\"text-align: justify;\">Mehr zum Thema Weihnachten gibt es <a href=\"http:\/\/www.sabine-seyffert.de\/blog\/?cat=41\" target=\"_blank\">hier<\/a>, Deko Ideen <a href=\"http:\/\/www.sabine-seyffert.de\/blog\/?cat=12\" target=\"_blank\">dort<\/a> und anderes <a href=\"http:\/\/www.creadienstag.de\/2014\/12\/155.html\" target=\"_blank\">da<\/a>!<\/p>\n<p style=\"text-align: center;\"><a href=\"http:\/\/www.sabine-seyffert.de\/blog\/wp-content\/uploads\/2014\/12\/A-33.jpg\"><img loading=\"lazy\" decoding=\"async\" class=\"alignnone size-full wp-image-4978\" src=\"http:\/\/www.sabine-seyffert.de\/blog\/wp-content\/uploads\/2014\/12\/A-33.jpg\" alt=\"A 3\" width=\"600\" height=\"795\" srcset=\"https:\/\/www.sabine-seyffert.de\/blog\/wp-content\/uploads\/2014\/12\/A-33.jpg 600w, https:\/\/www.sabine-seyffert.de\/blog\/wp-content\/uploads\/2014\/12\/A-33-226x300.jpg 226w\" sizes=\"auto, (max-width: 600px) 100vw, 600px\" \/><\/a><\/p>\n<p style=\"text-align: justify;\"><a href=\"http:\/\/www.sabine-seyffert.de\/blog\/?page_id=32#urheberrecht\">urheberrechtlich gesch\u00fctzt<\/a>, \u00a9 Sabine Seyffert<\/p>\n","protected":false},"excerpt":{"rendered":"<p>Kurz entschlossen haben wir uns in diesem Jahr mal wieder einen eignen Weihnachtsbaum gebastelt, einen wie man ihn in unz\u00e4hligen Varianten derzeit im Netz findet. Das wird gebraucht: Allerhand dickere, l\u00e4ngere \u00c4ste, Kordel, eine Astschere sowie Baumschmuck und eine Lichterkette (in unserem Fall mit 60 Lichtern best\u00fcckt) So wird\u2019s gemacht: Nachdem die \u00c4ste trocken waren&#8230; <a href=\"https:\/\/www.sabine-seyffert.de\/blog\/er-haengt-unser-weihnachtsbaum-2014-diy\/\" class=\"more-link\">Read more: Er h\u00e4ngt: Unser Weihnachtsbaum 2014 DIY<\/a><\/p>\n","protected":false},"author":2,"featured_media":0,"comment_status":"open","ping_status":"open","sticky":false,"template":"","format":"standard","meta":{"_metis_text_type":"","_metis_text_length":2674,"_post_count":0,"footnotes":""},"categories":[41,12,47],"tags":[],"class_list":["post-4973","post","type-post","status-publish","format-standard","hentry","category-weihnachten","category-deko-ideen","category-upcyceltes"],"_links":{"self":[{"href":"https:\/\/www.sabine-seyffert.de\/blog\/wp-json\/wp\/v2\/posts\/4973","targetHints":{"allow":["GET"]}}],"collection":[{"href":"https:\/\/www.sabine-seyffert.de\/blog\/wp-json\/wp\/v2\/posts"}],"about":[{"href":"https:\/\/www.sabine-seyffert.de\/blog\/wp-json\/wp\/v2\/types\/post"}],"author":[{"embeddable":true,"href":"https:\/\/www.sabine-seyffert.de\/blog\/wp-json\/wp\/v2\/users\/2"}],"replies":[{"embeddable":true,"href":"https:\/\/www.sabine-seyffert.de\/blog\/wp-json\/wp\/v2\/comments?post=4973"}],"version-history":[{"count":3,"href":"https:\/\/www.sabine-seyffert.de\/blog\/wp-json\/wp\/v2\/posts\/4973\/revisions"}],"predecessor-version":[{"id":6613,"href":"https:\/\/www.sabine-seyffert.de\/blog\/wp-json\/wp\/v2\/posts\/4973\/revisions\/6613"}],"wp:attachment":[{"href":"https:\/\/www.sabine-seyffert.de\/blog\/wp-json\/wp\/v2\/media?parent=4973"}],"wp:term":[{"taxonomy":"category","embeddable":true,"href":"https:\/\/www.sabine-seyffert.de\/blog\/wp-json\/wp\/v2\/categories?post=4973"},{"taxonomy":"post_tag","embeddable":true,"href":"https:\/\/www.sabine-seyffert.de\/blog\/wp-json\/wp\/v2\/tags?post=4973"}],"curies":[{"name":"wp","href":"https:\/\/api.w.org\/{rel}","templated":true}]}}