{"id":4960,"date":"2014-12-20T10:42:06","date_gmt":"2014-12-20T08:42:06","guid":{"rendered":"http:\/\/www.sabine-seyffert.de\/blog\/?p=4960"},"modified":"2017-03-02T14:27:35","modified_gmt":"2017-03-02T12:27:35","slug":"last-minute-geschenkidee-frohes-fest","status":"publish","type":"post","link":"https:\/\/www.sabine-seyffert.de\/blog\/last-minute-geschenkidee-frohes-fest\/","title":{"rendered":"Last Minute Geschenkidee:  \u201eFrohes Fest\u201c"},"content":{"rendered":"<p style=\"text-align: justify;\"><img loading=\"lazy\" decoding=\"async\" src=\"https:\/\/ssl-vg03.met.vgwort.de\/na\/8d66daa5c9ab4128bf7e8ecb927c322f\" alt=\"\" width=\"1\" height=\"1\" \/>Manchmal sind die spontanen Ideen die allerbesten. Vor allen Dingen wenn sie ganz fix gemacht sind und man mitten im Weihnachtstrubel steckt. So ist bei uns wieder einmal eine <a href=\"http:\/\/www.sabine-seyffert.de\/blog\/?p=3623\" target=\"_blank\">dekorative Sternenkette<\/a> entstanden, die im Handumdrehen gemacht ist. Mit dieser kann man die Wohnung schm\u00fccken, die T\u00fcr dekorieren und auf diese Weise seine G\u00e4ste begr\u00fc\u00dfen oder man kann mit dieser kleinen Girlande <a href=\"http:\/\/www.sabine-seyffert.de\/blog\/?cat=36\" target=\"_blank\">anderen eine Freude<\/a> bereiten. So geschehen in unserem Fall und mit viel Herzblut von der kleinen Tochter gebastelt.<\/p>\n<p style=\"text-align: center;\"><a href=\"http:\/\/www.sabine-seyffert.de\/blog\/wp-content\/uploads\/2014\/12\/B-1.jpg\"><img loading=\"lazy\" decoding=\"async\" class=\"alignnone size-full wp-image-4961\" src=\"http:\/\/www.sabine-seyffert.de\/blog\/wp-content\/uploads\/2014\/12\/B-1.jpg\" alt=\"B 1\" width=\"800\" height=\"600\" srcset=\"https:\/\/www.sabine-seyffert.de\/blog\/wp-content\/uploads\/2014\/12\/B-1.jpg 800w, https:\/\/www.sabine-seyffert.de\/blog\/wp-content\/uploads\/2014\/12\/B-1-300x225.jpg 300w\" sizes=\"auto, (max-width: 800px) 100vw, 800px\" \/><\/a><\/p>\n<p style=\"text-align: justify;\"><strong>Das wird gebraucht:<\/strong><br \/>\nRot-wei\u00dfe Kordel, eine Hei\u00dfklebepistole mit Patrone, Klebstift, einen Motivlocher Stern XXL, einen Motivlocher Kreis (Durchmesser 2,5 cm), rot wei\u00df kariertes Tonpapier, Buchstabenstempel, ein schwarzes Stempelkissen, ein paar rote Holzperlen, eine Schere und ggf. eine kleine T\u00fcte zum Verpacken<\/p>\n<p style=\"text-align: center;\"><a href=\"http:\/\/www.sabine-seyffert.de\/blog\/wp-content\/uploads\/2014\/12\/Fest-6.jpg\"><img loading=\"lazy\" decoding=\"async\" class=\"alignnone size-full wp-image-4962\" src=\"http:\/\/www.sabine-seyffert.de\/blog\/wp-content\/uploads\/2014\/12\/Fest-6.jpg\" alt=\"Fest 6\" width=\"800\" height=\"600\" srcset=\"https:\/\/www.sabine-seyffert.de\/blog\/wp-content\/uploads\/2014\/12\/Fest-6.jpg 800w, https:\/\/www.sabine-seyffert.de\/blog\/wp-content\/uploads\/2014\/12\/Fest-6-300x225.jpg 300w\" sizes=\"auto, (max-width: 800px) 100vw, 800px\" \/><\/a><\/p>\n<p style=\"text-align: justify;\"><strong>So wird\u2019s gemacht:<\/strong><br \/>\nAls erstes stanzt man mit dem Motivlocher 20 wei\u00dfe Sterne aus. Anschlie\u00dfend mit dem runden Lochstanzer 20 Kreise aus dem karierten Papier. Am einfachsten geht es wenn man die Kreise vor dem Zusammensetzen bestempelt. Und zwar in unserem Fall mit dem Schriftzug \u201eFrohes Fest\u201c in 2 facher Ausf\u00fchrung, damit man den Gru\u00df aufh\u00e4ngen und von beiden Seiten gleicherma\u00dfen bewundern kann.<\/p>\n<p style=\"text-align: center;\"><a href=\"http:\/\/www.sabine-seyffert.de\/blog\/wp-content\/uploads\/2014\/12\/Fest-8.jpg\"><img loading=\"lazy\" decoding=\"async\" class=\"alignnone size-full wp-image-4963\" src=\"http:\/\/www.sabine-seyffert.de\/blog\/wp-content\/uploads\/2014\/12\/Fest-8.jpg\" alt=\"Fest 8\" width=\"800\" height=\"600\" srcset=\"https:\/\/www.sabine-seyffert.de\/blog\/wp-content\/uploads\/2014\/12\/Fest-8.jpg 800w, https:\/\/www.sabine-seyffert.de\/blog\/wp-content\/uploads\/2014\/12\/Fest-8-300x225.jpg 300w\" sizes=\"auto, (max-width: 800px) 100vw, 800px\" \/><\/a><\/p>\n<p style=\"text-align: justify;\">Sobald die Stempelfarbe getrocknet ist, klebt man die bestempelten Kreise jeweils mittig auf einen Stern. Damit es gleichm\u00e4\u00dfig aussieht, zeigt bei uns immer eine Zacke nach oben. Daran kann man sich beim Kleben der Buchstaben gut orientieren.<\/p>\n<p style=\"text-align: center;\"><a href=\"http:\/\/www.sabine-seyffert.de\/blog\/wp-content\/uploads\/2014\/12\/Fest-0.jpg\"><img loading=\"lazy\" decoding=\"async\" class=\"alignnone size-full wp-image-4964\" src=\"http:\/\/www.sabine-seyffert.de\/blog\/wp-content\/uploads\/2014\/12\/Fest-0.jpg\" alt=\"Fest 0\" width=\"800\" height=\"600\" srcset=\"https:\/\/www.sabine-seyffert.de\/blog\/wp-content\/uploads\/2014\/12\/Fest-0.jpg 800w, https:\/\/www.sabine-seyffert.de\/blog\/wp-content\/uploads\/2014\/12\/Fest-0-300x225.jpg 300w\" sizes=\"auto, (max-width: 800px) 100vw, 800px\" \/><\/a><\/p>\n<p style=\"text-align: justify;\">Das Kordelende bindet man zu einer kleinen Schlaufe und dann befestigt man als erstes die beiden Sterne mit dem \u201eF\u201c so um die Kordel, dass diese mittig zwischen den Sternen verl\u00e4uft. Am schnellsten geht das mit Hilfe von Hei\u00dfkleber. Man kann aber auch den Klebstift verwenden, sollte in dem Fall die Sterne aber einen Moment gut zusammendr\u00fccken, damit es um der Kordel auch h\u00e4lt.<\/p>\n<p style=\"text-align: center;\"><a href=\"http:\/\/www.sabine-seyffert.de\/blog\/wp-content\/uploads\/2014\/12\/Fest-1.jpg\"><img loading=\"lazy\" decoding=\"async\" class=\"alignnone size-full wp-image-4965\" src=\"http:\/\/www.sabine-seyffert.de\/blog\/wp-content\/uploads\/2014\/12\/Fest-1.jpg\" alt=\"Fest 1\" width=\"800\" height=\"600\" srcset=\"https:\/\/www.sabine-seyffert.de\/blog\/wp-content\/uploads\/2014\/12\/Fest-1.jpg 800w, https:\/\/www.sabine-seyffert.de\/blog\/wp-content\/uploads\/2014\/12\/Fest-1-300x225.jpg 300w\" sizes=\"auto, (max-width: 800px) 100vw, 800px\" \/><\/a><\/p>\n<p style=\"text-align: justify;\">So klebt man Stern f\u00fcr Stern in der richtigen Reihenfolge. Nach dem ersten Wort wanderten bei uns ein paar rote Holzperlen auf die Kordel um die beiden W\u00f6rter sichtbar zu trennen.<\/p>\n<p style=\"text-align: center;\"><a href=\"http:\/\/www.sabine-seyffert.de\/blog\/wp-content\/uploads\/2014\/12\/Fest-4.jpg\"><img loading=\"lazy\" decoding=\"async\" class=\"alignnone size-full wp-image-4966\" src=\"http:\/\/www.sabine-seyffert.de\/blog\/wp-content\/uploads\/2014\/12\/Fest-4.jpg\" alt=\"Fest 4\" width=\"800\" height=\"600\" srcset=\"https:\/\/www.sabine-seyffert.de\/blog\/wp-content\/uploads\/2014\/12\/Fest-4.jpg 800w, https:\/\/www.sabine-seyffert.de\/blog\/wp-content\/uploads\/2014\/12\/Fest-4-300x225.jpg 300w\" sizes=\"auto, (max-width: 800px) 100vw, 800px\" \/><\/a><\/p>\n<p style=\"text-align: justify;\">Am Schluss die Kordel einfach abschneiden und zusammenknoten. Oder eine kleine Weihnachtskugel als kr\u00f6nenden Abschluss daran h\u00e4ngen!<\/p>\n<p style=\"text-align: center;\"><a href=\"http:\/\/www.sabine-seyffert.de\/blog\/wp-content\/uploads\/2014\/12\/Fest-5.jpg\"><img loading=\"lazy\" decoding=\"async\" class=\"alignnone size-full wp-image-4967\" src=\"http:\/\/www.sabine-seyffert.de\/blog\/wp-content\/uploads\/2014\/12\/Fest-5.jpg\" alt=\"Fest 5\" width=\"800\" height=\"548\" srcset=\"https:\/\/www.sabine-seyffert.de\/blog\/wp-content\/uploads\/2014\/12\/Fest-5.jpg 800w, https:\/\/www.sabine-seyffert.de\/blog\/wp-content\/uploads\/2014\/12\/Fest-5-300x205.jpg 300w\" sizes=\"auto, (max-width: 800px) 100vw, 800px\" \/><\/a><\/p>\n<p style=\"text-align: center;\">Viel Spa\u00df beim Weihnachtsendspurt &amp; ein gem\u00fctliches Wochenende!<\/p>\n<p style=\"text-align: justify;\"><a href=\"http:\/\/www.sabine-seyffert.de\/blog\/?page_id=32#urheberrecht\">urheberrechtlich gesch\u00fctzt<\/a>, \u00a9 Sabine Seyffert<\/p>\n","protected":false},"excerpt":{"rendered":"<p>Manchmal sind die spontanen Ideen die allerbesten. Vor allen Dingen wenn sie ganz fix gemacht sind und man mitten im Weihnachtstrubel steckt. So ist bei uns wieder einmal eine dekorative Sternenkette entstanden, die im Handumdrehen gemacht ist. Mit dieser kann man die Wohnung schm\u00fccken, die T\u00fcr dekorieren und auf diese Weise seine G\u00e4ste begr\u00fc\u00dfen oder&#8230; <a href=\"https:\/\/www.sabine-seyffert.de\/blog\/last-minute-geschenkidee-frohes-fest\/\" class=\"more-link\">Read more: Last Minute Geschenkidee:  \u201eFrohes Fest\u201c<\/a><\/p>\n","protected":false},"author":2,"featured_media":0,"comment_status":"open","ping_status":"open","sticky":false,"template":"","format":"standard","meta":{"_metis_text_type":"","_metis_text_length":2269,"_post_count":0,"footnotes":""},"categories":[41,12,36],"tags":[],"class_list":["post-4960","post","type-post","status-publish","format-standard","hentry","category-weihnachten","category-deko-ideen","category-klitzekleine-geschenkideen"],"_links":{"self":[{"href":"https:\/\/www.sabine-seyffert.de\/blog\/wp-json\/wp\/v2\/posts\/4960","targetHints":{"allow":["GET"]}}],"collection":[{"href":"https:\/\/www.sabine-seyffert.de\/blog\/wp-json\/wp\/v2\/posts"}],"about":[{"href":"https:\/\/www.sabine-seyffert.de\/blog\/wp-json\/wp\/v2\/types\/post"}],"author":[{"embeddable":true,"href":"https:\/\/www.sabine-seyffert.de\/blog\/wp-json\/wp\/v2\/users\/2"}],"replies":[{"embeddable":true,"href":"https:\/\/www.sabine-seyffert.de\/blog\/wp-json\/wp\/v2\/comments?post=4960"}],"version-history":[{"count":5,"href":"https:\/\/www.sabine-seyffert.de\/blog\/wp-json\/wp\/v2\/posts\/4960\/revisions"}],"predecessor-version":[{"id":4972,"href":"https:\/\/www.sabine-seyffert.de\/blog\/wp-json\/wp\/v2\/posts\/4960\/revisions\/4972"}],"wp:attachment":[{"href":"https:\/\/www.sabine-seyffert.de\/blog\/wp-json\/wp\/v2\/media?parent=4960"}],"wp:term":[{"taxonomy":"category","embeddable":true,"href":"https:\/\/www.sabine-seyffert.de\/blog\/wp-json\/wp\/v2\/categories?post=4960"},{"taxonomy":"post_tag","embeddable":true,"href":"https:\/\/www.sabine-seyffert.de\/blog\/wp-json\/wp\/v2\/tags?post=4960"}],"curies":[{"name":"wp","href":"https:\/\/api.w.org\/{rel}","templated":true}]}}