{"id":4949,"date":"2014-12-18T11:06:57","date_gmt":"2014-12-18T09:06:57","guid":{"rendered":"http:\/\/www.sabine-seyffert.de\/blog\/?p=4949"},"modified":"2022-12-06T11:21:32","modified_gmt":"2022-12-06T09:21:32","slug":"in-der-weihnachtsbaeckerei-spritzgebaeck","status":"publish","type":"post","link":"https:\/\/www.sabine-seyffert.de\/blog\/in-der-weihnachtsbaeckerei-spritzgebaeck\/","title":{"rendered":"In der Weihnachtsb\u00e4ckerei: Spritzgeb\u00e4ck"},"content":{"rendered":"<p style=\"text-align: justify;\"><img loading=\"lazy\" decoding=\"async\" src=\"https:\/\/ssl-vg03.met.vgwort.de\/na\/9a353a9d2f2e4644a18ccb9058bd4cdb\" alt=\"\" width=\"1\" height=\"1\" \/>Die <a href=\"http:\/\/www.sabine-seyffert.de\/blog\/?p=3318\" target=\"_blank\" rel=\"noopener\">weihnachtliche B\u00e4ckerei<\/a> in unserem Hause l\u00e4uft auf Hochtouren. Mittlerweile haben sich allerhand k\u00f6stliche Weihnachtspl\u00e4tzchen bei uns angesammelt. Hier und da werden in jedem Jahr neue Sorten probiert, getestet und gebacken. Aber eine Pl\u00e4tzchensorte ist seit Jahren ein absolutes Muss: Spritzgeb\u00e4ck!<\/p>\n<p style=\"text-align: center;\"><a href=\"http:\/\/www.sabine-seyffert.de\/blog\/wp-content\/uploads\/2014\/12\/Spritz-1.jpg\"><img loading=\"lazy\" decoding=\"async\" class=\"alignnone size-full wp-image-4950\" src=\"http:\/\/www.sabine-seyffert.de\/blog\/wp-content\/uploads\/2014\/12\/Spritz-1.jpg\" alt=\"Spritz 1\" width=\"800\" height=\"600\" srcset=\"https:\/\/www.sabine-seyffert.de\/blog\/wp-content\/uploads\/2014\/12\/Spritz-1.jpg 800w, https:\/\/www.sabine-seyffert.de\/blog\/wp-content\/uploads\/2014\/12\/Spritz-1-300x225.jpg 300w\" sizes=\"auto, (max-width: 800px) 100vw, 800px\" \/><\/a><\/p>\n<p style=\"text-align: justify;\">Schon als kleines Kind habe ich dieses bei meiner Oma gebacken, den Teig durch den Wolf gedreht, verschiedene Formen aufs Blech gelegt und vom frischen Teig genascht.<\/p>\n<p style=\"text-align: center;\"><a href=\"http:\/\/www.sabine-seyffert.de\/blog\/wp-content\/uploads\/2014\/12\/Spritz-2.jpg\"><img loading=\"lazy\" decoding=\"async\" class=\"alignnone size-full wp-image-4951\" src=\"http:\/\/www.sabine-seyffert.de\/blog\/wp-content\/uploads\/2014\/12\/Spritz-2.jpg\" alt=\"Spritz 2\" width=\"800\" height=\"600\" srcset=\"https:\/\/www.sabine-seyffert.de\/blog\/wp-content\/uploads\/2014\/12\/Spritz-2.jpg 800w, https:\/\/www.sabine-seyffert.de\/blog\/wp-content\/uploads\/2014\/12\/Spritz-2-300x225.jpg 300w\" sizes=\"auto, (max-width: 800px) 100vw, 800px\" \/><\/a><\/p>\n<p style=\"text-align: justify;\"><strong>Das wird gebraucht:<\/strong><br \/>\n550 gr weiche Butter, 400 gr Zucker, 2 P\u00e4ckchen Vanillezucker, 1 kg Mehl, 2 Eier, 1 Tl Backpulver<\/p>\n<p style=\"text-align: center;\"><a href=\"http:\/\/www.sabine-seyffert.de\/blog\/wp-content\/uploads\/2014\/12\/Spritz-3.jpg\"><img loading=\"lazy\" decoding=\"async\" class=\"alignnone size-full wp-image-4952\" src=\"http:\/\/www.sabine-seyffert.de\/blog\/wp-content\/uploads\/2014\/12\/Spritz-3.jpg\" alt=\"Spritz 3\" width=\"800\" height=\"501\" srcset=\"https:\/\/www.sabine-seyffert.de\/blog\/wp-content\/uploads\/2014\/12\/Spritz-3.jpg 800w, https:\/\/www.sabine-seyffert.de\/blog\/wp-content\/uploads\/2014\/12\/Spritz-3-300x187.jpg 300w\" sizes=\"auto, (max-width: 800px) 100vw, 800px\" \/><\/a><\/p>\n<p style=\"text-align: justify;\"><strong>So wird\u2019s gemacht:<\/strong><br \/>\nEine gewaltige Menge Teig, die da zusammenkommt. Aber keine Bange, der Vorteil dieser Pl\u00e4tzchensorte ist, man hat den gro\u00dfen Teigberg innerhalb k\u00fcrzester Zeit durch den Wolf gedreht und zu k\u00f6stlichen Pl\u00e4tzchen verarbeitet. Das geht deutlich schneller als so manche Sorte, die erst zu feinen H\u00f6rnchen geformt werden oder gar ausgestochen werden will! Sozusagen eine echte Last-Minute Pl\u00e4tzchensorte&#8230;<\/p>\n<p style=\"text-align: center;\"><a href=\"http:\/\/www.sabine-seyffert.de\/blog\/wp-content\/uploads\/2014\/12\/Spritz-4.jpg\"><img loading=\"lazy\" decoding=\"async\" class=\"alignnone size-full wp-image-4953\" src=\"http:\/\/www.sabine-seyffert.de\/blog\/wp-content\/uploads\/2014\/12\/Spritz-4.jpg\" alt=\"Spritz 4\" width=\"600\" height=\"800\" srcset=\"https:\/\/www.sabine-seyffert.de\/blog\/wp-content\/uploads\/2014\/12\/Spritz-4.jpg 600w, https:\/\/www.sabine-seyffert.de\/blog\/wp-content\/uploads\/2014\/12\/Spritz-4-225x300.jpg 225w\" sizes=\"auto, (max-width: 600px) 100vw, 600px\" \/><\/a><\/p>\n<p style=\"text-align: justify;\">Trotz der Menge knete ich aus den Zutaten den Teig per Hand. Das dauert allerdings seine Zeit und ist recht m\u00fchsam. Daf\u00fcr mit viel Geduld &amp; Liebe gemacht. Das schmeckt man nat\u00fcrlich auch \ud83d\ude42<\/p>\n<p style=\"text-align: center;\"><a href=\"http:\/\/www.sabine-seyffert.de\/blog\/wp-content\/uploads\/2014\/12\/Spritz-5.jpg\"><img loading=\"lazy\" decoding=\"async\" class=\"alignnone size-full wp-image-4954\" src=\"http:\/\/www.sabine-seyffert.de\/blog\/wp-content\/uploads\/2014\/12\/Spritz-5.jpg\" alt=\"Spritz 5\" width=\"600\" height=\"800\" srcset=\"https:\/\/www.sabine-seyffert.de\/blog\/wp-content\/uploads\/2014\/12\/Spritz-5.jpg 600w, https:\/\/www.sabine-seyffert.de\/blog\/wp-content\/uploads\/2014\/12\/Spritz-5-225x300.jpg 225w\" sizes=\"auto, (max-width: 600px) 100vw, 600px\" \/><\/a><\/p>\n<p style=\"text-align: justify;\">Wenn man eine gro\u00dfe Teigkugel beisammen hat, platziert man diese am Teigwolf und legt sich die Backbleche bereit. In unserem Fall waren das insgesamt 6 Bleche. Am besten macht man das Spritzgeb\u00e4ck zu zweit. Einer kurbelt und f\u00fcllt den Teig nach und der andere legt aus dem Teig die Pl\u00e4tzchen auf das Blech.<\/p>\n<p style=\"text-align: center;\"><a href=\"http:\/\/www.sabine-seyffert.de\/blog\/wp-content\/uploads\/2014\/12\/Spritz-6.jpg\"><img loading=\"lazy\" decoding=\"async\" class=\"alignnone size-full wp-image-4955\" src=\"http:\/\/www.sabine-seyffert.de\/blog\/wp-content\/uploads\/2014\/12\/Spritz-6.jpg\" alt=\"Spritz 6\" width=\"800\" height=\"600\" srcset=\"https:\/\/www.sabine-seyffert.de\/blog\/wp-content\/uploads\/2014\/12\/Spritz-6.jpg 800w, https:\/\/www.sabine-seyffert.de\/blog\/wp-content\/uploads\/2014\/12\/Spritz-6-300x225.jpg 300w\" sizes=\"auto, (max-width: 800px) 100vw, 800px\" \/><\/a><\/p>\n<p style=\"text-align: justify;\">Am liebsten lege ich kleine Kringel. Darin habe ich mittlerweile \u00dcbung und mir gef\u00e4llt es so einfach am besten. In dieser Form zerbrechen die Kekse auch nicht! Bei 150\u00b0 Grad backe ich das Spritzgeb\u00e4ck bis es leicht gebr\u00e4unt ist.<\/p>\n<p style=\"text-align: center;\"><a href=\"http:\/\/www.sabine-seyffert.de\/blog\/wp-content\/uploads\/2014\/12\/Spritz-7.jpg\"><img loading=\"lazy\" decoding=\"async\" class=\"alignnone size-full wp-image-4956\" src=\"http:\/\/www.sabine-seyffert.de\/blog\/wp-content\/uploads\/2014\/12\/Spritz-7.jpg\" alt=\"Spritz 7\" width=\"600\" height=\"800\" srcset=\"https:\/\/www.sabine-seyffert.de\/blog\/wp-content\/uploads\/2014\/12\/Spritz-7.jpg 600w, https:\/\/www.sabine-seyffert.de\/blog\/wp-content\/uploads\/2014\/12\/Spritz-7-225x300.jpg 225w\" sizes=\"auto, (max-width: 600px) 100vw, 600px\" \/><\/a><\/p>\n<p style=\"text-align: justify;\"><strong>Ein kleiner Tipp:<\/strong><br \/>\nMit den kleinen Kringeln kann man sogar dekorieren oder diese als Anh\u00e4nger benutzen. An einem sch\u00f6nen Band sieht es ganz weihnachtlich aus! Nett verpackt eignen sich die leckeren Kekse nat\u00fcrlich auch <a href=\"http:\/\/www.sabine-seyffert.de\/blog\/?cat=36\" target=\"_blank\" rel=\"noopener\">als Geschenk<\/a>.<\/p>\n<p style=\"text-align: center;\"><a href=\"http:\/\/www.sabine-seyffert.de\/blog\/wp-content\/uploads\/2014\/12\/Spritz-8.jpg\"><img loading=\"lazy\" decoding=\"async\" class=\"alignnone size-full wp-image-4957\" src=\"http:\/\/www.sabine-seyffert.de\/blog\/wp-content\/uploads\/2014\/12\/Spritz-8.jpg\" alt=\"Spritz 8\" width=\"800\" height=\"533\" srcset=\"https:\/\/www.sabine-seyffert.de\/blog\/wp-content\/uploads\/2014\/12\/Spritz-8.jpg 800w, https:\/\/www.sabine-seyffert.de\/blog\/wp-content\/uploads\/2014\/12\/Spritz-8-300x199.jpg 300w\" sizes=\"auto, (max-width: 800px) 100vw, 800px\" \/><\/a><\/p>\n<p><a href=\"http:\/\/www.sabine-seyffert.de\/blog\/?page_id=32#urheberrecht\">urheberrechtlich gesch\u00fctzt<\/a>, \u00a9 Sabine Seyffert<\/p>\n","protected":false},"excerpt":{"rendered":"<p>Die weihnachtliche B\u00e4ckerei in unserem Hause l\u00e4uft auf Hochtouren. Mittlerweile haben sich allerhand k\u00f6stliche Weihnachtspl\u00e4tzchen bei uns angesammelt. Hier und da werden in jedem Jahr neue Sorten probiert, getestet und gebacken. Aber eine Pl\u00e4tzchensorte ist seit Jahren ein absolutes Muss: Spritzgeb\u00e4ck! Schon als kleines Kind habe ich dieses bei meiner Oma gebacken, den Teig durch&#8230; <a href=\"https:\/\/www.sabine-seyffert.de\/blog\/in-der-weihnachtsbaeckerei-spritzgebaeck\/\" class=\"more-link\">Read more: In der Weihnachtsb\u00e4ckerei: Spritzgeb\u00e4ck<\/a><\/p>\n","protected":false},"author":2,"featured_media":0,"comment_status":"open","ping_status":"open","sticky":false,"template":"","format":"standard","meta":{"_metis_text_type":"","_metis_text_length":2020,"_post_count":0,"footnotes":""},"categories":[41,31],"tags":[],"class_list":["post-4949","post","type-post","status-publish","format-standard","hentry","category-weihnachten","category-rezepte-suse-kuchen-co"],"_links":{"self":[{"href":"https:\/\/www.sabine-seyffert.de\/blog\/wp-json\/wp\/v2\/posts\/4949","targetHints":{"allow":["GET"]}}],"collection":[{"href":"https:\/\/www.sabine-seyffert.de\/blog\/wp-json\/wp\/v2\/posts"}],"about":[{"href":"https:\/\/www.sabine-seyffert.de\/blog\/wp-json\/wp\/v2\/types\/post"}],"author":[{"embeddable":true,"href":"https:\/\/www.sabine-seyffert.de\/blog\/wp-json\/wp\/v2\/users\/2"}],"replies":[{"embeddable":true,"href":"https:\/\/www.sabine-seyffert.de\/blog\/wp-json\/wp\/v2\/comments?post=4949"}],"version-history":[{"count":4,"href":"https:\/\/www.sabine-seyffert.de\/blog\/wp-json\/wp\/v2\/posts\/4949\/revisions"}],"predecessor-version":[{"id":24784,"href":"https:\/\/www.sabine-seyffert.de\/blog\/wp-json\/wp\/v2\/posts\/4949\/revisions\/24784"}],"wp:attachment":[{"href":"https:\/\/www.sabine-seyffert.de\/blog\/wp-json\/wp\/v2\/media?parent=4949"}],"wp:term":[{"taxonomy":"category","embeddable":true,"href":"https:\/\/www.sabine-seyffert.de\/blog\/wp-json\/wp\/v2\/categories?post=4949"},{"taxonomy":"post_tag","embeddable":true,"href":"https:\/\/www.sabine-seyffert.de\/blog\/wp-json\/wp\/v2\/tags?post=4949"}],"curies":[{"name":"wp","href":"https:\/\/api.w.org\/{rel}","templated":true}]}}