{"id":4934,"date":"2014-12-16T07:05:22","date_gmt":"2014-12-16T05:05:22","guid":{"rendered":"http:\/\/www.sabine-seyffert.de\/blog\/?p=4934"},"modified":"2017-03-02T14:29:20","modified_gmt":"2017-03-02T12:29:20","slug":"ein-gruss-aus-dem-winterwald-diy-fuer-die-weihnachtspost","status":"publish","type":"post","link":"https:\/\/www.sabine-seyffert.de\/blog\/ein-gruss-aus-dem-winterwald-diy-fuer-die-weihnachtspost\/","title":{"rendered":"Ein Gru\u00df aus dem Winterwald \/ DIY f\u00fcr die Weihnachtspost"},"content":{"rendered":"<p style=\"text-align: justify;\"><img loading=\"lazy\" decoding=\"async\" src=\"https:\/\/ssl-vg03.met.vgwort.de\/na\/ce64d1c0014544afb261c2b1f3be416d\" alt=\"\" width=\"1\" height=\"1\" \/>Wenn sich im Dezember der Briefkasten mit weihnachtlicher Post und selbst gebastelten Gr\u00fc\u00dfen f\u00fcllt, schl\u00e4gt mein Herz vor lauter Freude gleich ein paar Takte schneller. So wanderten u.a. ein \u00dcberraschungspaket mit selbst gemachten K\u00f6stlichkeiten von <a href=\"http:\/\/de-hansedeern.blogspot.de\/\" target=\"_blank\">Mickey<\/a> in unser Haus, ein s\u00fc\u00dfer Gru\u00df aus L\u00fcbeck von <a href=\"http:\/\/zuckersuesseaepfel.blogspot.de\/\" target=\"_blank\">Tanja<\/a> und ein Adventskalender von <a href=\"http:\/\/flottelottablau.blogspot.de\/\" target=\"_blank\">Lotta<\/a>!<\/p>\n<p style=\"text-align: center;\"><a href=\"http:\/\/www.sabine-seyffert.de\/blog\/wp-content\/uploads\/2014\/12\/A-12.jpg\"><img loading=\"lazy\" decoding=\"async\" class=\"alignnone size-full wp-image-4935\" src=\"http:\/\/www.sabine-seyffert.de\/blog\/wp-content\/uploads\/2014\/12\/A-12.jpg\" alt=\"A 1\" width=\"800\" height=\"600\" srcset=\"https:\/\/www.sabine-seyffert.de\/blog\/wp-content\/uploads\/2014\/12\/A-12.jpg 800w, https:\/\/www.sabine-seyffert.de\/blog\/wp-content\/uploads\/2014\/12\/A-12-300x225.jpg 300w\" sizes=\"auto, (max-width: 800px) 100vw, 800px\" \/><\/a><\/p>\n<p style=\"text-align: justify;\">Und weil auch unsere Weihnachtspost noch nicht geschrieben ist, habe ich kurzerhand einen Schwung an selbst gemachten Karten gewerkelt um ebenfalls ein wenig Weihnachtszauber in die weite Welt zu tragen.<\/p>\n<p style=\"text-align: center;\"><a href=\"http:\/\/www.sabine-seyffert.de\/blog\/wp-content\/uploads\/2014\/12\/A-22.jpg\"><img loading=\"lazy\" decoding=\"async\" class=\"alignnone size-full wp-image-4936\" src=\"http:\/\/www.sabine-seyffert.de\/blog\/wp-content\/uploads\/2014\/12\/A-22.jpg\" alt=\"A 2\" width=\"800\" height=\"600\" srcset=\"https:\/\/www.sabine-seyffert.de\/blog\/wp-content\/uploads\/2014\/12\/A-22.jpg 800w, https:\/\/www.sabine-seyffert.de\/blog\/wp-content\/uploads\/2014\/12\/A-22-300x225.jpg 300w\" sizes=\"auto, (max-width: 800px) 100vw, 800px\" \/><\/a><\/p>\n<p style=\"text-align: justify;\"><strong>Das wird gebraucht:<\/strong><br \/>\nKraftpapier in Postkartengr\u00f6\u00dfe (notfalls einen gr\u00f6\u00dferen Bogen Kraftpapier in die gew\u00fcnschte Gr\u00f6\u00dfe schneiden!), einen d\u00fcnnen, wei\u00dfen Edding, Klebstoff, wei\u00dfes Tonpapier, ein kleines St\u00fcck wei\u00dfes Transparentpapier, einen Motivlocher Tannenbaum &amp; Schneeflocken (9 mm und 1,5 cm Durchmesser), einen Weihnachtsstempel, ein gut deckendes, wei\u00dfes Stempelkissen, eine Schere<\/p>\n<p style=\"text-align: center;\"><a href=\"http:\/\/www.sabine-seyffert.de\/blog\/wp-content\/uploads\/2014\/12\/A-32.jpg\"><img loading=\"lazy\" decoding=\"async\" class=\"alignnone size-full wp-image-4937\" src=\"http:\/\/www.sabine-seyffert.de\/blog\/wp-content\/uploads\/2014\/12\/A-32.jpg\" alt=\"A 3\" width=\"800\" height=\"600\" srcset=\"https:\/\/www.sabine-seyffert.de\/blog\/wp-content\/uploads\/2014\/12\/A-32.jpg 800w, https:\/\/www.sabine-seyffert.de\/blog\/wp-content\/uploads\/2014\/12\/A-32-300x225.jpg 300w\" sizes=\"auto, (max-width: 800px) 100vw, 800px\" \/><\/a><\/p>\n<p style=\"text-align: justify;\"><strong>So wird\u2019s gemacht:<\/strong><br \/>\nF\u00fcr die Karte habe ich aus wei\u00dfem Tonpapier kleine Tannenb\u00e4ume ausgestanzt und am unteren Rand aufgeklebt. Zwischen die B\u00e4ume habe ich einen Weihnachtsbaum aus Transparentpapier gesetzt. In eine Ecke habe ich aus dem wei\u00dfen Papier einige Schneeflocken in verschiedene Gr\u00f6\u00dfen geklebt, die ich zuvor ausgestanzt habe.<\/p>\n<p style=\"text-align: center;\"><a href=\"http:\/\/www.sabine-seyffert.de\/blog\/wp-content\/uploads\/2014\/12\/A-42.jpg\"><img loading=\"lazy\" decoding=\"async\" class=\"alignnone size-full wp-image-4938\" src=\"http:\/\/www.sabine-seyffert.de\/blog\/wp-content\/uploads\/2014\/12\/A-42.jpg\" alt=\"A 4\" width=\"800\" height=\"600\" srcset=\"https:\/\/www.sabine-seyffert.de\/blog\/wp-content\/uploads\/2014\/12\/A-42.jpg 800w, https:\/\/www.sabine-seyffert.de\/blog\/wp-content\/uploads\/2014\/12\/A-42-300x225.jpg 300w\" sizes=\"auto, (max-width: 800px) 100vw, 800px\" \/><\/a><\/p>\n<p style=\"text-align: justify;\">Jetzt kommt der wei\u00dfe Fineliner \/ Edding zum Einsatz um etwas mehr Winterzauber auf die Karte zu bringen. Hiermit habe ich dem Tannenbaum aus Transparentpapier unz\u00e4hlige Mini P\u00fcnktchen als Schneeflocken gemalt bzw. getupft und um die anderen B\u00e4ume herum ebenfalls einen kleinen Schneekranz aus Punkten.<\/p>\n<p style=\"text-align: center;\"><a href=\"http:\/\/www.sabine-seyffert.de\/blog\/wp-content\/uploads\/2014\/12\/A-52.jpg\"><img loading=\"lazy\" decoding=\"async\" class=\"alignnone size-full wp-image-4939\" src=\"http:\/\/www.sabine-seyffert.de\/blog\/wp-content\/uploads\/2014\/12\/A-52.jpg\" alt=\"A 5\" width=\"800\" height=\"600\" srcset=\"https:\/\/www.sabine-seyffert.de\/blog\/wp-content\/uploads\/2014\/12\/A-52.jpg 800w, https:\/\/www.sabine-seyffert.de\/blog\/wp-content\/uploads\/2014\/12\/A-52-300x225.jpg 300w\" sizes=\"auto, (max-width: 800px) 100vw, 800px\" \/><\/a><\/p>\n<p style=\"text-align: justify;\">Zwischen die Schneeflocken habe ich per Hand wahlweise kleinere Eiskristalle oder auch Sternchen gezeichnet und zwischendrin auch hier wei\u00dfe Schneeflocken Punkte verteilt.<\/p>\n<p style=\"text-align: center;\"><a href=\"http:\/\/www.sabine-seyffert.de\/blog\/wp-content\/uploads\/2014\/12\/A-8.jpg\"><img loading=\"lazy\" decoding=\"async\" class=\"alignnone size-full wp-image-4940\" src=\"http:\/\/www.sabine-seyffert.de\/blog\/wp-content\/uploads\/2014\/12\/A-8.jpg\" alt=\"A 8\" width=\"800\" height=\"600\" srcset=\"https:\/\/www.sabine-seyffert.de\/blog\/wp-content\/uploads\/2014\/12\/A-8.jpg 800w, https:\/\/www.sabine-seyffert.de\/blog\/wp-content\/uploads\/2014\/12\/A-8-300x225.jpg 300w\" sizes=\"auto, (max-width: 800px) 100vw, 800px\" \/><\/a><\/p>\n<p style=\"text-align: justify;\">Jetzt kommt der einfache Teil \u2013 in der noch \u201eleeren\u201c Ecke der Weihnachtskarte einfach einen weihnachtlichen Stempelabdruck hinterlassen.<br \/>\nDann auf der R\u00fcckseite die Weihnachtsgr\u00fc\u00dfe notieren und ab geht die Post\u2026<\/p>\n<p style=\"text-align: center;\"><a href=\"http:\/\/www.sabine-seyffert.de\/blog\/wp-content\/uploads\/2014\/12\/A-62.jpg\"><img loading=\"lazy\" decoding=\"async\" class=\"alignnone size-full wp-image-4941\" src=\"http:\/\/www.sabine-seyffert.de\/blog\/wp-content\/uploads\/2014\/12\/A-62.jpg\" alt=\"A 6\" width=\"800\" height=\"600\" srcset=\"https:\/\/www.sabine-seyffert.de\/blog\/wp-content\/uploads\/2014\/12\/A-62.jpg 800w, https:\/\/www.sabine-seyffert.de\/blog\/wp-content\/uploads\/2014\/12\/A-62-300x225.jpg 300w\" sizes=\"auto, (max-width: 800px) 100vw, 800px\" \/><\/a><\/p>\n<p style=\"text-align: justify;\">Weitere Ideen rund um die Weihnachtszeit gibt es <a href=\"http:\/\/www.sabine-seyffert.de\/blog\/?cat=41\" target=\"_blank\">hier<\/a>, klitzekleine Geschenkideen <a href=\"http:\/\/www.sabine-seyffert.de\/blog\/?cat=36\" target=\"_blank\">dort<\/a> und andere kreative Dinge <a href=\"http:\/\/www.creadienstag.de\/2014\/12\/154.html\" target=\"_blank\">da<\/a>!<\/p>\n<p style=\"text-align: center;\"><a href=\"http:\/\/www.sabine-seyffert.de\/blog\/wp-content\/uploads\/2014\/12\/A-71.jpg\"><img loading=\"lazy\" decoding=\"async\" class=\"alignnone size-full wp-image-4942\" src=\"http:\/\/www.sabine-seyffert.de\/blog\/wp-content\/uploads\/2014\/12\/A-71.jpg\" alt=\"A 7\" width=\"800\" height=\"600\" srcset=\"https:\/\/www.sabine-seyffert.de\/blog\/wp-content\/uploads\/2014\/12\/A-71.jpg 800w, https:\/\/www.sabine-seyffert.de\/blog\/wp-content\/uploads\/2014\/12\/A-71-300x225.jpg 300w\" sizes=\"auto, (max-width: 800px) 100vw, 800px\" \/><\/a><\/p>\n<p><a href=\"http:\/\/www.sabine-seyffert.de\/blog\/?page_id=32#urheberrecht\">urheberrechtlich gesch\u00fctzt<\/a>, \u00a9 Sabine Seyffert<\/p>\n","protected":false},"excerpt":{"rendered":"<p>Wenn sich im Dezember der Briefkasten mit weihnachtlicher Post und selbst gebastelten Gr\u00fc\u00dfen f\u00fcllt, schl\u00e4gt mein Herz vor lauter Freude gleich ein paar Takte schneller. So wanderten u.a. ein \u00dcberraschungspaket mit selbst gemachten K\u00f6stlichkeiten von Mickey in unser Haus, ein s\u00fc\u00dfer Gru\u00df aus L\u00fcbeck von Tanja und ein Adventskalender von Lotta! Und weil auch unsere&#8230; <a href=\"https:\/\/www.sabine-seyffert.de\/blog\/ein-gruss-aus-dem-winterwald-diy-fuer-die-weihnachtspost\/\" class=\"more-link\">Read more: Ein Gru\u00df aus dem Winterwald \/ DIY f\u00fcr die Weihnachtspost<\/a><\/p>\n","protected":false},"author":2,"featured_media":0,"comment_status":"open","ping_status":"open","sticky":false,"template":"","format":"standard","meta":{"_metis_text_type":"","_metis_text_length":2121,"_post_count":0,"footnotes":""},"categories":[41,51],"tags":[],"class_list":["post-4934","post","type-post","status-publish","format-standard","hentry","category-weihnachten","category-postkarten-grusskarten"],"_links":{"self":[{"href":"https:\/\/www.sabine-seyffert.de\/blog\/wp-json\/wp\/v2\/posts\/4934","targetHints":{"allow":["GET"]}}],"collection":[{"href":"https:\/\/www.sabine-seyffert.de\/blog\/wp-json\/wp\/v2\/posts"}],"about":[{"href":"https:\/\/www.sabine-seyffert.de\/blog\/wp-json\/wp\/v2\/types\/post"}],"author":[{"embeddable":true,"href":"https:\/\/www.sabine-seyffert.de\/blog\/wp-json\/wp\/v2\/users\/2"}],"replies":[{"embeddable":true,"href":"https:\/\/www.sabine-seyffert.de\/blog\/wp-json\/wp\/v2\/comments?post=4934"}],"version-history":[{"count":6,"href":"https:\/\/www.sabine-seyffert.de\/blog\/wp-json\/wp\/v2\/posts\/4934\/revisions"}],"predecessor-version":[{"id":9704,"href":"https:\/\/www.sabine-seyffert.de\/blog\/wp-json\/wp\/v2\/posts\/4934\/revisions\/9704"}],"wp:attachment":[{"href":"https:\/\/www.sabine-seyffert.de\/blog\/wp-json\/wp\/v2\/media?parent=4934"}],"wp:term":[{"taxonomy":"category","embeddable":true,"href":"https:\/\/www.sabine-seyffert.de\/blog\/wp-json\/wp\/v2\/categories?post=4934"},{"taxonomy":"post_tag","embeddable":true,"href":"https:\/\/www.sabine-seyffert.de\/blog\/wp-json\/wp\/v2\/tags?post=4934"}],"curies":[{"name":"wp","href":"https:\/\/api.w.org\/{rel}","templated":true}]}}