{"id":492,"date":"2013-02-20T13:58:45","date_gmt":"2013-02-20T11:58:45","guid":{"rendered":"http:\/\/www.sabine-seyffert.de\/blog\/?p=492"},"modified":"2015-09-21T18:38:46","modified_gmt":"2015-09-21T16:38:46","slug":"februar-bilder","status":"publish","type":"post","link":"https:\/\/www.sabine-seyffert.de\/blog\/februar-bilder\/","title":{"rendered":"Februar Bilder"},"content":{"rendered":"<p style=\"text-align: justify;\"><img loading=\"lazy\" decoding=\"async\" src=\"https:\/\/ssl-vg03.met.vgwort.de\/na\/a2caf1ab828e4c58848e0acf5d81982c\" alt=\"\" width=\"1\" height=\"1\" \/>Das Jahr hat erst vor einigen Wochen begonnen und somit bleibt mir zum Gl\u00fcck noch Zeit mich in das spannende Projekt von <a href=\"http:\/\/www.tabea-heinicker.blogspot.de\/2013\/02\/der-erste-vergleich-zeigt-her-eure-fotos.html\" target=\"_blank\">Tabea Heinicker<\/a> einzureihen, dass sie ins Leben gerufen hat: <em>12tel Blick<\/em>. Bei dieser Idee geht es darum in allen zw\u00f6lf Monaten diesen Jahres einen bestimmten Punkt im Blick zu haben und dessen Wandel im Laufe des Jahres zu beobachten. Da ich der Meinung bin, dass auch die kleinen Dinge im Leben wichtig sind und man \u00f6fter mal \u201eentschleunigen\u201c und innehalten sollte, gef\u00e4llt mir die Idee ausgesprochen gut. Vor allem, weil man im Alltag viel zu oft von Zeit geplagt von einem Termin hin und her hetzt. Dabei gibt es soviel Sch\u00f6nes zu entdecken. Man muss nur bereit daf\u00fcr sein und mit offenen Augen durch das Leben laufen.<\/p>\n<p><a href=\"http:\/\/www.sabine-seyffert.de\/blog\/wp-content\/uploads\/2013\/02\/Mittwoche-3.jpg\"><img loading=\"lazy\" decoding=\"async\" class=\"size-full wp-image-496 aligncenter\" src=\"http:\/\/www.sabine-seyffert.de\/blog\/wp-content\/uploads\/2013\/02\/Mittwoche-3.jpg\" alt=\"Mittwoche 3\" width=\"517\" height=\"388\" srcset=\"https:\/\/www.sabine-seyffert.de\/blog\/wp-content\/uploads\/2013\/02\/Mittwoche-3.jpg 800w, https:\/\/www.sabine-seyffert.de\/blog\/wp-content\/uploads\/2013\/02\/Mittwoche-3-300x225.jpg 300w\" sizes=\"auto, (max-width: 517px) 100vw, 517px\" \/><\/a><\/p>\n<p style=\"text-align: justify;\">Spontan habe ich mir ein St\u00fcck Wald ausgeschaut, dessen Foto mich im <a href=\"http:\/\/www.sabine-seyffert.de\/blog\/?p=415\" target=\"_blank\">Januar<\/a> sehr angesprochen hat. Jedoch hatte ich gro\u00dfe Schwierigkeiten genau diese Stelle wiederzufinden, da ohne die wahren Schneemassen alles vollkommen anders aussieht. So grau und trostlos. Ich hoffe sehr, dieses Motiv bekommt im n\u00e4chsten Monat ihren Charme zur\u00fcck&#8230;<\/p>\n<p><a href=\"http:\/\/www.sabine-seyffert.de\/blog\/wp-content\/uploads\/2013\/02\/12tel-Blick-Januar-Fabruar-2013-richtig.jpg\"><img loading=\"lazy\" decoding=\"async\" class=\"size-full wp-image-493 aligncenter\" src=\"http:\/\/www.sabine-seyffert.de\/blog\/wp-content\/uploads\/2013\/02\/12tel-Blick-Januar-Fabruar-2013-richtig.jpg\" alt=\"12tel Blick Januar Fabruar 2013 richtig\" width=\"849\" height=\"566\" srcset=\"https:\/\/www.sabine-seyffert.de\/blog\/wp-content\/uploads\/2013\/02\/12tel-Blick-Januar-Fabruar-2013-richtig.jpg 1200w, https:\/\/www.sabine-seyffert.de\/blog\/wp-content\/uploads\/2013\/02\/12tel-Blick-Januar-Fabruar-2013-richtig-300x200.jpg 300w, https:\/\/www.sabine-seyffert.de\/blog\/wp-content\/uploads\/2013\/02\/12tel-Blick-Januar-Fabruar-2013-richtig-1024x682.jpg 1024w\" sizes=\"auto, (max-width: 849px) 100vw, 849px\" \/><\/a><br \/>\nHeute Vormittag bin ich eine morgendliche Runde gegangen. Es war wieder winterlich kalt, wie es sich f\u00fcr die Jahreszeit ja eigentlich auch geh\u00f6rt, aber wundersch\u00f6n. Da ich heute Morgen ausnahmsweise ganz allein unterwegs war, habe ich mir spontan meinen Fotoapparat geschnappt, der als treuer Begleiter mit dabei durfte. Allerdings sind meine Finger halb erfroren, weil ich st\u00e4ndig fotografiert habe um die Morgensonne, den winterlichen Himmel, den Reif auf Moos, Steinen, Bl\u00e4ttern u.a.m. einzufangen\u2026<\/p>\n<p><a href=\"http:\/\/www.sabine-seyffert.de\/blog\/wp-content\/uploads\/2013\/02\/T\u00fcr-Jacobi-Januar-Februar.jpg\"><img loading=\"lazy\" decoding=\"async\" class=\"size-full wp-image-501 aligncenter\" src=\"http:\/\/www.sabine-seyffert.de\/blog\/wp-content\/uploads\/2013\/02\/T\u00fcr-Jacobi-Januar-Februar.jpg\" alt=\"T\u00fcr Jacobi Januar Februar\" width=\"821\" height=\"550\" \/><\/a><\/p>\n<p>Es gab soviel Kleinigkeiten zu entdecken, die mich total fasziniert haben. Hier und da konnte man tats\u00e4chlich schon den Fr\u00fchling erahnen, da manche B\u00fcsche bereits die ersten gr\u00fcnen Bl\u00e4tter zeigten, wenn auch nur ganz zaghaft. Besonders sch\u00f6n fand ich die kleinen Wassertropfen, die als Mini Eiszapfen Zweige, Knospen und eine Hecke zierten. Und die ich bedauerlicherweise mit meiner Kamera kaum einfangen konnte, da ich fototechnisch leider so gar keine Fachfrau bin und die Bilder sich trotz etlicher Versuche nicht so recht scharf stellen wollten.<\/p>\n<p><a href=\"http:\/\/www.sabine-seyffert.de\/blog\/wp-content\/uploads\/2013\/02\/Mittwoche-2.jpg\"><img loading=\"lazy\" decoding=\"async\" class=\"size-full wp-image-495 aligncenter\" src=\"http:\/\/www.sabine-seyffert.de\/blog\/wp-content\/uploads\/2013\/02\/Mittwoche-2.jpg\" alt=\"Mittwoche 2\" width=\"580\" height=\"436\" srcset=\"https:\/\/www.sabine-seyffert.de\/blog\/wp-content\/uploads\/2013\/02\/Mittwoche-2.jpg 800w, https:\/\/www.sabine-seyffert.de\/blog\/wp-content\/uploads\/2013\/02\/Mittwoche-2-300x225.jpg 300w\" sizes=\"auto, (max-width: 580px) 100vw, 580px\" \/><\/a><\/p>\n<p><a href=\"http:\/\/www.sabine-seyffert.de\/blog\/?page_id=32#urheberrecht\">urherrechtlich gesch\u00fctzt<\/a>, \u00a9 Sabine Seyffert<\/p>\n","protected":false},"excerpt":{"rendered":"<p>Das Jahr hat erst vor einigen Wochen begonnen und somit bleibt mir zum Gl\u00fcck noch Zeit mich in das spannende Projekt von Tabea Heinicker einzureihen, dass sie ins Leben gerufen hat: 12tel Blick. Bei dieser Idee geht es darum in allen zw\u00f6lf Monaten diesen Jahres einen bestimmten Punkt im Blick zu haben und dessen Wandel&#8230; <a href=\"https:\/\/www.sabine-seyffert.de\/blog\/februar-bilder\/\" class=\"more-link\">Read more: Februar Bilder<\/a><\/p>\n","protected":false},"author":1,"featured_media":0,"comment_status":"open","ping_status":"open","sticky":false,"template":"","format":"standard","meta":{"_metis_text_type":"","_metis_text_length":2181,"_post_count":0,"footnotes":""},"categories":[22],"tags":[],"class_list":["post-492","post","type-post","status-publish","format-standard","hentry","category-winter"],"_links":{"self":[{"href":"https:\/\/www.sabine-seyffert.de\/blog\/wp-json\/wp\/v2\/posts\/492","targetHints":{"allow":["GET"]}}],"collection":[{"href":"https:\/\/www.sabine-seyffert.de\/blog\/wp-json\/wp\/v2\/posts"}],"about":[{"href":"https:\/\/www.sabine-seyffert.de\/blog\/wp-json\/wp\/v2\/types\/post"}],"author":[{"embeddable":true,"href":"https:\/\/www.sabine-seyffert.de\/blog\/wp-json\/wp\/v2\/users\/1"}],"replies":[{"embeddable":true,"href":"https:\/\/www.sabine-seyffert.de\/blog\/wp-json\/wp\/v2\/comments?post=492"}],"version-history":[{"count":9,"href":"https:\/\/www.sabine-seyffert.de\/blog\/wp-json\/wp\/v2\/posts\/492\/revisions"}],"predecessor-version":[{"id":6145,"href":"https:\/\/www.sabine-seyffert.de\/blog\/wp-json\/wp\/v2\/posts\/492\/revisions\/6145"}],"wp:attachment":[{"href":"https:\/\/www.sabine-seyffert.de\/blog\/wp-json\/wp\/v2\/media?parent=492"}],"wp:term":[{"taxonomy":"category","embeddable":true,"href":"https:\/\/www.sabine-seyffert.de\/blog\/wp-json\/wp\/v2\/categories?post=492"},{"taxonomy":"post_tag","embeddable":true,"href":"https:\/\/www.sabine-seyffert.de\/blog\/wp-json\/wp\/v2\/tags?post=492"}],"curies":[{"name":"wp","href":"https:\/\/api.w.org\/{rel}","templated":true}]}}