{"id":4880,"date":"2014-12-02T06:54:46","date_gmt":"2014-12-02T04:54:46","guid":{"rendered":"http:\/\/www.sabine-seyffert.de\/blog\/?p=4880"},"modified":"2022-12-02T19:53:33","modified_gmt":"2022-12-02T17:53:33","slug":"herzlich-willkommen-im-winterdorf-diy","status":"publish","type":"post","link":"https:\/\/www.sabine-seyffert.de\/blog\/herzlich-willkommen-im-winterdorf-diy\/","title":{"rendered":"Herzlich Willkommen im Winterdorf \/ DIY"},"content":{"rendered":"<p style=\"text-align: center;\"><a href=\"http:\/\/www.sabine-seyffert.de\/blog\/wp-content\/uploads\/2014\/12\/A-0.jpg\"><img loading=\"lazy\" decoding=\"async\" class=\"alignnone size-full wp-image-4882\" src=\"http:\/\/www.sabine-seyffert.de\/blog\/wp-content\/uploads\/2014\/12\/A-0.jpg\" alt=\"A 0\" width=\"800\" height=\"600\" srcset=\"https:\/\/www.sabine-seyffert.de\/blog\/wp-content\/uploads\/2014\/12\/A-0.jpg 800w, https:\/\/www.sabine-seyffert.de\/blog\/wp-content\/uploads\/2014\/12\/A-0-300x225.jpg 300w\" sizes=\"auto, (max-width: 800px) 100vw, 800px\" \/><\/a><\/p>\n<p style=\"text-align: justify;\"><img loading=\"lazy\" decoding=\"async\" src=\"https:\/\/ssl-vg03.met.vgwort.de\/na\/3a55bcae18c84a729ff383e18badd7c3\" alt=\"\" width=\"1\" height=\"1\" \/>Unsere K\u00fcchent\u00fcr brauchte passend zur Vorweihnachtszeit mal wieder eine passende Deko. Da mir unsere <a href=\"http:\/\/www.sabine-seyffert.de\/blog\/?p=2903\" target=\"_blank\" rel=\"noopener\">leuchtenden H\u00e4user<\/a> aus dem letzten Jahr ausgesprochen gut gefielen, (dies ist \u00fcbrigens einer der beliebtesten Posts auf diesem Blog :-)) wollte ich eine ganz \u00e4hnliche Deko. Wie gut, dass von unserem <a href=\"http:\/\/www.sabine-seyffert.de\/blog\/?p=4809\" target=\"_blank\" rel=\"noopener\">Fuchs<\/a> noch wei\u00dfes Transparentpapier \u00fcbrig geblieben war. Und aus einer aufgebrauchten Packpapierrolle blieb ein St\u00fcck graues Papier \u00fcbrig, das als Innenteil gedient hat. Also konnte ich mich gleich ans Werk machen\u2026<\/p>\n<p style=\"text-align: center;\"><a href=\"http:\/\/www.sabine-seyffert.de\/blog\/wp-content\/uploads\/2014\/12\/A.jpg\"><img loading=\"lazy\" decoding=\"async\" class=\"alignnone size-full wp-image-4883\" src=\"http:\/\/www.sabine-seyffert.de\/blog\/wp-content\/uploads\/2014\/12\/A.jpg\" alt=\"A\" width=\"800\" height=\"600\" srcset=\"https:\/\/www.sabine-seyffert.de\/blog\/wp-content\/uploads\/2014\/12\/A.jpg 800w, https:\/\/www.sabine-seyffert.de\/blog\/wp-content\/uploads\/2014\/12\/A-300x225.jpg 300w\" sizes=\"auto, (max-width: 800px) 100vw, 800px\" \/><\/a><\/p>\n<p style=\"text-align: justify;\"><strong>Das wird gebraucht:<\/strong><br \/>\nWei\u00dfes Transparentpapier in Gr\u00f6\u00dfe des gew\u00fcnschten Fensters, Transparentpapierreste in wei\u00df, wei\u00dfer Tonkarton, ein Bastelmesser \/ Cutter, Klebstoff, eine Schere, wei\u00dfe Tortenspitze \/ Untersetzer (klein) aus Papier, einen wei\u00dfes Edding, ganz d\u00fcnne Pappe oder Packpapier, Tapetenkleister, einen breiten Pinsel, ein Blatt wei\u00dfes Papier, einen Motivlocher Stern<\/p>\n<p style=\"text-align: center;\"><a href=\"http:\/\/www.sabine-seyffert.de\/blog\/wp-content\/uploads\/2014\/12\/A-1.jpg\"><img loading=\"lazy\" decoding=\"async\" class=\"alignnone size-full wp-image-4884\" src=\"http:\/\/www.sabine-seyffert.de\/blog\/wp-content\/uploads\/2014\/12\/A-1.jpg\" alt=\"A 1\" width=\"600\" height=\"800\" srcset=\"https:\/\/www.sabine-seyffert.de\/blog\/wp-content\/uploads\/2014\/12\/A-1.jpg 600w, https:\/\/www.sabine-seyffert.de\/blog\/wp-content\/uploads\/2014\/12\/A-1-225x300.jpg 225w\" sizes=\"auto, (max-width: 600px) 100vw, 600px\" \/><\/a><\/p>\n<p style=\"text-align: justify;\"><strong>So wird\u2019s gemacht:<\/strong><br \/>\nAls erstes schneidet man das Transparentpapier in die genaue Gr\u00f6\u00dfe des Fensters. Bei uns war ein gro\u00dfer Bogen Papier n\u00f6tig. Aus den Papierresten habe ich ein paar \u201eH\u00fcgel\u201c per Hand ausgeschnitten, die ich etwas versetzt in die untere Ecke geklebt habe. Dadurch ist der \u201eSchnee\u201c leicht schattiert und wirkt als Collage plastischer.<\/p>\n<p style=\"text-align: center;\"><a href=\"http:\/\/www.sabine-seyffert.de\/blog\/wp-content\/uploads\/2014\/12\/A-3.jpg\"><img loading=\"lazy\" decoding=\"async\" class=\"alignnone size-full wp-image-4885\" src=\"http:\/\/www.sabine-seyffert.de\/blog\/wp-content\/uploads\/2014\/12\/A-3.jpg\" alt=\"A 3\" width=\"600\" height=\"800\" srcset=\"https:\/\/www.sabine-seyffert.de\/blog\/wp-content\/uploads\/2014\/12\/A-3.jpg 600w, https:\/\/www.sabine-seyffert.de\/blog\/wp-content\/uploads\/2014\/12\/A-3-225x300.jpg 225w\" sizes=\"auto, (max-width: 600px) 100vw, 600px\" \/><\/a><\/p>\n<p style=\"text-align: justify;\">Aus dem Tonkarton habe ich einige H\u00e4user geschnitten und damit diese leuchten auch Fenster \/ T\u00fcren hinein geschnitten. Das geht am besten mit einem Bastelmesser.<\/p>\n<p style=\"text-align: center;\"><a href=\"http:\/\/www.sabine-seyffert.de\/blog\/wp-content\/uploads\/2014\/12\/A-2.jpg\"><img loading=\"lazy\" decoding=\"async\" class=\"alignnone size-full wp-image-4886\" src=\"http:\/\/www.sabine-seyffert.de\/blog\/wp-content\/uploads\/2014\/12\/A-2.jpg\" alt=\"A 2\" width=\"800\" height=\"600\" srcset=\"https:\/\/www.sabine-seyffert.de\/blog\/wp-content\/uploads\/2014\/12\/A-2.jpg 800w, https:\/\/www.sabine-seyffert.de\/blog\/wp-content\/uploads\/2014\/12\/A-2-300x225.jpg 300w\" sizes=\"auto, (max-width: 800px) 100vw, 800px\" \/><\/a><\/p>\n<p style=\"text-align: justify;\">Hinter einigen Fenstern habe ich Gardinen aus Tortenspitze geklebt. Au\u00dfer den verschiedenen H\u00e4usern sollte passend zur Adventszeit noch ein kleiner Tannenwald auf das gro\u00dfe Fensterbild wandern.<\/p>\n<p style=\"text-align: center;\"><a href=\"http:\/\/www.sabine-seyffert.de\/blog\/wp-content\/uploads\/2014\/12\/A-4.jpg\"><img loading=\"lazy\" decoding=\"async\" class=\"alignnone size-full wp-image-4887\" src=\"http:\/\/www.sabine-seyffert.de\/blog\/wp-content\/uploads\/2014\/12\/A-4.jpg\" alt=\"A 4\" width=\"800\" height=\"580\" srcset=\"https:\/\/www.sabine-seyffert.de\/blog\/wp-content\/uploads\/2014\/12\/A-4.jpg 800w, https:\/\/www.sabine-seyffert.de\/blog\/wp-content\/uploads\/2014\/12\/A-4-300x217.jpg 300w\" sizes=\"auto, (max-width: 800px) 100vw, 800px\" \/><\/a><\/p>\n<p style=\"text-align: justify;\">Dazu habe ich aus den \u00fcbrig gebliebenen Transparentpapierresten, Tonkarton und der d\u00fcnnen Pappe etliche Tannenb\u00e4ume geschnitten: Kleine, gro\u00dfe, dicke, d\u00fcnne\u2026 Die Tannen aus der grauen Pappe habe ich mit wei\u00dfem Edding (\u00e4hnlich wie <a href=\"http:\/\/www.sabine-seyffert.de\/blog\/?p=752\" target=\"_blank\" rel=\"noopener\">hier<\/a>) winterlich aufgepeppt, in dem ich filigrane Muster darauf gemalt habe. Zum Schluss habe ich aus den restlichen wei\u00dfen Papierschnipseln noch eine handvoll kleiner Sterne gestanzt.<\/p>\n<p style=\"text-align: center;\"><a href=\"http:\/\/www.sabine-seyffert.de\/blog\/wp-content\/uploads\/2014\/12\/A-5.jpg\"><img loading=\"lazy\" decoding=\"async\" class=\"alignnone size-full wp-image-4888\" src=\"http:\/\/www.sabine-seyffert.de\/blog\/wp-content\/uploads\/2014\/12\/A-5.jpg\" alt=\"A 5\" width=\"800\" height=\"625\" srcset=\"https:\/\/www.sabine-seyffert.de\/blog\/wp-content\/uploads\/2014\/12\/A-5.jpg 800w, https:\/\/www.sabine-seyffert.de\/blog\/wp-content\/uploads\/2014\/12\/A-5-300x234.jpg 300w\" sizes=\"auto, (max-width: 800px) 100vw, 800px\" \/><\/a><\/p>\n<p style=\"text-align: justify;\">Als alle Motive fertig waren, habe ich das T\u00fcrfenster komplett mit Tapetenkleister bestrichen (detaillierte Anleitung <a href=\"http:\/\/www.sabine-seyffert.de\/blog\/?p=1587\" target=\"_blank\" rel=\"noopener\">hier<\/a>) und den Bogen Transparentpapier darauf geklebt.<\/p>\n<p style=\"text-align: center;\"><a href=\"http:\/\/www.sabine-seyffert.de\/blog\/wp-content\/uploads\/2014\/12\/A-9.jpg\"><img loading=\"lazy\" decoding=\"async\" class=\"alignnone size-full wp-image-4889\" src=\"http:\/\/www.sabine-seyffert.de\/blog\/wp-content\/uploads\/2014\/12\/A-9.jpg\" alt=\"A 9\" width=\"800\" height=\"584\" srcset=\"https:\/\/www.sabine-seyffert.de\/blog\/wp-content\/uploads\/2014\/12\/A-9.jpg 800w, https:\/\/www.sabine-seyffert.de\/blog\/wp-content\/uploads\/2014\/12\/A-9-300x219.jpg 300w\" sizes=\"auto, (max-width: 800px) 100vw, 800px\" \/><\/a><\/p>\n<p style=\"text-align: justify;\">Sobald der Bogen h\u00e4lt kann man mit Hilfe von normalem Kleber die vorbereiteten H\u00e4user, H\u00fcgel und den Tannenwald aufkleben und an der gew\u00fcnschten Stelle platzieren. Dann noch einige Sterne zwischen das Winterdorf und der Abend kann kommen. Denn sobald das Licht in der K\u00fcche angeht, leuchtet das Winterdorf ganz zauberhaft\u2026<\/p>\n<p style=\"text-align: center;\"><a href=\"http:\/\/www.sabine-seyffert.de\/blog\/wp-content\/uploads\/2014\/12\/A-6.jpg\"><img loading=\"lazy\" decoding=\"async\" class=\"alignnone size-full wp-image-4890\" src=\"http:\/\/www.sabine-seyffert.de\/blog\/wp-content\/uploads\/2014\/12\/A-6.jpg\" alt=\"A 6\" width=\"800\" height=\"634\" srcset=\"https:\/\/www.sabine-seyffert.de\/blog\/wp-content\/uploads\/2014\/12\/A-6.jpg 800w, https:\/\/www.sabine-seyffert.de\/blog\/wp-content\/uploads\/2014\/12\/A-6-300x237.jpg 300w\" sizes=\"auto, (max-width: 800px) 100vw, 800px\" \/><\/a><\/p>\n<p style=\"text-align: justify;\">Mehr Ideen zur Adventszeit gibt es in <a href=\"http:\/\/www.sabine-seyffert.de\/blog\/?cat=41\" target=\"_blank\" rel=\"noopener\">dieser Rubrik<\/a> und <a href=\"http:\/\/www.creadienstag.de\/2014\/11\/152.html\" target=\"_blank\" rel=\"noopener\">Anke<\/a> sammelt wie jeden Dienstag weitere Ideen.<\/p>\n<p style=\"text-align: center;\"><a href=\"http:\/\/www.sabine-seyffert.de\/blog\/wp-content\/uploads\/2014\/12\/A-7.jpg\"><img loading=\"lazy\" decoding=\"async\" class=\"alignnone size-full wp-image-4891\" src=\"http:\/\/www.sabine-seyffert.de\/blog\/wp-content\/uploads\/2014\/12\/A-7.jpg\" alt=\"A 7\" width=\"600\" height=\"624\" srcset=\"https:\/\/www.sabine-seyffert.de\/blog\/wp-content\/uploads\/2014\/12\/A-7.jpg 600w, https:\/\/www.sabine-seyffert.de\/blog\/wp-content\/uploads\/2014\/12\/A-7-288x300.jpg 288w\" sizes=\"auto, (max-width: 600px) 100vw, 600px\" \/><\/a><br \/>\n<a href=\"http:\/\/www.sabine-seyffert.de\/blog\/?page_id=32#urheberrecht\">urheberrechtlich gesch\u00fctzt<\/a>, \u00a9 Sabine Seyffert<\/p>\n","protected":false},"excerpt":{"rendered":"<p>Unsere K\u00fcchent\u00fcr brauchte passend zur Vorweihnachtszeit mal wieder eine passende Deko. Da mir unsere leuchtenden H\u00e4user aus dem letzten Jahr ausgesprochen gut gefielen, (dies ist \u00fcbrigens einer der beliebtesten Posts auf diesem Blog :-)) wollte ich eine ganz \u00e4hnliche Deko. Wie gut, dass von unserem Fuchs noch wei\u00dfes Transparentpapier \u00fcbrig geblieben war. Und aus einer&#8230; <a href=\"https:\/\/www.sabine-seyffert.de\/blog\/herzlich-willkommen-im-winterdorf-diy\/\" class=\"more-link\">Read more: Herzlich Willkommen im Winterdorf \/ DIY<\/a><\/p>\n","protected":false},"author":2,"featured_media":0,"comment_status":"open","ping_status":"open","sticky":false,"template":"","format":"standard","meta":{"_metis_text_type":"","_metis_text_length":2655,"_post_count":0,"footnotes":""},"categories":[41,12,22],"tags":[],"class_list":["post-4880","post","type-post","status-publish","format-standard","hentry","category-weihnachten","category-deko-ideen","category-winter"],"_links":{"self":[{"href":"https:\/\/www.sabine-seyffert.de\/blog\/wp-json\/wp\/v2\/posts\/4880","targetHints":{"allow":["GET"]}}],"collection":[{"href":"https:\/\/www.sabine-seyffert.de\/blog\/wp-json\/wp\/v2\/posts"}],"about":[{"href":"https:\/\/www.sabine-seyffert.de\/blog\/wp-json\/wp\/v2\/types\/post"}],"author":[{"embeddable":true,"href":"https:\/\/www.sabine-seyffert.de\/blog\/wp-json\/wp\/v2\/users\/2"}],"replies":[{"embeddable":true,"href":"https:\/\/www.sabine-seyffert.de\/blog\/wp-json\/wp\/v2\/comments?post=4880"}],"version-history":[{"count":8,"href":"https:\/\/www.sabine-seyffert.de\/blog\/wp-json\/wp\/v2\/posts\/4880\/revisions"}],"predecessor-version":[{"id":24549,"href":"https:\/\/www.sabine-seyffert.de\/blog\/wp-json\/wp\/v2\/posts\/4880\/revisions\/24549"}],"wp:attachment":[{"href":"https:\/\/www.sabine-seyffert.de\/blog\/wp-json\/wp\/v2\/media?parent=4880"}],"wp:term":[{"taxonomy":"category","embeddable":true,"href":"https:\/\/www.sabine-seyffert.de\/blog\/wp-json\/wp\/v2\/categories?post=4880"},{"taxonomy":"post_tag","embeddable":true,"href":"https:\/\/www.sabine-seyffert.de\/blog\/wp-json\/wp\/v2\/tags?post=4880"}],"curies":[{"name":"wp","href":"https:\/\/api.w.org\/{rel}","templated":true}]}}